{"id":75394,"date":"2026-08-25T23:14:58","date_gmt":"2026-08-26T02:14:58","guid":{"rendered":"https:\/\/guialimeira.com.br\/?p=75394"},"modified":"2026-08-25T23:14:58","modified_gmt":"2026-08-26T02:14:58","slug":"mendonca-propoe-tese-para-julgamento-sobre-deep-fake-no-tse","status":"publish","type":"post","link":"https:\/\/guialimeira.com.br\/news\/mendonca-propoe-tese-para-julgamento-sobre-deep-fake-no-tse\/","title":{"rendered":"Mendon\u00e7a prop\u00f5e tese para julgamento sobre deep fake no TSE"},"content":{"rendered":"<p> <br \/>\n<\/p>\n<div>\n<p><strong>O ministro Andr\u00e9 Mendon\u00e7a, do Tribunal Superior Eleitoral (TSE), prop\u00f4s nesta ter\u00e7a-feira (25) uma tese jur\u00eddica para balizar os julgamentos sobre uso ilegal de <em>deep fake<\/em> nas redes sociais durante a campanha eleitoral.\u00a0<\/strong><img data-recalc-dims=\"1\" decoding=\"async\" src=\"https:\/\/i0.wp.com\/agenciabrasil.ebc.com.br\/ebc.png?w=696&#038;ssl=1\" style=\"width:1px;height:1px;display:inline\" \/><img data-recalc-dims=\"1\" decoding=\"async\" src=\"https:\/\/i0.wp.com\/agenciabrasil.ebc.com.br\/ebc.gif?w=696&#038;ssl=1\" style=\"width:1px;height:1px;display:inline\" \/><\/p>\n<p>As <em>deep fakes<\/em> ocorrem pela cria\u00e7\u00e3o de conte\u00fado artificial para prejudicar candidatos. A divulga\u00e7\u00e3o desse tipo de conte\u00fado \u00e9 proibida pelo TSE.<\/p>\n<p>No entendimento de Mendon\u00e7a, <strong>\u00e9 preciso diferenciar o conte\u00fado sint\u00e9tico produzido por IA, que tem regras estabelecidas pela Corte, e casos de<em> deep fake<\/em>, para garantir a seguran\u00e7a jur\u00eddica das decis\u00f5es<\/strong>.<\/p>\n<p>&#8220;Considera-se <em>deep fake<\/em> o conte\u00fado sint\u00e9tico de \u00e1udio, v\u00eddeo ou combina\u00e7\u00e3o de ambos que, mediante cria\u00e7\u00e3o, substitui\u00e7\u00e3o ou altera\u00e7\u00e3o digital de imagem ou voz, apresente grau de realismo ou verossimilhan\u00e7a objetivamente apto a produzir falsa percep\u00e7\u00e3o de autenticidade quanto a manifesta\u00e7\u00e3o, comportamento, fato ou circunst\u00e2ncia representados&#8221;, prop\u00f4s o ministro.<\/p>\n<p>A proposta foi apresentada pelo ministro em uma decis\u00e3o em que determinou a remo\u00e7\u00e3o de um\u00a0v\u00eddeo com imagens do candidato \u00e0 Presid\u00eancia da Rep\u00fablica Fl\u00e1vio Bolsonaro (PL). Na a\u00e7\u00e3o, a campanha do candidato\u00a0argumentou\u00a0que as cenas eram\u00a0falsas e foram produzidas por intelig\u00eancia artificial (IA). No processo,\u00a0o ministro diz que<strong>\u00a0<\/strong>a suspens\u00e3o\u00a0\u00e9 necess\u00e1ria por n\u00e3o apresentar registros reais do candidato.<\/p>\n<h2>Reuni\u00e3o<\/h2>\n<p>Na semana passada, os ministros do TSE come\u00e7aram a discutir combate \u00e0s <em>deep fake <\/em>na campanha. A reuni\u00e3o foi convocada pelo presidente do TSE, Kassio Nunes Marques, para que os ministros possam definir como ser\u00e1 a atua\u00e7\u00e3o do tribunal nessa quest\u00e3o.<\/p>\n<p>O encontro ocorreu a portas fechadas e n\u00e3o houve declara\u00e7\u00f5es oficiais. A expectativa \u00e9 que a delibera\u00e7\u00e3o sobre o tema seja colocada em pr\u00e1tica nas pr\u00f3ximas sess\u00f5es, quando o TSE vai decidir os primeiros casos envolvendo <em>deep fakes<\/em> na campanha deste ano.<\/p>\n<h2>Regras<\/h2>\n<p>Em mar\u00e7o deste ano, o TSE aprovou regras sobre utiliza\u00e7\u00e3o de intelig\u00eancia artificial durante as elei\u00e7\u00f5es gerais de outubro. As normas valem para candidatos e partidos. Os ministros proibiram que provedores de IA permitam, ainda que solicitado pelos usu\u00e1rios, sugest\u00f5es de candidatos para votar.<\/p>\n<p>O objetivo \u00e9 evitar a interfer\u00eancia de algoritmos na livre escolha dos eleitores.<\/p>\n<p>Para combater a misoginia digital, o TSE proibiu postagens nas redes sociais com montagens envolvendo candidatas e fotos e v\u00eddeos com nudez e pornografia. A Corte Eleitoral tamb\u00e9m reafirmou que os provedores de internet poder\u00e3o ser responsabilizados pela Justi\u00e7a se n\u00e3o retirarem perfis falsos e postagens ilegais de seus usu\u00e1rios.<\/p>\n<p>      <!-- Relacionada --><\/p>\n<p>            <!-- Relacionada -->\n    <\/div>\n<p><br \/>\n<br \/><a href=\"https:\/\/agenciabrasil.ebc.com.br\/justica\/noticia\/2026-08\/mendonca-propoe-tese-para-julgamento-sobre-deep-fake-no-tse\" rel=\"noopener\">Informa\u00e7\u00f5es com a Ag\u00eancia Brasil<\/a><\/p>\n","protected":false},"excerpt":{"rendered":"<p>O ministro Andr\u00e9 Mendon\u00e7a, do Tribunal Superior Eleitoral (TSE), prop\u00f4s nesta ter\u00e7a-feira (25) uma tese jur\u00eddica para balizar os julgamentos sobre uso ilegal de deep fake nas redes sociais durante a campanha eleitoral.\u00a0 As deep fakes ocorrem pela cria\u00e7\u00e3o de conte\u00fado artificial para prejudicar candidatos. A divulga\u00e7\u00e3o desse tipo de conte\u00fado \u00e9 proibida pelo TSE. [&hellip;]<\/p>\n","protected":false},"author":1,"featured_media":74484,"comment_status":"closed","ping_status":"open","sticky":false,"template":"","format":"standard","meta":{"_jetpack_newsletter_access":"","_jetpack_dont_email_post_to_subs":false,"_jetpack_newsletter_tier_id":0,"_jetpack_memberships_contains_paywalled_content":false,"_mbp_banners":[],"_jetpack_feature_clip_id":0,"_jetpack_memberships_contains_paid_content":false,"footnotes":"","jetpack_publicize_message":"","jetpack_publicize_feature_enabled":true,"jetpack_social_post_already_shared":true,"jetpack_social_options":{"image_generator_settings":{"template":"highway","default_image_id":0,"font":"","enabled":false},"version":2},"jetpack_post_was_ever_published":false},"categories":[22],"tags":[],"class_list":["post-75394","post","type-post","status-publish","format-standard","has-post-thumbnail","category-nacional"],"jetpack_publicize_connections":[],"jetpack-related-posts":[],"jetpack_shortlink":"https:\/\/wp.me\/p7Eq1F-jC2","jetpack_sharing_enabled":true,"jetpack_featured_media_url":"https:\/\/i0.wp.com\/guialimeira.com.br\/news\/wp-content\/uploads\/2026\/08\/dji_20260716174410_0332_d.jpg?fit=1600%2C800&ssl=1","_links":{"self":[{"href":"https:\/\/guialimeira.com.br\/news\/wp-json\/wp\/v2\/posts\/75394","targetHints":{"allow":["GET"]}}],"collection":[{"href":"https:\/\/guialimeira.com.br\/news\/wp-json\/wp\/v2\/posts"}],"about":[{"href":"https:\/\/guialimeira.com.br\/news\/wp-json\/wp\/v2\/types\/post"}],"author":[{"embeddable":true,"href":"https:\/\/guialimeira.com.br\/news\/wp-json\/wp\/v2\/users\/1"}],"replies":[{"embeddable":true,"href":"https:\/\/guialimeira.com.br\/news\/wp-json\/wp\/v2\/comments?post=75394"}],"version-history":[{"count":1,"href":"https:\/\/guialimeira.com.br\/news\/wp-json\/wp\/v2\/posts\/75394\/revisions"}],"predecessor-version":[{"id":75395,"href":"https:\/\/guialimeira.com.br\/news\/wp-json\/wp\/v2\/posts\/75394\/revisions\/75395"}],"wp:featuredmedia":[{"embeddable":true,"href":"https:\/\/guialimeira.com.br\/news\/wp-json\/wp\/v2\/media\/74484"}],"wp:attachment":[{"href":"https:\/\/guialimeira.com.br\/news\/wp-json\/wp\/v2\/media?parent=75394"}],"wp:term":[{"taxonomy":"category","embeddable":true,"href":"https:\/\/guialimeira.com.br\/news\/wp-json\/wp\/v2\/categories?post=75394"},{"taxonomy":"post_tag","embeddable":true,"href":"https:\/\/guialimeira.com.br\/news\/wp-json\/wp\/v2\/tags?post=75394"}],"curies":[{"name":"wp","href":"https:\/\/api.w.org\/{rel}","templated":true}]}}