{"id":75392,"date":"2026-08-25T22:13:33","date_gmt":"2026-08-26T01:13:33","guid":{"rendered":"https:\/\/guialimeira.com.br\/?p=75392"},"modified":"2026-08-25T22:13:33","modified_gmt":"2026-08-26T01:13:33","slug":"veja-como-foi-a-terca-feira-25-dos-candidatos-a-presidente","status":"publish","type":"post","link":"https:\/\/guialimeira.com.br\/news\/veja-como-foi-a-terca-feira-25-dos-candidatos-a-presidente\/","title":{"rendered":"Veja como foi a ter\u00e7a-feira (25) dos candidatos a presidente"},"content":{"rendered":"<p> <br \/>\n<\/p>\n<div>\n<p>A agenda dos candidatos \u00e0 Presid\u00eancia da Rep\u00fablica nesta ter\u00e7a-feira (25) incluiu sabatinas, entrevistas \u00e0 imprensa e participa\u00e7\u00e3o em f\u00f3runs e eventos de campanha.\u00a0<img data-recalc-dims=\"1\" decoding=\"async\" src=\"https:\/\/i0.wp.com\/agenciabrasil.ebc.com.br\/ebc.png?w=696&#038;ssl=1\" style=\"width:1px;height:1px;display:inline\" \/><img data-recalc-dims=\"1\" decoding=\"async\" src=\"https:\/\/i0.wp.com\/agenciabrasil.ebc.com.br\/ebc.gif?w=696&#038;ssl=1\" style=\"width:1px;height:1px;display:inline\" \/><\/p>\n<h2>&gt;&gt; Veja como foi a ter\u00e7a-feira (25) dos presidenci\u00e1veis:\u00a0<\/h2>\n<p><strong>Fl\u00e1vio Bolsonaro (PL)<\/strong><br \/>O candidato Fl\u00e1vio Bolsonaro cumpriu agenda de campanha em Macei\u00f3, onde teve reuni\u00e3o com empres\u00e1rios do setor produtivo\u00a0e participou de uma carreata.<\/p>\n<p>Ele disse que, se eleito, pretende investir no Nordeste para ampliar a produ\u00e7\u00e3o\u00a0de alimentos, como ocorreu no Centro-oeste.<\/p>\n<p>\u201cPodemos trazer \u00e1gua de verdade para o povo nordestino e tamb\u00e9m para o nosso agro para que possa prosperar. Olhar para o Nordeste para que, no futuro, seja o maior produtor de alimentos do mundo\u201d, disse.<\/p>\n<p>Fl\u00e1vio Bolsonaro participou tamb\u00e9m\u00a0da Conven\u00e7\u00e3o dos Ministros das Assembleias de Deus.<\/p>\n<p><strong>Hertz Dias (PSTU)<\/strong><br \/>O candidato Hertz Dias concedeu\u00a0entrevista ao Monitor Mercantil. Ele defendeu mais direitos aos\u00a0trabalhadores de aplicativos.\u00a0<\/p>\n<p>&#8220;Milh\u00f5es de pessoas dependem dos aplicativos para sobreviver, mas trabalham sem direitos, sem prote\u00e7\u00e3o social e submetidas a algoritmos que determinam sua renda sem qualquer transpar\u00eancia&#8221;, disse.<\/p>\n<p>Na parte da tarde,\u00a0o candidato e apoiadores\u00a0fizeram\u00a0panfletagem no Vale do Anhangaba\u00fa, no centro de S\u00e3o Paulo.<\/p>\n<p><strong>Luiz In\u00e1cio Lula da Silva (PT)<\/strong><br \/>O candidato<strong>\u00a0<\/strong>Luiz In\u00e1cio Lula da Silva n\u00e3o teve\u00a0agenda de campanha.\u00a0<\/p>\n<p>Nas redes sociais, ele reiterou o posicionamento favor\u00e1vel ao fim da escala 6 por 1, que est\u00e1 sob an\u00e1lise do Senado.\u00a0<\/p>\n<p>\u201cVamos acabar com essa jornada escrava de trabalho\u201d, disse, em v\u00eddeo.<\/p>\n<p><strong>Renan Santos (Miss\u00e3o)<\/strong><br \/>O candidato Renan Santos\u00a0criticou o modelo atual das emendas parlamentares, ao participar de evento da\u00a0Associa\u00e7\u00e3o Brasileira da Infraestrutura e Ind\u00fastrias de Base (Abdib),\u00a0na capital paulista.\u00a0\u00a0<\/p>\n<div class=\"dnd-widget-wrapper context-medio_4colunas type-image atom-align-left\">\n<div class=\"dnd-atom-rendered\"><!-- scald=472608:medio_4colunas {\"additionalClasses\":\"\"} --><br \/>\n            <img data-recalc-dims=\"1\" decoding=\"async\" src=\"https:\/\/i0.wp.com\/imagens.ebc.com.br\/WyWjrLj6sA5ZqxYkwgiy7m2DHMA%3D\/365x0\/smart\/https%3A\/\/agenciabrasil.ebc.com.br\/sites\/default\/files\/thumbnails\/image\/2026\/08\/25\/_int4595-5.jpg?w=696&#038;ssl=1\" alt=\"S\u00e3o Paulo (SP)-25\/08\/2026 . O candidato Renan Santos participa do ABDIB F\u00f3rum ELEI\u00c7\u00d5ES 2026\nna Villa Blue Tree Transatl\u00e2ntico .\nFoto: Paulo Pinto\/Agencia Brasil\" title=\"Paulo Pinto\/ Ag\u00eancia Brasil\" \/><br \/>\n        <img data-recalc-dims=\"1\" decoding=\"async\" src=\"https:\/\/i0.wp.com\/imagens.ebc.com.br\/WyWjrLj6sA5ZqxYkwgiy7m2DHMA%3D\/365x0\/smart\/https%3A\/\/agenciabrasil.ebc.com.br\/sites\/default\/files\/thumbnails\/image\/2026\/08\/25\/_int4595-5.jpg?w=696&#038;ssl=1\" alt=\"S\u00e3o Paulo (SP)-25\/08\/2026 . O candidato Renan Santos participa do ABDIB F\u00f3rum ELEI\u00c7\u00d5ES 2026\nna Villa Blue Tree Transatl\u00e2ntico .\nFoto: Paulo Pinto\/Agencia Brasil\" title=\"Paulo Pinto\/ Ag\u00eancia Brasil\" \/><br \/>\n    <!-- END scald=472608 --><\/div>\n<p><h6 class=\"meta\"><!--copyright=472608-->S\u00e3o Paulo (SP)-25\/08\/2026 . Renan Santos participa de evento da Abdib para candidatos a presidente.<strong> Foto: Paulo Pinto\/Ag\u00eancia Brasil<\/strong><!--END copyright=472608--><\/h6>\n<\/p>\n<\/div>\n<p>Ele defendeu a regulamenta\u00e7\u00e3o e um sistema de\u00a0fiscaliza\u00e7\u00e3o por meio de um Procurador-Geral da Rep\u00fablica independente.<\/p>\n<p>\u201cO Congresso Nacional n\u00e3o se importa com projeto, com nenhum tema nacional, s\u00f3 se importa com emenda\u201d, disse<\/p>\n<p><strong>Romeu Zema (Novo)<\/strong><br \/>O candidato Romeu Zema visitou a comunidade Tavares Bastos,\u00a0na zona sul do Rio de Janeiro, onde se reuniu com moradores para discutir o tema\u00a0da\u00a0seguran\u00e7a p\u00fablica.<\/p>\n<p>Ele\u00a0apresentou propostas voltadas ao combate ao crime organizado, com foco na retomada de \u00e1reas sob influ\u00eancia de fac\u00e7\u00f5es criminosas.\u00a0<\/p>\n<p>Depois, participou de sabatina dos jornais\u00a0<em>O Globo<\/em> e <em>Valor<\/em>\u00a0e da r\u00e1dio\u00a0<em>CBN<\/em>.<\/p>\n<p><strong>Ronaldo Caiado (PSD)<\/strong><br \/>O candidato Ronaldo Caiado defendeu\u00a0que as solu\u00e7\u00f5es para os problemas no setor de energia (gera\u00e7\u00e3o, transmiss\u00e3o e distribui\u00e7\u00e3o) devem\u00a0ocorrer em parceria com a iniciativa privada.<\/p>\n<p>\u201cEles [iniciativa privada] \u00e9 que estar\u00e3o \u00e0 frente nessa responsabilidade de levar a esses vazios no Brasil uma condi\u00e7\u00e3o de energia capaz de industrializar a regi\u00e3o, de poder irrigar essa regi\u00e3o e poder, ao mesmo tempo, ser motivador para que a pessoa possa ter a sua iniciativa\u201d, disse, ao participar do evento da Abdib, na capital paulista.<\/p>\n<div class=\"dnd-widget-wrapper context-medio_4colunas type-image atom-align-left\">\n<div class=\"dnd-atom-rendered\"><!-- scald=472590:medio_4colunas {\"additionalClasses\":\"\"} --><br \/>\n            <img data-recalc-dims=\"1\" decoding=\"async\" src=\"https:\/\/i0.wp.com\/imagens.ebc.com.br\/bPUDEwYy0gwSFVahyv393-PaWnk%3D\/365x0\/smart\/https%3A\/\/agenciabrasil.ebc.com.br\/sites\/default\/files\/thumbnails\/image\/2026\/08\/25\/_int4339-11.jpg?w=696&#038;ssl=1\" alt=\"S\u00e3o Paulo (SP)-25\/08\/2026 . O candidato Ronaldo Caiado participa do ABDIB F\u00f3rum ELEI\u00c7\u00d5ES 2026, na Villa Blue Tree Transatl\u00e2ntico .\nFoto: Paulo Pinto\/Ag\u00eancia Brasil\" title=\"Paulo Pinto\/ Ag\u00eancia Brasil\" \/><br \/>\n        <img data-recalc-dims=\"1\" decoding=\"async\" src=\"https:\/\/i0.wp.com\/imagens.ebc.com.br\/bPUDEwYy0gwSFVahyv393-PaWnk%3D\/365x0\/smart\/https%3A\/\/agenciabrasil.ebc.com.br\/sites\/default\/files\/thumbnails\/image\/2026\/08\/25\/_int4339-11.jpg?w=696&#038;ssl=1\" alt=\"S\u00e3o Paulo (SP)-25\/08\/2026 . O candidato Ronaldo Caiado participa do ABDIB F\u00f3rum ELEI\u00c7\u00d5ES 2026, na Villa Blue Tree Transatl\u00e2ntico .\nFoto: Paulo Pinto\/Ag\u00eancia Brasil\" title=\"Paulo Pinto\/ Ag\u00eancia Brasil\" \/><br \/>\n    <!-- END scald=472590 --><\/div>\n<p><h6 class=\"meta\"><!--copyright=472590-->S\u00e3o Paulo (SP)-25\/08\/2026. Ronaldo Caiado participa de evento da Abdib para candidatos a presidente. <strong>Foto:<\/strong>\u00a0<strong>Paulo Pinto\/Ag\u00eancia Brasil<\/strong><!--END copyright=472590--><\/h6>\n<\/p>\n<\/div>\n<p>\u00c0s 21h, participa de sabatina na TV Globo.\u00a0<\/p>\n<p><strong>Rui Costa Pimenta (PCO)<\/strong><br \/>O candidato Rui Costa Pimenta\u00a0foi entrevistado pelo programa An\u00e1lise da 3\u00aa, veiculado pelo canal no YouTube da R\u00e1dio Causa Oper\u00e1ria.<\/p>\n<p>Ele\u00a0participou de reuni\u00e3o com a executiva nacional do PCO\u00a0e concedeu entrevista ao Canal do Galo Preto, tamb\u00e9m no Youtube.<\/p>\n<p><strong>Samara Martins (UP)<\/strong><br \/>A candidata cumpriu agenda de campanha em Aracaju, onde participou de panfletagem e caminhada com trabalhadores.<\/p>\n<p>\u00c0 noite, Samara participou de plen\u00e1ria com apoiadores\u00a0na Ocupa\u00e7\u00e3o\u00a0Jo\u00e3o Mulungu, que fica em um pr\u00e9dio abandonado da Universidade Federal de Sergipe (UFS) e onde residem mais de 30 fam\u00edlias.<\/p>\n<p>A candidata manifestou apoio \u00e0s fam\u00edlias e defendeu\u00a0a organiza\u00e7\u00e3o\u00a0popular. &#8220;\u00c9 preciso que o povo esteja organizado, que o povo esteja em luta para transformar a sua pr\u00f3pria realidade, &#8221; disse.<\/p>\n<p><strong>Wilson Grassi (Democrata)<\/strong><br \/>O candidato participou de reuni\u00f5es internas de campanha e de entrevista ao portal Terra.<\/p>\n<p><strong>Augusto Cury (Avante)<\/strong><br \/>O candidato Augusto Cury participou de\u00a0uma sabatina no Grupo Thathi\/Novabrasil, em que defendeu a\u00a0ado\u00e7\u00e3o do sistema semi-presidencialista no pa\u00eds.\u00a0<\/p>\n<p>\u201cTemos que provocar o Congresso para mudar o regime, para que o presidente fique no estrat\u00e9gico e que o primeiro-ministro possa gerir essa na\u00e7\u00e3o com responsabilidade\u201d, disse.<\/p>\n<p>Ap\u00f3s a sabatina, Cury viajou para Minas Gerais, onde participou de evento de lan\u00e7amento da campanha no estado.<\/p>\n<p><strong>Clariana Bar\u00e3o (DC)<\/strong><br \/>A candidata Clariana Bar\u00e3o concedeu entrevistas a\u00a0portais de not\u00edcias em Bras\u00edlia. Ela defendeu reformas estruturais no pa\u00eds, em especial a previdenci\u00e1ria.\u00a0<\/p>\n<p>Ela disse que, se eleita, criar\u00e1 centros integrados de atendimento \u00e0 viol\u00eancia dom\u00e9stica, com o objetivo de incentivar as mulheres a fazerem den\u00fancias contra agressores.<\/p>\n<p>\u201cEsse centro ter\u00e1 uma delegacia 24 horas de atendimento \u00e0 mulher; e um posto do IML para poder atend\u00ea-la no exame de corpo e delito imediatamente&#8221;, afirmou.<\/p>\n<p><strong>Edmilson Costa (PCB)<\/strong>\u00a0<br \/>O candidato n\u00e3o divulgou agenda de campanha.<\/p>\n<p>Ap\u00f3s decis\u00e3o do Tribunal Superior Eleitoral (TSE), o candidato\u00a0Pablo Mar\u00e7al (PRTB)\u00a0est\u00e1 proibido de fazer campanha eleitoral, comparecer a debates e participar do hor\u00e1rio eleitoral no r\u00e1dio e na TV.\u00a0<\/p>\n<p>A ordem de apresenta\u00e7\u00e3o da cobertura da agenda dos candidatos a presidente segue\u00a0rod\u00edzio di\u00e1rio em ordem alfab\u00e9tica.<\/p>\n<p><em>* Colaboraram Camila Boehm (S\u00e3o Paulo), Cristina Indio do Brasil (Rio de Janeiro), Luciano Nascimento (S\u00e3o Lu\u00eds) e Pedro Peduzzi (Bras\u00edlia)<\/em><\/p>\n<p>      <!-- Relacionada --><\/p>\n<p>            <!-- Relacionada -->\n    <\/div>\n<p><br \/>\n<br \/><a href=\"https:\/\/agenciabrasil.ebc.com.br\/politica\/noticia\/2026-08\/veja-como-foi-terca-feira-25-dos-candidatos-presidente\" rel=\"noopener\">Informa\u00e7\u00f5es com a Ag\u00eancia Brasil<\/a><\/p>\n","protected":false},"excerpt":{"rendered":"<p>A agenda dos candidatos \u00e0 Presid\u00eancia da Rep\u00fablica nesta ter\u00e7a-feira (25) incluiu sabatinas, entrevistas \u00e0 imprensa e participa\u00e7\u00e3o em f\u00f3runs e eventos de campanha.\u00a0 &gt;&gt; Veja como foi a ter\u00e7a-feira (25) dos presidenci\u00e1veis:\u00a0 Fl\u00e1vio Bolsonaro (PL)O candidato Fl\u00e1vio Bolsonaro cumpriu agenda de campanha em Macei\u00f3, onde teve reuni\u00e3o com empres\u00e1rios do setor produtivo\u00a0e participou de [&hellip;]<\/p>\n","protected":false},"author":1,"featured_media":73550,"comment_status":"closed","ping_status":"open","sticky":false,"template":"","format":"standard","meta":{"_jetpack_newsletter_access":"","_jetpack_dont_email_post_to_subs":false,"_jetpack_newsletter_tier_id":0,"_jetpack_memberships_contains_paywalled_content":false,"_mbp_banners":[],"_jetpack_feature_clip_id":0,"_jetpack_memberships_contains_paid_content":false,"footnotes":"","jetpack_publicize_message":"","jetpack_publicize_feature_enabled":true,"jetpack_social_post_already_shared":true,"jetpack_social_options":{"image_generator_settings":{"template":"highway","default_image_id":0,"font":"","enabled":false},"version":2},"jetpack_post_was_ever_published":false},"categories":[22],"tags":[],"class_list":["post-75392","post","type-post","status-publish","format-standard","has-post-thumbnail","category-nacional"],"jetpack_publicize_connections":[],"jetpack-related-posts":[],"jetpack_shortlink":"https:\/\/wp.me\/p7Eq1F-jC0","jetpack_sharing_enabled":true,"jetpack_featured_media_url":"https:\/\/i0.wp.com\/guialimeira.com.br\/news\/wp-content\/uploads\/2026\/08\/eleicoes-2026-banner.png?fit=1600%2C800&ssl=1","_links":{"self":[{"href":"https:\/\/guialimeira.com.br\/news\/wp-json\/wp\/v2\/posts\/75392","targetHints":{"allow":["GET"]}}],"collection":[{"href":"https:\/\/guialimeira.com.br\/news\/wp-json\/wp\/v2\/posts"}],"about":[{"href":"https:\/\/guialimeira.com.br\/news\/wp-json\/wp\/v2\/types\/post"}],"author":[{"embeddable":true,"href":"https:\/\/guialimeira.com.br\/news\/wp-json\/wp\/v2\/users\/1"}],"replies":[{"embeddable":true,"href":"https:\/\/guialimeira.com.br\/news\/wp-json\/wp\/v2\/comments?post=75392"}],"version-history":[{"count":1,"href":"https:\/\/guialimeira.com.br\/news\/wp-json\/wp\/v2\/posts\/75392\/revisions"}],"predecessor-version":[{"id":75393,"href":"https:\/\/guialimeira.com.br\/news\/wp-json\/wp\/v2\/posts\/75392\/revisions\/75393"}],"wp:featuredmedia":[{"embeddable":true,"href":"https:\/\/guialimeira.com.br\/news\/wp-json\/wp\/v2\/media\/73550"}],"wp:attachment":[{"href":"https:\/\/guialimeira.com.br\/news\/wp-json\/wp\/v2\/media?parent=75392"}],"wp:term":[{"taxonomy":"category","embeddable":true,"href":"https:\/\/guialimeira.com.br\/news\/wp-json\/wp\/v2\/categories?post=75392"},{"taxonomy":"post_tag","embeddable":true,"href":"https:\/\/guialimeira.com.br\/news\/wp-json\/wp\/v2\/tags?post=75392"}],"curies":[{"name":"wp","href":"https:\/\/api.w.org\/{rel}","templated":true}]}}