{"id":75384,"date":"2026-08-25T19:09:36","date_gmt":"2026-08-25T22:09:36","guid":{"rendered":"https:\/\/guialimeira.com.br\/?p=75384"},"modified":"2026-08-25T19:09:36","modified_gmt":"2026-08-25T22:09:36","slug":"renegociacao-de-dividas-do-fies-pode-ser-feita-ate-16-de-setembro","status":"publish","type":"post","link":"https:\/\/guialimeira.com.br\/news\/renegociacao-de-dividas-do-fies-pode-ser-feita-ate-16-de-setembro\/","title":{"rendered":"Renegocia\u00e7\u00e3o de d\u00edvidas do Fies pode ser feita at\u00e9 16 de setembro"},"content":{"rendered":"<p> <br \/>\n<\/p>\n<div>\n<p><strong>A renegocia\u00e7\u00e3o de d\u00edvidas do Fundo de Financiamento Estudantil (Fies), com descontos e condi\u00e7\u00f5es facilitadas pelo programa Desenrola Fies 2026 pode ser feita at\u00e9 o dia 16 de setembro.\u00a0\u00a0<\/strong><img data-recalc-dims=\"1\" decoding=\"async\" src=\"https:\/\/i0.wp.com\/agenciabrasil.ebc.com.br\/ebc.png?w=696&#038;ssl=1\" style=\"width:1px;height:1px;display:inline\" \/><img data-recalc-dims=\"1\" decoding=\"async\" src=\"https:\/\/i0.wp.com\/agenciabrasil.ebc.com.br\/ebc.gif?w=696&#038;ssl=1\" style=\"width:1px;height:1px;display:inline\" \/><\/p>\n<p>A ades\u00e3o \u00e0 renegocia\u00e7\u00e3o de d\u00edvidas da gradua\u00e7\u00e3o deve ser firmada diretamente com a institui\u00e7\u00e3o financeira respons\u00e1vel pelo contrato do Fies: o Banco do Brasil ou a Caixa, por meio de seus canais digitais.<\/p>\n<p><strong>As condi\u00e7\u00f5es de renegocia\u00e7\u00e3o de d\u00edvidas variam de acordo com a situa\u00e7\u00e3o de cada contrato.\u00a0<\/strong><\/p>\n<p>O Fies oferece financiamento para quem deseja estudar em uma institui\u00e7\u00e3o privada de ensino superior. Ap\u00f3s a formatura, o estudante precisa devolver o montante financiado pelo governo com juros baixos e condi\u00e7\u00f5es facilitadas de pagamento, respeitando o limite da renda do ex-estudante.<\/p>\n<h2>Quem pode renegociar<\/h2>\n<p><strong>A iniciativa \u00e9 voltada para estudantes com contratos do Fies firmados at\u00e9 2017 que estavam na fase de amortiza\u00e7\u00e3o em 4 de maio de 2026<\/strong>, per\u00edodo em que o estudante come\u00e7a a pagar o valor principal do financiamento estudantil e os juros acumulados para quitar a d\u00edvida ap\u00f3s terminar a faculdade. A renegocia\u00e7\u00e3o contempla contratos adimplentes e inadimplentes.<\/p>\n<p>Tamb\u00e9m podem participar do Desenrola Fies 2026 os estudantes com o nome inscrito em cadastros de inadimplentes por atraso neste financiamento estudantil. Ap\u00f3s a formaliza\u00e7\u00e3o da renegocia\u00e7\u00e3o e o pagamento da parcela de entrada, ocorre a retirada do nome do estudante e dos fiadores desses cadastros, quando aplic\u00e1vel.<\/p>\n<p><strong>N\u00e3o est\u00e3o aptos \u00e0 renegocia\u00e7\u00e3o os estudantes que contrataram o Fies a partir de 1\u00ba de janeiro de 2018<\/strong>, assim como aqueles com contratos nas fases de uso do financiamento ou de car\u00eancia.<\/p>\n<p>      <!-- Relacionada --><\/p>\n<p>            <!-- Relacionada -->\n    <\/div>\n<p><br \/>\n<br \/><a href=\"https:\/\/agenciabrasil.ebc.com.br\/educacao\/noticia\/2026-08\/renegociacao-de-dividas-do-fies-pode-ser-feita-ate-16-de-setembro\" rel=\"noopener\">Informa\u00e7\u00f5es com a Ag\u00eancia Brasil<\/a><\/p>\n","protected":false},"excerpt":{"rendered":"<p>A renegocia\u00e7\u00e3o de d\u00edvidas do Fundo de Financiamento Estudantil (Fies), com descontos e condi\u00e7\u00f5es facilitadas pelo programa Desenrola Fies 2026 pode ser feita at\u00e9 o dia 16 de setembro.\u00a0\u00a0 A ades\u00e3o \u00e0 renegocia\u00e7\u00e3o de d\u00edvidas da gradua\u00e7\u00e3o deve ser firmada diretamente com a institui\u00e7\u00e3o financeira respons\u00e1vel pelo contrato do Fies: o Banco do Brasil ou [&hellip;]<\/p>\n","protected":false},"author":1,"featured_media":75385,"comment_status":"closed","ping_status":"open","sticky":false,"template":"","format":"standard","meta":{"_jetpack_newsletter_access":"","_jetpack_dont_email_post_to_subs":false,"_jetpack_newsletter_tier_id":0,"_jetpack_memberships_contains_paywalled_content":false,"_mbp_banners":[],"_jetpack_feature_clip_id":0,"_jetpack_memberships_contains_paid_content":false,"footnotes":"","jetpack_publicize_message":"","jetpack_publicize_feature_enabled":true,"jetpack_social_post_already_shared":true,"jetpack_social_options":{"image_generator_settings":{"template":"highway","default_image_id":0,"font":"","enabled":false},"version":2},"jetpack_post_was_ever_published":false},"categories":[22],"tags":[],"class_list":["post-75384","post","type-post","status-publish","format-standard","has-post-thumbnail","category-nacional"],"jetpack_publicize_connections":[],"jetpack-related-posts":[],"jetpack_shortlink":"https:\/\/wp.me\/p7Eq1F-jBS","jetpack_sharing_enabled":true,"jetpack_featured_media_url":"https:\/\/i0.wp.com\/guialimeira.com.br\/news\/wp-content\/uploads\/2026\/08\/enem_vac_abr_2811214307.jpg?fit=1600%2C800&ssl=1","_links":{"self":[{"href":"https:\/\/guialimeira.com.br\/news\/wp-json\/wp\/v2\/posts\/75384","targetHints":{"allow":["GET"]}}],"collection":[{"href":"https:\/\/guialimeira.com.br\/news\/wp-json\/wp\/v2\/posts"}],"about":[{"href":"https:\/\/guialimeira.com.br\/news\/wp-json\/wp\/v2\/types\/post"}],"author":[{"embeddable":true,"href":"https:\/\/guialimeira.com.br\/news\/wp-json\/wp\/v2\/users\/1"}],"replies":[{"embeddable":true,"href":"https:\/\/guialimeira.com.br\/news\/wp-json\/wp\/v2\/comments?post=75384"}],"version-history":[{"count":1,"href":"https:\/\/guialimeira.com.br\/news\/wp-json\/wp\/v2\/posts\/75384\/revisions"}],"predecessor-version":[{"id":75386,"href":"https:\/\/guialimeira.com.br\/news\/wp-json\/wp\/v2\/posts\/75384\/revisions\/75386"}],"wp:featuredmedia":[{"embeddable":true,"href":"https:\/\/guialimeira.com.br\/news\/wp-json\/wp\/v2\/media\/75385"}],"wp:attachment":[{"href":"https:\/\/guialimeira.com.br\/news\/wp-json\/wp\/v2\/media?parent=75384"}],"wp:term":[{"taxonomy":"category","embeddable":true,"href":"https:\/\/guialimeira.com.br\/news\/wp-json\/wp\/v2\/categories?post=75384"},{"taxonomy":"post_tag","embeddable":true,"href":"https:\/\/guialimeira.com.br\/news\/wp-json\/wp\/v2\/tags?post=75384"}],"curies":[{"name":"wp","href":"https:\/\/api.w.org\/{rel}","templated":true}]}}