{"id":75379,"date":"2026-08-25T18:08:49","date_gmt":"2026-08-25T21:08:49","guid":{"rendered":"https:\/\/guialimeira.com.br\/?p=75379"},"modified":"2026-08-25T18:08:49","modified_gmt":"2026-08-25T21:08:49","slug":"justica-mantem-suspensao-de-demissoes-em-massa-das-casas-bahia","status":"publish","type":"post","link":"https:\/\/guialimeira.com.br\/news\/justica-mantem-suspensao-de-demissoes-em-massa-das-casas-bahia\/","title":{"rendered":"Justi\u00e7a mant\u00e9m suspens\u00e3o de demiss\u00f5es em massa das Casas Bahia"},"content":{"rendered":"<p> <br \/>\n<\/p>\n<div>\n<p><strong>O Tribunal Regional do Trabalho (TRT) do Distrito Federal decidiu manter a liminar que proibiu as demiss\u00f5es em massa que foram efetivadas pelas Casas Bahia em todo o pa\u00eds.<\/strong><img data-recalc-dims=\"1\" decoding=\"async\" src=\"https:\/\/i0.wp.com\/agenciabrasil.ebc.com.br\/ebc.png?w=696&#038;ssl=1\" style=\"width:1px;height:1px;display:inline\" \/><img data-recalc-dims=\"1\" decoding=\"async\" src=\"https:\/\/i0.wp.com\/agenciabrasil.ebc.com.br\/ebc.gif?w=696&#038;ssl=1\" style=\"width:1px;height:1px;display:inline\" \/><\/p>\n<p>A decis\u00e3o foi proferida na noite desta segunda-feira (24) pela ju\u00edza Sandra Nara Bernardo Silva. A <strong>magistrada rejeitou um mandado de seguran\u00e7a protocolado pela varejista ap\u00f3s constatar que a empresa n\u00e3o apresentou todos os documentos necess\u00e1rios para o julgamento do caso.\u00a0<\/strong><\/p>\n<p>Com a decis\u00e3o, permanece v\u00e1lida a decis\u00e3o de primeira inst\u00e2ncia que entendeu que as dispensas ocorreram sem a interven\u00e7\u00e3o do sindicato da categoria, medida imprescind\u00edvel conforme a legisla\u00e7\u00e3o e a jurisprud\u00eancia dos tribunais trabalhistas.<\/p>\n<p>A empresa foi obrigada a restabelecer os v\u00ednculos trabalhistas e incluir os funcion\u00e1rios na folha de pagamento, no plano de sa\u00fade e a manter os benef\u00edcios assistenciais. Novas demiss\u00f5es s\u00f3 poder\u00e3o ocorrer se tiverem intermedia\u00e7\u00e3o dos sindicatos.<\/p>\n<p><strong>Ap\u00f3s a suspens\u00e3o das demiss\u00f5es, a varejista declarou que respeita as decis\u00f5es judiciais e que prestar\u00e1 os esclarecimentos que forem solicitados.<\/strong><\/p>\n<p>Na semana passada, a empresa anunciou que protocolou na Justi\u00e7a um pedido de recupera\u00e7\u00e3o judicial.\u00a0 As d\u00edvidas da companhia chegam a R$ 17,3 bilh\u00f5es.\u00a0<\/p>\n<p><strong>Cerca de 1,9 mil funcion\u00e1rios j\u00e1 foram demitidos e 298 lojas foram fechadas.<\/strong><\/p>\n<p>\u00a0<\/p>\n<p>      <!-- Relacionada --><\/p>\n<p>            <!-- Relacionada -->\n    <\/div>\n<p><br \/>\n<br \/><a href=\"https:\/\/agenciabrasil.ebc.com.br\/justica\/noticia\/2026-08\/justica-mantem-suspensao-de-demissoes-em-massa-das-casas-bahia\" rel=\"noopener\">Informa\u00e7\u00f5es com a Ag\u00eancia Brasil<\/a><\/p>\n","protected":false},"excerpt":{"rendered":"<p>O Tribunal Regional do Trabalho (TRT) do Distrito Federal decidiu manter a liminar que proibiu as demiss\u00f5es em massa que foram efetivadas pelas Casas Bahia em todo o pa\u00eds. A decis\u00e3o foi proferida na noite desta segunda-feira (24) pela ju\u00edza Sandra Nara Bernardo Silva. A magistrada rejeitou um mandado de seguran\u00e7a protocolado pela varejista ap\u00f3s [&hellip;]<\/p>\n","protected":false},"author":1,"featured_media":75380,"comment_status":"closed","ping_status":"open","sticky":false,"template":"","format":"standard","meta":{"_jetpack_newsletter_access":"","_jetpack_dont_email_post_to_subs":false,"_jetpack_newsletter_tier_id":0,"_jetpack_memberships_contains_paywalled_content":false,"_mbp_banners":[],"_jetpack_feature_clip_id":0,"_jetpack_memberships_contains_paid_content":false,"footnotes":"","jetpack_publicize_message":"","jetpack_publicize_feature_enabled":true,"jetpack_social_post_already_shared":true,"jetpack_social_options":{"image_generator_settings":{"template":"highway","default_image_id":0,"font":"","enabled":false},"version":2},"jetpack_post_was_ever_published":false},"categories":[22],"tags":[],"class_list":["post-75379","post","type-post","status-publish","format-standard","has-post-thumbnail","category-nacional"],"jetpack_publicize_connections":[],"jetpack-related-posts":[],"jetpack_shortlink":"https:\/\/wp.me\/p7Eq1F-jBN","jetpack_sharing_enabled":true,"jetpack_featured_media_url":"https:\/\/i0.wp.com\/guialimeira.com.br\/news\/wp-content\/uploads\/2026\/08\/casas-bahia-berrini_85-1.jpg?fit=1600%2C800&ssl=1","_links":{"self":[{"href":"https:\/\/guialimeira.com.br\/news\/wp-json\/wp\/v2\/posts\/75379","targetHints":{"allow":["GET"]}}],"collection":[{"href":"https:\/\/guialimeira.com.br\/news\/wp-json\/wp\/v2\/posts"}],"about":[{"href":"https:\/\/guialimeira.com.br\/news\/wp-json\/wp\/v2\/types\/post"}],"author":[{"embeddable":true,"href":"https:\/\/guialimeira.com.br\/news\/wp-json\/wp\/v2\/users\/1"}],"replies":[{"embeddable":true,"href":"https:\/\/guialimeira.com.br\/news\/wp-json\/wp\/v2\/comments?post=75379"}],"version-history":[{"count":1,"href":"https:\/\/guialimeira.com.br\/news\/wp-json\/wp\/v2\/posts\/75379\/revisions"}],"predecessor-version":[{"id":75381,"href":"https:\/\/guialimeira.com.br\/news\/wp-json\/wp\/v2\/posts\/75379\/revisions\/75381"}],"wp:featuredmedia":[{"embeddable":true,"href":"https:\/\/guialimeira.com.br\/news\/wp-json\/wp\/v2\/media\/75380"}],"wp:attachment":[{"href":"https:\/\/guialimeira.com.br\/news\/wp-json\/wp\/v2\/media?parent=75379"}],"wp:term":[{"taxonomy":"category","embeddable":true,"href":"https:\/\/guialimeira.com.br\/news\/wp-json\/wp\/v2\/categories?post=75379"},{"taxonomy":"post_tag","embeddable":true,"href":"https:\/\/guialimeira.com.br\/news\/wp-json\/wp\/v2\/tags?post=75379"}],"curies":[{"name":"wp","href":"https:\/\/api.w.org\/{rel}","templated":true}]}}