{"id":75372,"date":"2026-08-25T17:07:33","date_gmt":"2026-08-25T20:07:33","guid":{"rendered":"https:\/\/guialimeira.com.br\/?p=75372"},"modified":"2026-08-25T17:07:33","modified_gmt":"2026-08-25T20:07:33","slug":"anvisa-aprova-segundo-generico-de-semaglutida-em-caneta-injetavel","status":"publish","type":"post","link":"https:\/\/guialimeira.com.br\/news\/anvisa-aprova-segundo-generico-de-semaglutida-em-caneta-injetavel\/","title":{"rendered":"Anvisa aprova segundo gen\u00e9rico de semaglutida em caneta injet\u00e1vel"},"content":{"rendered":"<p> <br \/>\n<\/p>\n<div>\n<p>A Ag\u00eancia Nacional de Vigil\u00e2ncia Sanit\u00e1ria (Anvisa) aprovou o registro do segundo medicamento gen\u00e9rico de semaglutida sint\u00e9tica\u00a0no Brasil, produzido pela Germed Farmac\u00eautica.<img data-recalc-dims=\"1\" decoding=\"async\" src=\"https:\/\/i0.wp.com\/agenciabrasil.ebc.com.br\/ebc.png?w=696&#038;ssl=1\" style=\"width:1px;height:1px;display:inline\" \/><img data-recalc-dims=\"1\" decoding=\"async\" src=\"https:\/\/i0.wp.com\/agenciabrasil.ebc.com.br\/ebc.gif?w=696&#038;ssl=1\" style=\"width:1px;height:1px;display:inline\" \/><\/p>\n<p><a href=\"https:\/\/www.in.gov.br\/en\/web\/dou\/-\/resolucao-re-n-3.325-de-20-de-agosto-de-2026-727239814\" target=\"_blank\" rel=\"noopener\">O registro que autoriza a comercializa\u00e7\u00e3o da vers\u00e3o gen\u00e9rica foi publicado no Di\u00e1rio Oficial da Uni\u00e3o de\u00a0segunda-feira (24)<\/a>.<\/p>\n<p>A semaglutida \u00e9 indicada para o tratamento de diabetes mellitus tipo 2, pois ajuda a controlar os n\u00edveis elevados de glicose no sangue.\u00a0M\u00e9dicos tamb\u00e9m receitam a subst\u00e2ncia para o controle da obesidade.<\/p>\n<p>A subst\u00e2ncia\u00a0\u00e9 aplicada\u00a0por meio de uma caneta com agulhas e ficou popular como princ\u00edpio ativo dos produtos Ozempic e Wegovy, da fabricante Nordisk.<\/p>\n<p><a href=\"https:\/\/agenciabrasil.ebc.com.br\/saude\/noticia\/2026-08\/anvisa-aprova-novas-canetas-de-semaglutida-incluindo-1a-generica\" target=\"_blank\" rel=\"noopener\">No \u00faltimo dia 17, a Anvisa aprovou a primeira vers\u00e3o gen\u00e9rica da semaglutida, esta produzida pelo laborat\u00f3rio farmac\u00eautico brasileiro\u00a0EMS<\/a>.<\/p>\n<p><strong>A Anvisa alerta que a comercializa\u00e7\u00e3o do novo produto est\u00e1 sujeita \u00e0 prescri\u00e7\u00e3o de receita m\u00e9dica em duas vias<\/strong>. Uma delas ficar\u00e1 retida na farm\u00e1cia, enquanto a outra via carimbada permanecer\u00e1 com o paciente.<\/p>\n<h2>Apresenta\u00e7\u00e3o<\/h2>\n<p>A caneta com o medicamento gen\u00e9rico n\u00e3o possui nome comercial de apresenta\u00e7\u00e3o, sendo identificada na embalagem apenas pelo nome da subst\u00e2ncia ativa (semaglutida).<\/p>\n<p>Conforme determinado na legisla\u00e7\u00e3o brasileira, na embalagem padronizada de um produto gen\u00e9rico \u00e9 obrigat\u00f3ria a impress\u00e3o da faixa amarela com a letra &#8220;G&#8221; em destaque e a inscri\u00e7\u00e3o &#8220;Medicamento Gen\u00e9rico&#8221;.<\/p>\n<p>A solu\u00e7\u00e3o semaglutida deve ser armazenada em temperaturas de 2 graus Celsius (\u00b0C) a 8 \u00b0C, em geladeira, antes e depois de iniciado o tratamento.<\/p>\n<h2>Dosagens do gen\u00e9rico de semaglutida<\/h2>\n<p>A seguir, as op\u00e7\u00f5es aprovadas pela Anvisa para apresenta\u00e7\u00e3o e dosagem do novo medicamento gen\u00e9rico de semaglutida:<\/p>\n<ul>\n<li>apresenta\u00e7\u00e3o de 1,5 mililitro (ml): caixa com dosagens iniciais ou ciclos menores, contendo uma caneta aplicadora preenchida e seis agulhas;<\/li>\n<li>apresenta\u00e7\u00e3o de 3 ml: op\u00e7\u00e3o com o dobro do volume (com duas canetas aplicadoras com 1,5 ml cada) para tratamentos continuados, acompanhada de dez agulhas;<\/li>\n<li>apresenta\u00e7\u00e3o de 3 ml: embalagem com uma \u00fanica caneta de maior capacidade (contendo 3 ml do produto) para quatro aplica\u00e7\u00f5es;<\/li>\n<li>apresenta\u00e7\u00e3o de 6 ml: caixa de maior volume total (com duas canetas aplicadoras de 3 ml cada), totalizando 6 ml de solu\u00e7\u00e3o com total de oito agulhas.<\/li>\n<\/ul>\n<p>      <!-- Relacionada --><\/p>\n<p>            <!-- Relacionada -->\n    <\/div>\n<p><br \/>\n<br \/><a href=\"https:\/\/agenciabrasil.ebc.com.br\/saude\/noticia\/2026-08\/anvisa-aprova-segundo-generico-de-semaglutida-em-caneta-injetavel\" rel=\"noopener\">Informa\u00e7\u00f5es com a Ag\u00eancia Brasil<\/a><\/p>\n","protected":false},"excerpt":{"rendered":"<p>A Ag\u00eancia Nacional de Vigil\u00e2ncia Sanit\u00e1ria (Anvisa) aprovou o registro do segundo medicamento gen\u00e9rico de semaglutida sint\u00e9tica\u00a0no Brasil, produzido pela Germed Farmac\u00eautica. O registro que autoriza a comercializa\u00e7\u00e3o da vers\u00e3o gen\u00e9rica foi publicado no Di\u00e1rio Oficial da Uni\u00e3o de\u00a0segunda-feira (24). A semaglutida \u00e9 indicada para o tratamento de diabetes mellitus tipo 2, pois ajuda a [&hellip;]<\/p>\n","protected":false},"author":1,"featured_media":75373,"comment_status":"closed","ping_status":"open","sticky":false,"template":"","format":"standard","meta":{"_jetpack_newsletter_access":"","_jetpack_dont_email_post_to_subs":false,"_jetpack_newsletter_tier_id":0,"_jetpack_memberships_contains_paywalled_content":false,"_mbp_banners":[],"_jetpack_feature_clip_id":0,"_jetpack_memberships_contains_paid_content":false,"footnotes":"","jetpack_publicize_message":"","jetpack_publicize_feature_enabled":true,"jetpack_social_post_already_shared":true,"jetpack_social_options":{"image_generator_settings":{"template":"highway","default_image_id":0,"font":"","enabled":false},"version":2},"jetpack_post_was_ever_published":false},"categories":[22],"tags":[],"class_list":["post-75372","post","type-post","status-publish","format-standard","has-post-thumbnail","category-nacional"],"jetpack_publicize_connections":[],"jetpack-related-posts":[],"jetpack_shortlink":"https:\/\/wp.me\/p7Eq1F-jBG","jetpack_sharing_enabled":true,"jetpack_featured_media_url":"https:\/\/i0.wp.com\/guialimeira.com.br\/news\/wp-content\/uploads\/2026\/08\/img_7586.jpg?fit=1600%2C800&ssl=1","_links":{"self":[{"href":"https:\/\/guialimeira.com.br\/news\/wp-json\/wp\/v2\/posts\/75372","targetHints":{"allow":["GET"]}}],"collection":[{"href":"https:\/\/guialimeira.com.br\/news\/wp-json\/wp\/v2\/posts"}],"about":[{"href":"https:\/\/guialimeira.com.br\/news\/wp-json\/wp\/v2\/types\/post"}],"author":[{"embeddable":true,"href":"https:\/\/guialimeira.com.br\/news\/wp-json\/wp\/v2\/users\/1"}],"replies":[{"embeddable":true,"href":"https:\/\/guialimeira.com.br\/news\/wp-json\/wp\/v2\/comments?post=75372"}],"version-history":[{"count":1,"href":"https:\/\/guialimeira.com.br\/news\/wp-json\/wp\/v2\/posts\/75372\/revisions"}],"predecessor-version":[{"id":75374,"href":"https:\/\/guialimeira.com.br\/news\/wp-json\/wp\/v2\/posts\/75372\/revisions\/75374"}],"wp:featuredmedia":[{"embeddable":true,"href":"https:\/\/guialimeira.com.br\/news\/wp-json\/wp\/v2\/media\/75373"}],"wp:attachment":[{"href":"https:\/\/guialimeira.com.br\/news\/wp-json\/wp\/v2\/media?parent=75372"}],"wp:term":[{"taxonomy":"category","embeddable":true,"href":"https:\/\/guialimeira.com.br\/news\/wp-json\/wp\/v2\/categories?post=75372"},{"taxonomy":"post_tag","embeddable":true,"href":"https:\/\/guialimeira.com.br\/news\/wp-json\/wp\/v2\/tags?post=75372"}],"curies":[{"name":"wp","href":"https:\/\/api.w.org\/{rel}","templated":true}]}}