{"id":75368,"date":"2026-08-25T16:06:24","date_gmt":"2026-08-25T19:06:24","guid":{"rendered":"https:\/\/guialimeira.com.br\/?p=75368"},"modified":"2026-08-25T16:06:24","modified_gmt":"2026-08-25T19:06:24","slug":"arrecadacao-federal-cresce-897-em-julho-e-chega-a-r-2893-bilhoes","status":"publish","type":"post","link":"https:\/\/guialimeira.com.br\/news\/arrecadacao-federal-cresce-897-em-julho-e-chega-a-r-2893-bilhoes\/","title":{"rendered":"Arrecada\u00e7\u00e3o federal cresce 8,97% em julho e chega a R$ 289,3 bilh\u00f5es"},"content":{"rendered":"<p> <br \/>\n<\/p>\n<div>\n<p>Beneficiada pelo crescimento da economia e por aumentos recentes de tributos, arrecada\u00e7\u00e3o federal alcan\u00e7ou R$ 289,3 bilh\u00f5es em julho de 2026, segundo dados divulgados pela Receita Federal nesta ter\u00e7a-feira (25). <strong>O resultado representa uma alta de 8,97% acima da infla\u00e7\u00e3o em rela\u00e7\u00e3o ao mesmo m\u00eas de 2025, com recorde para o m\u00eas.<\/strong><img data-recalc-dims=\"1\" decoding=\"async\" src=\"https:\/\/i0.wp.com\/agenciabrasil.ebc.com.br\/ebc.png?w=696&#038;ssl=1\" style=\"width:1px;height:1px;display:inline\" \/><img data-recalc-dims=\"1\" decoding=\"async\" src=\"https:\/\/i0.wp.com\/agenciabrasil.ebc.com.br\/ebc.gif?w=696&#038;ssl=1\" style=\"width:1px;height:1px;display:inline\" \/><\/p>\n<p><strong>No acumulado de janeiro a julho, o governo federal arrecadou R$ 1,876 trilh\u00e3o.<\/strong> Ao descontar a infla\u00e7\u00e3o do per\u00edodo, o crescimento real foi 6,98% em rela\u00e7\u00e3o aos mesmos meses do ano passado.<\/p>\n<h2>Entre os principais fatores apontados pela Receita Federal para o desempenho est\u00e3o:<\/h2>\n<p>\u2022 aumento da arrecada\u00e7\u00e3o da contribui\u00e7\u00e3o para a Previd\u00eancia Social;<\/p>\n<p>\u2022 crescimento das receitas com Programa de Integra\u00e7\u00e3o Social (PIS) e Contribui\u00e7\u00e3o para o Financiamento da Seguridade Social (Cofins), que refletem o aumento das vendas;<\/p>\n<p>\u2022 alta na arrecada\u00e7\u00e3o do Imposto de Renda Retido na Fonte (IRRF) sobre rendimentos do capital;<\/p>\n<p>\u2022 avan\u00e7o da arrecada\u00e7\u00e3o do Imposto de Renda Pessoa Jur\u00eddica (IRPJ), imposto pago pelas empresas;<\/p>\n<p>\u2022 aumento da Contribui\u00e7\u00e3o Social sobre o Lucro L\u00edquido (CSLL), contribui\u00e7\u00e3o sobre o lucro das empresas.<\/p>\n<h2>Sequ\u00eancia de recordes<\/h2>\n<p>A arrecada\u00e7\u00e3o federal vem registrando sucessivos recordes mensais desde o ano passado. Em 2025, o governo federal elevou a tributa\u00e7\u00e3o sobre diferentes opera\u00e7\u00f5es com o objetivo de refor\u00e7ar as receitas e contribuir para o equil\u00edbrio das contas p\u00fablicas.<\/p>\n<p><strong>Entre as medidas adotadas estiveram mudan\u00e7as no Imposto sobre Opera\u00e7\u00f5es Financeiras (IOF) e na tributa\u00e7\u00e3o de<em> bets <\/em>e <em>fintechs<\/em>.<\/strong> <strong>As altera\u00e7\u00f5es relacionadas \u00e0s duas \u00faltimas categorias foram posteriormente aprovadas pelo Congresso Nacional.<\/strong><\/p>\n<h2>Divulga\u00e7\u00e3o dos dados<\/h2>\n<p>A Receita Federal havia informado, no in\u00edcio da manh\u00e3 desta ter\u00e7a-feira, que a divulga\u00e7\u00e3o dos n\u00fameros de julho seria adiada por quest\u00f5es log\u00edsticas. No entanto, os <a href=\"https:\/\/www.gov.br\/receitafederal\/pt-br\/centrais-de-conteudo\/publicacoes\/relatorios\/arrecadacao-federal\/2026\" target=\"_blank\" rel=\"noopener\">dados foram publicados na p\u00e1gina oficial do Fisco \u00e0s 11h17.<\/a><\/p>\n<p>A divulga\u00e7\u00e3o ocorre em meio ao acompanhamento das contas p\u00fablicas e da evolu\u00e7\u00e3o das receitas federais ao longo de 2026.<\/p>\n<p>\u00a0<\/p>\n<p>      <!-- Relacionada --><\/p>\n<p>            <!-- Relacionada -->\n    <\/div>\n<p><br \/>\n<br \/><a href=\"https:\/\/agenciabrasil.ebc.com.br\/economia\/noticia\/2026-08\/arrecadacao-federal-cresce-897-em-julho-e-chega-r-2893-bilhoes\" rel=\"noopener\">Informa\u00e7\u00f5es com a Ag\u00eancia Brasil<\/a><\/p>\n","protected":false},"excerpt":{"rendered":"<p>Beneficiada pelo crescimento da economia e por aumentos recentes de tributos, arrecada\u00e7\u00e3o federal alcan\u00e7ou R$ 289,3 bilh\u00f5es em julho de 2026, segundo dados divulgados pela Receita Federal nesta ter\u00e7a-feira (25). O resultado representa uma alta de 8,97% acima da infla\u00e7\u00e3o em rela\u00e7\u00e3o ao mesmo m\u00eas de 2025, com recorde para o m\u00eas. No acumulado de [&hellip;]<\/p>\n","protected":false},"author":1,"featured_media":1058,"comment_status":"closed","ping_status":"open","sticky":false,"template":"","format":"standard","meta":{"_jetpack_newsletter_access":"","_jetpack_dont_email_post_to_subs":false,"_jetpack_newsletter_tier_id":0,"_jetpack_memberships_contains_paywalled_content":false,"_mbp_banners":[],"_jetpack_feature_clip_id":0,"_jetpack_memberships_contains_paid_content":false,"footnotes":"","jetpack_publicize_message":"","jetpack_publicize_feature_enabled":true,"jetpack_social_post_already_shared":true,"jetpack_social_options":{"image_generator_settings":{"template":"highway","default_image_id":0,"font":"","enabled":false},"version":2},"jetpack_post_was_ever_published":false},"categories":[22],"tags":[],"class_list":["post-75368","post","type-post","status-publish","format-standard","has-post-thumbnail","category-nacional"],"jetpack_publicize_connections":[],"jetpack-related-posts":[],"jetpack_shortlink":"https:\/\/wp.me\/p7Eq1F-jBC","jetpack_sharing_enabled":true,"jetpack_featured_media_url":"https:\/\/i0.wp.com\/guialimeira.com.br\/news\/wp-content\/uploads\/2024\/04\/mcam20022020-2.jpg?fit=1600%2C800&ssl=1","_links":{"self":[{"href":"https:\/\/guialimeira.com.br\/news\/wp-json\/wp\/v2\/posts\/75368","targetHints":{"allow":["GET"]}}],"collection":[{"href":"https:\/\/guialimeira.com.br\/news\/wp-json\/wp\/v2\/posts"}],"about":[{"href":"https:\/\/guialimeira.com.br\/news\/wp-json\/wp\/v2\/types\/post"}],"author":[{"embeddable":true,"href":"https:\/\/guialimeira.com.br\/news\/wp-json\/wp\/v2\/users\/1"}],"replies":[{"embeddable":true,"href":"https:\/\/guialimeira.com.br\/news\/wp-json\/wp\/v2\/comments?post=75368"}],"version-history":[{"count":1,"href":"https:\/\/guialimeira.com.br\/news\/wp-json\/wp\/v2\/posts\/75368\/revisions"}],"predecessor-version":[{"id":75369,"href":"https:\/\/guialimeira.com.br\/news\/wp-json\/wp\/v2\/posts\/75368\/revisions\/75369"}],"wp:featuredmedia":[{"embeddable":true,"href":"https:\/\/guialimeira.com.br\/news\/wp-json\/wp\/v2\/media\/1058"}],"wp:attachment":[{"href":"https:\/\/guialimeira.com.br\/news\/wp-json\/wp\/v2\/media?parent=75368"}],"wp:term":[{"taxonomy":"category","embeddable":true,"href":"https:\/\/guialimeira.com.br\/news\/wp-json\/wp\/v2\/categories?post=75368"},{"taxonomy":"post_tag","embeddable":true,"href":"https:\/\/guialimeira.com.br\/news\/wp-json\/wp\/v2\/tags?post=75368"}],"curies":[{"name":"wp","href":"https:\/\/api.w.org\/{rel}","templated":true}]}}