{"id":75354,"date":"2026-08-25T12:01:32","date_gmt":"2026-08-25T15:01:32","guid":{"rendered":"https:\/\/guialimeira.com.br\/?p=75354"},"modified":"2026-08-25T12:01:32","modified_gmt":"2026-08-25T15:01:32","slug":"brasil-promete-restaurar-163-mil-km%c2%b2-de-terras-degradadas-ate-2030","status":"publish","type":"post","link":"https:\/\/guialimeira.com.br\/news\/brasil-promete-restaurar-163-mil-km%c2%b2-de-terras-degradadas-ate-2030\/","title":{"rendered":"Brasil promete restaurar 163 mil km\u00b2 de terras degradadas at\u00e9 2030\u00a0"},"content":{"rendered":"<p> <br \/>\n<\/p>\n<div>\n<p><strong>O Brasil apresentou nesta ter\u00e7a-feira (25) as primeiras metas de Neutralidade da Degrada\u00e7\u00e3o da Terra (LDN, na sigla em ingl\u00eas). A promessa \u00e9 restaurar mais de 163 mil quil\u00f4metros quadrados (km\u00b2)\u00a0at\u00e9 2030. O an\u00fancio foi feito durante a <a href=\"https:\/\/www.cop17yerevangreenzone.com\/\" target=\"_blank\" rel=\"noopener\">17\u00aa Confer\u00eancia das Na\u00e7\u00f5es Unidas de Combate \u00e0 Desertifica\u00e7\u00e3o (COP17)<\/a>, em Ulaanbaatar, na Mong\u00f3lia.<\/strong><img data-recalc-dims=\"1\" decoding=\"async\" src=\"https:\/\/i0.wp.com\/agenciabrasil.ebc.com.br\/ebc.png?w=696&#038;ssl=1\" style=\"width:1px;height:1px;display:inline\" \/><img data-recalc-dims=\"1\" decoding=\"async\" src=\"https:\/\/i0.wp.com\/agenciabrasil.ebc.com.br\/ebc.gif?w=696&#038;ssl=1\" style=\"width:1px;height:1px;display:inline\" \/><\/p>\n<p>Para chegar a esse n\u00famero, est\u00e3o previstas iniciativas para recuperar a vegeta\u00e7\u00e3o nativa, investimento em sistemas agroflorestais, al\u00e9m de\u00a0a\u00e7\u00f5es em unidades de conserva\u00e7\u00e3o, territ\u00f3rios ind\u00edgenas, \u00e1reas de preserva\u00e7\u00e3o permanente e bacias hidrogr\u00e1ficas.<\/p>\n<p>As metas LDN s\u00e3o compromissos volunt\u00e1rios que os pa\u00edses assumem para garantir aumento ou manuten\u00e7\u00e3o\u00a0da quantidade de terras saud\u00e1veis e produtivas em seu territ\u00f3rio.<\/p>\n<p><strong>O Brasil usa como refer\u00eancia o ano de 2020, quando detinha\u00a055,7 milh\u00f5es de hectares com tend\u00eancia \u00e0 degrada\u00e7\u00e3o. Ou seja, para cumprir o compromisso de neutralidade, precisa chegar em 2030 com, pelo menos, o mesmo n\u00famero.<\/strong><\/p>\n<p><strong>Tamb\u00e9m est\u00e3o previstas a\u00e7\u00f5es de preven\u00e7\u00e3o, conserva\u00e7\u00e3o e manejo sustent\u00e1vel em outros 3,51 milh\u00f5es de km\u00b2. Assim, o n\u00famero oficial das metas LDN \u00e9 de 3,67 milh\u00f5es de km\u00b2, por incluir tanto a \u00e1rea de restaura\u00e7\u00e3o quanto \u00e0\u00a0de conserva\u00e7\u00e3o.<\/strong><\/p>\n<p>O ministro do <a href=\"https:\/\/www.gov.br\/mma\/pt-br\" target=\"_blank\" rel=\"noopener\">Meio Ambiente e Mudan\u00e7a do Clima<\/a>, Jo\u00e3o Paulo Capobianco, disse que o Brasil tem sido proativo em favor da <a href=\"https:\/\/agenciabrasil.ebc.com.br\/tags\/cop17-da-desertificacao\" target=\"_blank\" rel=\"noopener\">conven\u00e7\u00e3o<\/a>, para que o grupo obtenha ainda mais capacidade de mobilizar os pa\u00edses.<\/p>\n<blockquote>\n<p>&#8220;A cada dia que passa, crescem as \u00e1reas sujeitas \u00e0 seca e \u00e0 degrada\u00e7\u00e3o da terra em v\u00e1rios pa\u00edses. Portanto, \u00e9 uma a\u00e7\u00e3o decisiva de coopera\u00e7\u00e3o internacional contra a desertifica\u00e7\u00e3o.\u201d<\/p>\n<\/blockquote>\n<p>A representante regional da UNCCD na Am\u00e9rica Latina e Caribe, Laura Meza, disse que a meta volunt\u00e1ria brasileira\u00a0posiciona a Am\u00e9rica Latina como uma das regi\u00f5es com o maior volume territorial de compromisso de sustentabilidade do solo do planeta. Os benef\u00edcios, segundo ela, alcan\u00e7am diferentes dimens\u00f5es.\u00a0<\/p>\n<p>&#8220;Restaurar n\u00e3o tem apenas um impacto ambiental, tem impacto na agricultura e na restaura\u00e7\u00e3o socioprodutiva. N\u00e3o se pode separar esse impacto ambiental da vida das pessoas&#8221;, disse Meza.<\/p>\n<p>A diretora adjunta da Organiza\u00e7\u00e3o das Na\u00e7\u00f5es Unidas para a Alimenta\u00e7\u00e3o e a Agricultura (FAO), Nora Barahona, disse que o pa\u00eds tem a responsabilidade de cumprir as metas e ser uma refer\u00eancia global.<\/p>\n<blockquote>\n<p>\u201cPrecisamos do apoio do Brasil para apoiar outros pa\u00edses-membros, para construir uma solidariedade dentro da regi\u00e3o e internacionalmente. Para que outros sigam o exemplo maravilhoso que voc\u00eas est\u00e3o dando\u201d, disse Nora.<\/p>\n<\/blockquote>\n<h2>Atraso<\/h2>\n<p><strong>Dos 196 pa\u00edses membros da <a href=\"https:\/\/www.unccd.int\/convention\/overview\" target=\"_blank\" rel=\"noopener\">Conven\u00e7\u00e3o das Na\u00e7\u00f5es Unidas de Combate \u00e0 Desertifica\u00e7\u00e3o (UNCCD)<\/a>, 131 comprometeram-se a estabelecer metas de LDN, entre eles, o Brasil. Mas a apresenta\u00e7\u00e3o oficial do pa\u00eds veio com quase 10\u00a0anos de atraso.<\/strong><\/p>\n<p>O conceito de LDN foi oficialmente formalizado pela ONU em 2015, e o processo de recebimento das metas dos governos nacionais come\u00e7ou em 2017.<\/p>\n<p>O Brasil instituiu em 2015 a Pol\u00edtica Nacional de Combate \u00e0 Desertifica\u00e7\u00e3o e Mitiga\u00e7\u00e3o dos Efeitos da Seca por meio da <a href=\"https:\/\/www.planalto.gov.br\/ccivil_03\/_ato2015-2018\/2015\/lei\/l13153.htm\" target=\"_blank\" rel=\"noopener\">Lei n\u00ba 13.153<\/a>. Nesse contexto, foi criada a <a href=\"https:\/\/www.gov.br\/mma\/pt-br\/composicao\/snpct\/dcde\/processo-eleitoral-da-comissao-nacional-de-combate-a-desertificacao\/composicao-da-cncd\" target=\"_blank\" rel=\"noopener\">Comiss\u00e3o Nacional de Combate \u00e0 Desertifica\u00e7\u00e3o (CNCD)<\/a>.\u00a0<\/p>\n<p>No ano seguinte, ela ficou inativa e foi extinta em 2019. A comiss\u00e3o foi retomada e reorganizada em 2024, por meio do Decreto n\u00ba 11.932.<\/p>\n<p><em>*O rep\u00f3rter viajou para a Mong\u00f3lia a convite da Conven\u00e7\u00e3o das Na\u00e7\u00f5es Unidas de Combate \u00e0 Desertifica\u00e7\u00e3o (UNCCD), ap\u00f3s sele\u00e7\u00e3o entre jornalistas de diversos continentes.<\/em><\/p>\n<p>      <!-- Relacionada --><\/p>\n<p>            <!-- Relacionada -->\n    <\/div>\n<p><br \/>\n<br \/><a href=\"https:\/\/agenciabrasil.ebc.com.br\/meio-ambiente\/noticia\/2026-08\/brasil-promete-restaurar-163-mil-km2-de-terras-degradadas-ate-2030\" rel=\"noopener\">Informa\u00e7\u00f5es com a Ag\u00eancia Brasil<\/a><\/p>\n","protected":false},"excerpt":{"rendered":"<p>O Brasil apresentou nesta ter\u00e7a-feira (25) as primeiras metas de Neutralidade da Degrada\u00e7\u00e3o da Terra (LDN, na sigla em ingl\u00eas). A promessa \u00e9 restaurar mais de 163 mil quil\u00f4metros quadrados (km\u00b2)\u00a0at\u00e9 2030. O an\u00fancio foi feito durante a 17\u00aa Confer\u00eancia das Na\u00e7\u00f5es Unidas de Combate \u00e0 Desertifica\u00e7\u00e3o (COP17), em Ulaanbaatar, na Mong\u00f3lia. Para chegar a [&hellip;]<\/p>\n","protected":false},"author":1,"featured_media":75355,"comment_status":"closed","ping_status":"open","sticky":false,"template":"","format":"standard","meta":{"_jetpack_newsletter_access":"","_jetpack_dont_email_post_to_subs":false,"_jetpack_newsletter_tier_id":0,"_jetpack_memberships_contains_paywalled_content":false,"_mbp_banners":[],"_jetpack_feature_clip_id":0,"_jetpack_memberships_contains_paid_content":false,"footnotes":"","jetpack_publicize_message":"","jetpack_publicize_feature_enabled":true,"jetpack_social_post_already_shared":true,"jetpack_social_options":{"image_generator_settings":{"template":"highway","default_image_id":0,"font":"","enabled":false},"version":2},"jetpack_post_was_ever_published":false},"categories":[22],"tags":[],"class_list":["post-75354","post","type-post","status-publish","format-standard","has-post-thumbnail","category-nacional"],"jetpack_publicize_connections":[],"jetpack-related-posts":[],"jetpack_shortlink":"https:\/\/wp.me\/p7Eq1F-jBo","jetpack_sharing_enabled":true,"jetpack_featured_media_url":"https:\/\/i0.wp.com\/guialimeira.com.br\/news\/wp-content\/uploads\/2026\/08\/51193516920_577083d428_k.jpg?fit=1600%2C800&ssl=1","_links":{"self":[{"href":"https:\/\/guialimeira.com.br\/news\/wp-json\/wp\/v2\/posts\/75354","targetHints":{"allow":["GET"]}}],"collection":[{"href":"https:\/\/guialimeira.com.br\/news\/wp-json\/wp\/v2\/posts"}],"about":[{"href":"https:\/\/guialimeira.com.br\/news\/wp-json\/wp\/v2\/types\/post"}],"author":[{"embeddable":true,"href":"https:\/\/guialimeira.com.br\/news\/wp-json\/wp\/v2\/users\/1"}],"replies":[{"embeddable":true,"href":"https:\/\/guialimeira.com.br\/news\/wp-json\/wp\/v2\/comments?post=75354"}],"version-history":[{"count":1,"href":"https:\/\/guialimeira.com.br\/news\/wp-json\/wp\/v2\/posts\/75354\/revisions"}],"predecessor-version":[{"id":75356,"href":"https:\/\/guialimeira.com.br\/news\/wp-json\/wp\/v2\/posts\/75354\/revisions\/75356"}],"wp:featuredmedia":[{"embeddable":true,"href":"https:\/\/guialimeira.com.br\/news\/wp-json\/wp\/v2\/media\/75355"}],"wp:attachment":[{"href":"https:\/\/guialimeira.com.br\/news\/wp-json\/wp\/v2\/media?parent=75354"}],"wp:term":[{"taxonomy":"category","embeddable":true,"href":"https:\/\/guialimeira.com.br\/news\/wp-json\/wp\/v2\/categories?post=75354"},{"taxonomy":"post_tag","embeddable":true,"href":"https:\/\/guialimeira.com.br\/news\/wp-json\/wp\/v2\/tags?post=75354"}],"curies":[{"name":"wp","href":"https:\/\/api.w.org\/{rel}","templated":true}]}}