{"id":75331,"date":"2026-08-25T08:30:11","date_gmt":"2026-08-25T11:30:11","guid":{"rendered":"https:\/\/guialimeira.com.br\/projeto-aprovado-adequa-regras-de-acesso-ao-programa-de-aluguel-social-para-mulheres-vitimas-de-violencia\/"},"modified":"2026-08-25T08:30:11","modified_gmt":"2026-08-25T11:30:11","slug":"projeto-aprovado-adequa-regras-de-acesso-ao-programa-de-aluguel-social-para-mulheres-vitimas-de-violencia","status":"publish","type":"post","link":"https:\/\/guialimeira.com.br\/news\/projeto-aprovado-adequa-regras-de-acesso-ao-programa-de-aluguel-social-para-mulheres-vitimas-de-violencia\/","title":{"rendered":"Projeto aprovado adequa regras de acesso ao Programa de Aluguel Social para mulheres v\u00edtimas de viol\u00eancia"},"content":{"rendered":"<p>Projeto aprovado adequa regras de acesso ao Programa de Aluguel Social para mulheres v\u00edtimas de viol\u00eancia<\/p>\n<p>Garantir a prote\u00e7\u00e3o \u00e0s mulheres v\u00edtimas de viol\u00eancia que chegam \u00e0 cidade em busca de seguran\u00e7a e de uma nova oportunidade de vida \u00e9 o que prop\u00f5e o Projeto de Lei N\u00b0 198\/2023, da vereadora Lu Bogo (PL), que inclui o \u00a71\u00ba e renumera o par\u00e1grafo \u00fanico no art. 16 da Lei N\u00ba 5.593\/2015. A proposta, aprovada na sess\u00e3o ordin\u00e1ria desta segunda-feira, 24 de agosto, altera a lei que disp\u00f5e sobre a institui\u00e7\u00e3o do Programa Assistencial de Benef\u00edcios Eventuais no Munic\u00edpio.<\/p>\n<p>De acordo com o texto, a legisla\u00e7\u00e3o municipal estabelece crit\u00e9rios para a inclus\u00e3o no Programa de Aluguel Social, benef\u00edcio destinado a fam\u00edlias ou pessoas em situa\u00e7\u00e3o habitacional de emerg\u00eancia, risco ou vulnerabilidade social. O projeto acrescenta um par\u00e1grafo ao art. 16 da lei para estabelecer que n\u00e3o seja recusada a concess\u00e3o do benef\u00edcio em raz\u00e3o da origem da pessoa, quando ela for de outro munic\u00edpio do estado de S\u00e3o Paulo, nem seja exigido qualquer prazo de car\u00eancia para a concess\u00e3o.<\/p>\n<p>A medida busca garantir que mulheres que deixem seus munic\u00edpios de origem para escapar de situa\u00e7\u00f5es de viol\u00eancia possam ter acesso \u00e0 prote\u00e7\u00e3o habitacional em Limeira, sem que a aus\u00eancia de resid\u00eancia anterior no munic\u00edpio seja utilizada como impedimento. No entanto, a altera\u00e7\u00e3o n\u00e3o elimina os demais crit\u00e9rios previstos na legisla\u00e7\u00e3o para a concess\u00e3o do benef\u00edcio.<\/p>\n<p>Na justificativa, Lu Bogo destacou que, para ter acesso ao aux\u00edlio, \u00e9 necess\u00e1ria a comprova\u00e7\u00e3o da situa\u00e7\u00e3o por meio de documentos como boletim de ocorr\u00eancia, laudos m\u00e9dicos ou medidas protetivas, assinados por autoridades da cidade de origem. \u201cRecentemente tivemos informa\u00e7\u00f5es que mulheres de cidades vizinhas, que viviam em situa\u00e7\u00e3o de risco, se mudaram para Limeira e aqui receberam atendimento em diversos setores, exceto na quest\u00e3o da moradia, por n\u00e3o comprovarem resid\u00eancia no munic\u00edpio por dois anos\u201d, disse a vereadora.<\/p>\n<p>Segundo o art. 18 da Lei N\u00ba 5.593\/2015 o benef\u00edcio pode ser concedido inicialmente por at\u00e9 seis meses, com possibilidade de duas prorroga\u00e7\u00f5es sucessivas de at\u00e9 seis meses, mediante avalia\u00e7\u00e3o socioecon\u00f4mica elaborada por assistente social da Secretaria de Promo\u00e7\u00e3o Social Municipal (Seprosom).<\/p>\n<hr>\n<p><em>Fonte: <a href=\"https:\/\/www.limeira.sp.leg.br\/noticias\/view\/2026-08-25_projeto-aprovado-adequa-regras-de-acesso-ao-programa-de-aluguel-social-para-mulheres-vitimas-de-violencia\" target=\"_blank\" rel=\"noopener\">C\u00e2mara Municipal de Limeira<\/a><\/em><\/p>\n","protected":false},"excerpt":{"rendered":"<p>Projeto aprovado adequa regras de acesso ao Programa de Aluguel Social para mulheres v\u00edtimas de viol\u00eancia<\/p>\n<p>Garantir a prote\u00e7\u00e3o \u00e0s mulheres v\u00edtimas de viol\u00eancia que chegam \u00e0 cidade em busca de seguran\u00e7a e de uma nova oportunidade de vida \u00e9 o que prop\u00f5e o Projeto de Lei N\u00b0 198\/2023, da vereadora Lu Bo<\/p>\n","protected":false},"author":4,"featured_media":75330,"comment_status":"","ping_status":"open","sticky":false,"template":"","format":"standard","meta":{"_jetpack_newsletter_access":"","_jetpack_dont_email_post_to_subs":false,"_jetpack_newsletter_tier_id":0,"_jetpack_memberships_contains_paywalled_content":false,"_mbp_banners":[],"_jetpack_feature_clip_id":0,"_jetpack_memberships_contains_paid_content":false,"footnotes":"","jetpack_publicize_message":"","jetpack_publicize_feature_enabled":true,"jetpack_social_post_already_shared":true,"jetpack_social_options":{"image_generator_settings":{"template":"highway","default_image_id":0,"font":"","enabled":false},"version":2},"jetpack_post_was_ever_published":false},"categories":[19],"tags":[],"class_list":["post-75331","post","type-post","status-publish","format-standard","has-post-thumbnail","category-politica"],"jetpack_publicize_connections":[],"jetpack-related-posts":[],"jetpack_shortlink":"https:\/\/wp.me\/p7Eq1F-jB1","jetpack_sharing_enabled":true,"jetpack_featured_media_url":"https:\/\/i0.wp.com\/guialimeira.com.br\/news\/wp-content\/uploads\/2026\/08\/noticia-camara-50.jpg?fit=1280%2C640&ssl=1","_links":{"self":[{"href":"https:\/\/guialimeira.com.br\/news\/wp-json\/wp\/v2\/posts\/75331","targetHints":{"allow":["GET"]}}],"collection":[{"href":"https:\/\/guialimeira.com.br\/news\/wp-json\/wp\/v2\/posts"}],"about":[{"href":"https:\/\/guialimeira.com.br\/news\/wp-json\/wp\/v2\/types\/post"}],"author":[{"embeddable":true,"href":"https:\/\/guialimeira.com.br\/news\/wp-json\/wp\/v2\/users\/4"}],"replies":[{"embeddable":true,"href":"https:\/\/guialimeira.com.br\/news\/wp-json\/wp\/v2\/comments?post=75331"}],"version-history":[{"count":0,"href":"https:\/\/guialimeira.com.br\/news\/wp-json\/wp\/v2\/posts\/75331\/revisions"}],"wp:featuredmedia":[{"embeddable":true,"href":"https:\/\/guialimeira.com.br\/news\/wp-json\/wp\/v2\/media\/75330"}],"wp:attachment":[{"href":"https:\/\/guialimeira.com.br\/news\/wp-json\/wp\/v2\/media?parent=75331"}],"wp:term":[{"taxonomy":"category","embeddable":true,"href":"https:\/\/guialimeira.com.br\/news\/wp-json\/wp\/v2\/categories?post=75331"},{"taxonomy":"post_tag","embeddable":true,"href":"https:\/\/guialimeira.com.br\/news\/wp-json\/wp\/v2\/tags?post=75331"}],"curies":[{"name":"wp","href":"https:\/\/api.w.org\/{rel}","templated":true}]}}