{"id":75327,"date":"2026-08-25T07:57:58","date_gmt":"2026-08-25T10:57:58","guid":{"rendered":"https:\/\/guialimeira.com.br\/?p=75327"},"modified":"2026-08-25T07:57:58","modified_gmt":"2026-08-25T10:57:58","slug":"beneficiarios-com-nis-de-final-6-recebem-bolsa-familia-de-agosto","status":"publish","type":"post","link":"https:\/\/guialimeira.com.br\/news\/beneficiarios-com-nis-de-final-6-recebem-bolsa-familia-de-agosto\/","title":{"rendered":"Benefici\u00e1rios com NIS de final 6 recebem Bolsa Fam\u00edlia de agosto"},"content":{"rendered":"<p> <br \/>\n<\/p>\n<div>\n<p>A Caixa Econ\u00f4mica Federal paga nesta ter\u00e7a-feira (25) a parcela de agosto do Bolsa Fam\u00edlia aos benefici\u00e1rios com N\u00famero de Inscri\u00e7\u00e3o Social (NIS) de final 6.\u00a0 Neste m\u00eas, 19,3 milh\u00f5es de fam\u00edlias ser\u00e3o beneficiadas, com o valor m\u00e9dio do benef\u00edcio em R$ 678,35.<img data-recalc-dims=\"1\" decoding=\"async\" src=\"https:\/\/i0.wp.com\/agenciabrasil.ebc.com.br\/ebc.png?w=696&#038;ssl=1\" style=\"width:1px;height:1px;display:inline\" \/><img data-recalc-dims=\"1\" decoding=\"async\" src=\"https:\/\/i0.wp.com\/agenciabrasil.ebc.com.br\/ebc.gif?w=696&#038;ssl=1\" style=\"width:1px;height:1px;display:inline\" \/><\/p>\n<p><strong>Os moradores de 186 munic\u00edpios de sete estados receberam o cr\u00e9dito no \u00faltimo dia 18, independentemente do n\u00famero final do NIS. O pagamento unificado beneficiou localidades em situa\u00e7\u00e3o de emerg\u00eancia ou em estado de calamidade p\u00fablica nos seguintes estados: Amazonas (3 munic\u00edpios), Bahia (15), Para\u00edba (31), Paran\u00e1 (5), Rio Grande do Norte (122), Roraima (6) e Sergipe (4).<\/strong><\/p>\n<p>A lista dos munic\u00edpios com pagamento unificado est\u00e1 <a href=\"https:\/\/www.gov.br\/mds\/pt-br\/noticias\/bolsa-familia-tem-pagamento-unificado-em-sete-estados-nesta-terca-feira-18-08\" target=\"_blank\" rel=\"noopener\">dispon\u00edvel aqui<\/a>.<\/p>\n<p><strong>O valor m\u00ednimo corresponde a R$ 600. Al\u00e9m do benef\u00edcio m\u00ednimo, h\u00e1 o pagamento de tr\u00eas adicionais.<\/strong> O Benef\u00edcio Vari\u00e1vel Familiar Nutriz paga seis parcelas de R$ 50 a m\u00e3es de beb\u00eas de at\u00e9 seis meses de idade, para garantir a alimenta\u00e7\u00e3o da crian\u00e7a. O Bolsa Fam\u00edlia tamb\u00e9m paga um acr\u00e9scimo de R$ 50 a fam\u00edlias com gestantes e filhos de 7 a 18 anos e outro, de R$ 150, a fam\u00edlias com crian\u00e7as de at\u00e9 6 anos.<\/p>\n<p>No modelo tradicional do Bolsa Fam\u00edlia, o pagamento ocorre nos \u00faltimos dez dias \u00fateis de cada m\u00eas. O benefici\u00e1rio poder\u00e1 consultar informa\u00e7\u00f5es sobre as datas de pagamento, o valor do benef\u00edcio e a composi\u00e7\u00e3o das parcelas no aplicativo Caixa Tem, usado para acompanhar as contas poupan\u00e7a digitais do banco.<\/p>\n<p><strong>Al\u00e9m do benef\u00edcio integral, h\u00e1 o pagamento da regra de prote\u00e7\u00e3o. Em vigor desde junho de 2023, essa regra permite que fam\u00edlias cujos membros consigam emprego e melhorem a renda recebam 50% do benef\u00edcio a que teriam direito por at\u00e9 dois anos, desde que cada integrante receba o equivalente a at\u00e9 meio sal\u00e1rio m\u00ednimo.<\/strong><\/p>\n<p>Desde junho do ano passado, o tempo de perman\u00eancia na<a href=\"https:\/\/agenciabrasil.ebc.com.br\/economia\/noticia\/2025-05\/governo-altera-regra-de-transicao-do-bolsa-familia-entenda\" target=\"_blank\" rel=\"noopener\"> regra de prote\u00e7\u00e3o<\/a> foi reduzido de dois para um ano. No entanto, quem entrou na regra at\u00e9 maio de 2025 continua a receber metade do benef\u00edcio por dois anos.<\/p>\n<p><strong>Desde 2024, os benefici\u00e1rios do Bolsa Fam\u00edlia n\u00e3o t\u00eam mais o desconto do Seguro Defeso<\/strong>. A mudan\u00e7a foi estabelecida pela <a href=\"https:\/\/www.planalto.gov.br\/ccivil_03\/_ato2023-2026\/2023\/lei\/l14601.htm\" target=\"_blank\" rel=\"noopener\">Lei 14.601\/2023<\/a>, que resgatou o Programa Bolsa Fam\u00edlia (PBF). O Seguro Defeso \u00e9 pago a pessoas que sobrevivem exclusivamente da pesca artesanal e que n\u00e3o podem exercer a atividade durante o per\u00edodo da piracema (reprodu\u00e7\u00e3o dos peixes).<br \/>\u00a0<\/p>\n<div class=\"dnd-widget-wrapper context-cheio_8colunas type-image\">\n<div class=\"dnd-atom-rendered\"><!-- scald=472414:cheio_8colunas --><br \/>\n            <img data-recalc-dims=\"1\" decoding=\"async\" src=\"https:\/\/i0.wp.com\/imagens.ebc.com.br\/GplgRByuYB1LpwVMJlKlTkdqcLI%3D\/754x0\/smart\/https%3A\/\/agenciabrasil.ebc.com.br\/sites\/default\/files\/thumbnails\/image\/2026\/08\/21\/whatsapp_image_2026-08-21_at_20.30.10.jpeg?w=696&#038;ssl=1\" alt=\"Bolsa Fam\u00edlia Agosto 2026 . Foto: Arte\/ EBC\" title=\"Arte\/ EBC\" \/><br \/>\n        <img data-recalc-dims=\"1\" decoding=\"async\" src=\"https:\/\/i0.wp.com\/imagens.ebc.com.br\/GplgRByuYB1LpwVMJlKlTkdqcLI%3D\/754x0\/smart\/https%3A\/\/agenciabrasil.ebc.com.br\/sites\/default\/files\/thumbnails\/image\/2026\/08\/21\/whatsapp_image_2026-08-21_at_20.30.10.jpeg?w=696&#038;ssl=1\" alt=\"Bolsa Fam\u00edlia Agosto 2026 . Foto: Arte\/ EBC\" title=\"Arte\/ EBC\" \/><br \/>\n    <!-- END scald=472414 --><\/div>\n<div class=\"dnd-caption-wrapper\">\n<p><!--copyright=472414-->Bolsa Fam\u00edlia Agosto 2026 &#8211;\u00a0<strong>Arte\/ EBC<\/strong><\/p>\n<\/div>\n<\/div>\n<p>\u00a0<\/p>\n<p>      <!-- Relacionada --><\/p>\n<p>            <!-- Relacionada -->\n    <\/div>\n<p><br \/>\n<br \/><a href=\"https:\/\/agenciabrasil.ebc.com.br\/economia\/noticia\/2026-08\/beneficiarios-com-nis-de-final-6-recebem-bolsa-familia-de-agosto\" rel=\"noopener\">Informa\u00e7\u00f5es com a Ag\u00eancia Brasil<\/a><\/p>\n","protected":false},"excerpt":{"rendered":"<p>A Caixa Econ\u00f4mica Federal paga nesta ter\u00e7a-feira (25) a parcela de agosto do Bolsa Fam\u00edlia aos benefici\u00e1rios com N\u00famero de Inscri\u00e7\u00e3o Social (NIS) de final 6.\u00a0 Neste m\u00eas, 19,3 milh\u00f5es de fam\u00edlias ser\u00e3o beneficiadas, com o valor m\u00e9dio do benef\u00edcio em R$ 678,35. Os moradores de 186 munic\u00edpios de sete estados receberam o cr\u00e9dito no [&hellip;]<\/p>\n","protected":false},"author":1,"featured_media":75328,"comment_status":"closed","ping_status":"open","sticky":false,"template":"","format":"standard","meta":{"_jetpack_newsletter_access":"","_jetpack_dont_email_post_to_subs":false,"_jetpack_newsletter_tier_id":0,"_jetpack_memberships_contains_paywalled_content":false,"_mbp_banners":[],"_jetpack_feature_clip_id":0,"_jetpack_memberships_contains_paid_content":false,"footnotes":"","jetpack_publicize_message":"","jetpack_publicize_feature_enabled":true,"jetpack_social_post_already_shared":true,"jetpack_social_options":{"image_generator_settings":{"template":"highway","default_image_id":0,"font":"","enabled":false},"version":2},"jetpack_post_was_ever_published":false},"categories":[22],"tags":[],"class_list":["post-75327","post","type-post","status-publish","format-standard","has-post-thumbnail","category-nacional"],"jetpack_publicize_connections":[],"jetpack-related-posts":[],"jetpack_shortlink":"https:\/\/wp.me\/p7Eq1F-jAX","jetpack_sharing_enabled":true,"jetpack_featured_media_url":"https:\/\/i0.wp.com\/guialimeira.com.br\/news\/wp-content\/uploads\/2026\/08\/whatsapp_image_2026-08-21_at_20.30.10.jpeg?fit=1600%2C800&ssl=1","_links":{"self":[{"href":"https:\/\/guialimeira.com.br\/news\/wp-json\/wp\/v2\/posts\/75327","targetHints":{"allow":["GET"]}}],"collection":[{"href":"https:\/\/guialimeira.com.br\/news\/wp-json\/wp\/v2\/posts"}],"about":[{"href":"https:\/\/guialimeira.com.br\/news\/wp-json\/wp\/v2\/types\/post"}],"author":[{"embeddable":true,"href":"https:\/\/guialimeira.com.br\/news\/wp-json\/wp\/v2\/users\/1"}],"replies":[{"embeddable":true,"href":"https:\/\/guialimeira.com.br\/news\/wp-json\/wp\/v2\/comments?post=75327"}],"version-history":[{"count":1,"href":"https:\/\/guialimeira.com.br\/news\/wp-json\/wp\/v2\/posts\/75327\/revisions"}],"predecessor-version":[{"id":75329,"href":"https:\/\/guialimeira.com.br\/news\/wp-json\/wp\/v2\/posts\/75327\/revisions\/75329"}],"wp:featuredmedia":[{"embeddable":true,"href":"https:\/\/guialimeira.com.br\/news\/wp-json\/wp\/v2\/media\/75328"}],"wp:attachment":[{"href":"https:\/\/guialimeira.com.br\/news\/wp-json\/wp\/v2\/media?parent=75327"}],"wp:term":[{"taxonomy":"category","embeddable":true,"href":"https:\/\/guialimeira.com.br\/news\/wp-json\/wp\/v2\/categories?post=75327"},{"taxonomy":"post_tag","embeddable":true,"href":"https:\/\/guialimeira.com.br\/news\/wp-json\/wp\/v2\/tags?post=75327"}],"curies":[{"name":"wp","href":"https:\/\/api.w.org\/{rel}","templated":true}]}}