{"id":75324,"date":"2026-08-25T04:54:45","date_gmt":"2026-08-25T07:54:45","guid":{"rendered":"https:\/\/guialimeira.com.br\/?p=75324"},"modified":"2026-08-25T04:54:45","modified_gmt":"2026-08-25T07:54:45","slug":"empresas-atingidas-por-tarifaco-e-guerras-terao-r-135-bi-em-credito","status":"publish","type":"post","link":"https:\/\/guialimeira.com.br\/news\/empresas-atingidas-por-tarifaco-e-guerras-terao-r-135-bi-em-credito\/","title":{"rendered":"Empresas atingidas por tarifa\u00e7o e guerras ter\u00e3o R$ 13,5 bi em cr\u00e9dito"},"content":{"rendered":"<p> <br \/>\n<\/p>\n<div>\n<p><strong>O governo federal definiu como ser\u00e3o aplicados os R$ 13,5 bilh\u00f5es em linhas de cr\u00e9dito do Plano Brasil Soberano destinados a empresas afetadas pelo tarifa\u00e7o dos Estados Unidos e pelos impactos de conflitos e da instabilidade internacional.<\/strong><img data-recalc-dims=\"1\" decoding=\"async\" src=\"https:\/\/i0.wp.com\/agenciabrasil.ebc.com.br\/ebc.png?w=696&#038;ssl=1\" style=\"width:1px;height:1px;display:inline\" \/><img data-recalc-dims=\"1\" decoding=\"async\" src=\"https:\/\/i0.wp.com\/agenciabrasil.ebc.com.br\/ebc.gif?w=696&#038;ssl=1\" style=\"width:1px;height:1px;display:inline\" \/><\/p>\n<p>A resolu\u00e7\u00e3o que detalha a distribui\u00e7\u00e3o dos recursos foi publicada nesta segunda-feira (24) no <a href=\"https:\/\/www.in.gov.br\/web\/dou\/-\/resolucao-n-1-de-19-de-agosto-de-2026-727247313\" target=\"_blank\" rel=\"noopener\"><em>Di\u00e1rio Oficial da Uni\u00e3o<\/em><\/a> (DOU)\u00a0pelo Conselho Interministerial do Plano Brasil Soberano. O pacote havia sido anunciado pelo governo em julho e dependia da regulamenta\u00e7\u00e3o para avan\u00e7ar.<\/p>\n<p><strong>A maior parte do dinheiro, R$ 5 bilh\u00f5es, ser\u00e1 direcionada a exportadores e fornecedores atingidos pelo aumento das tarifas comerciais aplicadas pelos Estados Unidos<\/strong> a produtos brasileiros.<\/p>\n<p>Outros R$ 3,5 bilh\u00f5es ser\u00e3o destinados a empresas que exportam para pa\u00edses do Golfo P\u00e9rsico, regi\u00e3o afetada pelo <a href=\"https:\/\/agenciabrasil.ebc.com.br\/tags\/conflito-no-oriente-medio\" target=\"_blank\" rel=\"noopener\">conflito no Oriente M\u00e9dio<\/a>.<\/p>\n<h2>Divis\u00e3o dos recursos<\/h2>\n<p>Os R$ 5 bilh\u00f5es restantes ser\u00e3o distribu\u00eddos entre tr\u00eas \u00e1reas consideradas estrat\u00e9gicas pelo governo:<\/p>\n<ul>\n<li>R$ 2 bilh\u00f5es para empresas que atuam na produ\u00e7\u00e3o de adubos, fertilizantes e intermedi\u00e1rios para fertilizantes;<\/li>\n<li>R$ 2 bilh\u00f5es para atividades industriais e tecnol\u00f3gicas relacionadas \u00e0 cadeia de minerais cr\u00edticos e estrat\u00e9gicos;<\/li>\n<li>R$ 1 bilh\u00e3o para empresas de setores industriais considerados relevantes para o com\u00e9rcio exterior brasileiro.<\/li>\n<\/ul>\n<p>No caso dos minerais, o cr\u00e9dito poder\u00e1 financiar atividades de lavra, etapa de extra\u00e7\u00e3o do min\u00e9rio. As atividades dever\u00e3o estar associadas ao beneficiamento, refino ou transforma\u00e7\u00e3o da mat\u00e9ria-prima.<\/p>\n<p>A estrat\u00e9gia amplia o alcance do programa para al\u00e9m das empresas diretamente atingidas pelo tarifa\u00e7o. <strong>O governo tamb\u00e9m pretende fortalecer setores considerados importantes para a seguran\u00e7a das cadeias produtivas e para o com\u00e9rcio exterior.<\/strong><\/p>\n<h2>Quem ter\u00e1 acesso<\/h2>\n<p>As linhas de financiamento poder\u00e3o ser contratadas por diferentes tipos de empresas e organiza\u00e7\u00f5es ligadas \u00e0 atividade exportadora.<\/p>\n<p>Entre os benefici\u00e1rios est\u00e3o:<\/p>\n<ul>\n<li>empresas, cooperativas e associa\u00e7\u00f5es exportadoras de bens industriais e seus fornecedores;<\/li>\n<li>produtores e exportadores dos setores de agricultura, pecu\u00e1ria, florestas plantadas, pesca e aquicultura;<\/li>\n<li>empresas que exportam recursos minerais e seus fornecedores;<\/li>\n<li>empresas de setores industriais relevantes para o com\u00e9rcio exterior brasileiro.<\/li>\n<\/ul>\n<p>A medida, portanto, n\u00e3o se restringe \u00e0s companhias que vendem diretamente para o mercado externo. <strong>Fornecedores das cadeias afetadas tamb\u00e9m poder\u00e3o acessar os recursos,<\/strong> desde que se enquadrem nas regras do programa.<\/p>\n<h2>Como usar o cr\u00e9dito<\/h2>\n<p><strong>O dinheiro poder\u00e1 ser empregado tanto para despesas de curto prazo quanto para investimentos.<\/strong><\/p>\n<p><strong>Entre as finalidades previstas est\u00e3o capital de giro, compra de m\u00e1quinas e equipamentos e adapta\u00e7\u00e3o da atividade produtiva<\/strong>. Tamb\u00e9m poder\u00e3o ser financiados projetos para aumentar a capacidade de produ\u00e7\u00e3o e fortalecer cadeias produtivas.<\/p>\n<p>O programa prev\u00ea ainda cr\u00e9dito para inova\u00e7\u00e3o tecnol\u00f3gica e para a adapta\u00e7\u00e3o de produtos, servi\u00e7os e processos \u00e0s novas condi\u00e7\u00f5es de mercado.<\/p>\n<p>Outras possibilidades de financiamento poder\u00e3o ser definidas pelo Minist\u00e9rio do Desenvolvimento, Ind\u00fastria, Com\u00e9rcio e Servi\u00e7os e pelo Minist\u00e9rio da Fazenda.<\/p>\n<h2>Impacto do tarifa\u00e7o<\/h2>\n<p>A parcela de R$ 5 bilh\u00f5es destinada aos exportadores foi criada em meio ao <a href=\"https:\/\/agenciabrasil.ebc.com.br\/economia\/noticia\/2026-07\/eua-impoem-nova-tarifa-de-125-produtos-brasileiros\" target=\"_blank\" rel=\"noopener\">aumento das tarifas estadunidenses<\/a> sobre produtos brasileiros.<\/p>\n<p>Segundo as informa\u00e7\u00f5es apresentadas pelo governo, as sobretaxas aplicadas pelos Estados Unidos elevaram os custos de acesso ao mercado estadunidense e aumentaram a press\u00e3o sobre empresas brasileiras que dependem das exporta\u00e7\u00f5es.<\/p>\n<p>O cr\u00e9dito do Plano Brasil Soberano busca dar f\u00f4lego financeiro a essas empresas e \u00e0s cadeias de fornecedores relacionadas \u00e0s exporta\u00e7\u00f5es.\u00a0<\/p>\n<p>O programa tamb\u00e9m direciona recursos para empresas que negociam com pa\u00edses do Golfo P\u00e9rsico, diante dos poss\u00edveis impactos econ\u00f4micos provocados pelo conflito no Oriente M\u00e9dio.<\/p>\n<h2>Fiscaliza\u00e7\u00e3o do BNDES<\/h2>\n<p><strong>O Banco Nacional de Desenvolvimento Econ\u00f4mico e Social (BNDES) ficar\u00e1 respons\u00e1vel pelo acompanhamento das opera\u00e7\u00f5es.<\/strong><\/p>\n<p>O banco dever\u00e1 enviar mensalmente ao Conselho Interministerial do Plano Brasil Soberano informa\u00e7\u00f5es sobre as opera\u00e7\u00f5es aprovadas e contratadas, al\u00e9m dos valores efetivamente desembolsados.<\/p>\n<p><strong>A distribui\u00e7\u00e3o dos R$ 13,5 bilh\u00f5es tamb\u00e9m poder\u00e1 ser alterada.<\/strong> A resolu\u00e7\u00e3o permite que o Conselho Interministerial revise a aloca\u00e7\u00e3o dos recursos conforme o ritmo de execu\u00e7\u00e3o do programa e as prioridades da pol\u00edtica p\u00fablica.<\/p>\n<p>\u00a0<\/p>\n<p>      <!-- Relacionada --><\/p>\n<p>            <!-- Relacionada -->\n    <\/div>\n<p><br \/>\n<br \/><a href=\"https:\/\/agenciabrasil.ebc.com.br\/economia\/noticia\/2026-08\/empresas-atingidas-por-tarifaco-e-guerras-terao-r-135-bi-em-credito\" rel=\"noopener\">Informa\u00e7\u00f5es com a Ag\u00eancia Brasil<\/a><\/p>\n","protected":false},"excerpt":{"rendered":"<p>O governo federal definiu como ser\u00e3o aplicados os R$ 13,5 bilh\u00f5es em linhas de cr\u00e9dito do Plano Brasil Soberano destinados a empresas afetadas pelo tarifa\u00e7o dos Estados Unidos e pelos impactos de conflitos e da instabilidade internacional. A resolu\u00e7\u00e3o que detalha a distribui\u00e7\u00e3o dos recursos foi publicada nesta segunda-feira (24) no Di\u00e1rio Oficial da Uni\u00e3o [&hellip;]<\/p>\n","protected":false},"author":1,"featured_media":75325,"comment_status":"closed","ping_status":"open","sticky":false,"template":"","format":"standard","meta":{"_jetpack_newsletter_access":"","_jetpack_dont_email_post_to_subs":false,"_jetpack_newsletter_tier_id":0,"_jetpack_memberships_contains_paywalled_content":false,"_mbp_banners":[],"_jetpack_feature_clip_id":0,"_jetpack_memberships_contains_paid_content":false,"footnotes":"","jetpack_publicize_message":"","jetpack_publicize_feature_enabled":true,"jetpack_social_post_already_shared":true,"jetpack_social_options":{"image_generator_settings":{"template":"highway","default_image_id":0,"font":"","enabled":false},"version":2},"jetpack_post_was_ever_published":false},"categories":[22],"tags":[],"class_list":["post-75324","post","type-post","status-publish","format-standard","has-post-thumbnail","category-nacional"],"jetpack_publicize_connections":[],"jetpack-related-posts":[],"jetpack_shortlink":"https:\/\/wp.me\/p7Eq1F-jAU","jetpack_sharing_enabled":true,"jetpack_featured_media_url":"https:\/\/i0.wp.com\/guialimeira.com.br\/news\/wp-content\/uploads\/2026\/08\/2026-07-22t222308z_1_lynxmpem6l22t_rtroptp_4_usa-trump-tariffs-brazil.jpg?fit=1600%2C800&ssl=1","_links":{"self":[{"href":"https:\/\/guialimeira.com.br\/news\/wp-json\/wp\/v2\/posts\/75324","targetHints":{"allow":["GET"]}}],"collection":[{"href":"https:\/\/guialimeira.com.br\/news\/wp-json\/wp\/v2\/posts"}],"about":[{"href":"https:\/\/guialimeira.com.br\/news\/wp-json\/wp\/v2\/types\/post"}],"author":[{"embeddable":true,"href":"https:\/\/guialimeira.com.br\/news\/wp-json\/wp\/v2\/users\/1"}],"replies":[{"embeddable":true,"href":"https:\/\/guialimeira.com.br\/news\/wp-json\/wp\/v2\/comments?post=75324"}],"version-history":[{"count":1,"href":"https:\/\/guialimeira.com.br\/news\/wp-json\/wp\/v2\/posts\/75324\/revisions"}],"predecessor-version":[{"id":75326,"href":"https:\/\/guialimeira.com.br\/news\/wp-json\/wp\/v2\/posts\/75324\/revisions\/75326"}],"wp:featuredmedia":[{"embeddable":true,"href":"https:\/\/guialimeira.com.br\/news\/wp-json\/wp\/v2\/media\/75325"}],"wp:attachment":[{"href":"https:\/\/guialimeira.com.br\/news\/wp-json\/wp\/v2\/media?parent=75324"}],"wp:term":[{"taxonomy":"category","embeddable":true,"href":"https:\/\/guialimeira.com.br\/news\/wp-json\/wp\/v2\/categories?post=75324"},{"taxonomy":"post_tag","embeddable":true,"href":"https:\/\/guialimeira.com.br\/news\/wp-json\/wp\/v2\/tags?post=75324"}],"curies":[{"name":"wp","href":"https:\/\/api.w.org\/{rel}","templated":true}]}}