{"id":75319,"date":"2026-08-25T02:52:51","date_gmt":"2026-08-25T05:52:51","guid":{"rendered":"https:\/\/guialimeira.com.br\/?p=75319"},"modified":"2026-08-25T02:52:51","modified_gmt":"2026-08-25T05:52:51","slug":"unicef-pede-a-candidatos-mais-acoes-de-prevencao-a-violencia-infantil","status":"publish","type":"post","link":"https:\/\/guialimeira.com.br\/news\/unicef-pede-a-candidatos-mais-acoes-de-prevencao-a-violencia-infantil\/","title":{"rendered":"Unicef pede a candidatos mais a\u00e7\u00f5es de preven\u00e7\u00e3o \u00e0 viol\u00eancia infantil"},"content":{"rendered":"<p> <br \/>\n<\/p>\n<div>\n<p>O Fundo das Na\u00e7\u00f5es Unidas para a Inf\u00e2ncia (Unicef) cobrou de candidatos \u00e0 Presid\u00eancia da Rep\u00fablica que dediquem maior aten\u00e7\u00e3o, em suas propostas eleitorais, a medidas de preven\u00e7\u00e3o \u00e0 viol\u00eancia infantil.\u00a0<img data-recalc-dims=\"1\" decoding=\"async\" src=\"https:\/\/i0.wp.com\/agenciabrasil.ebc.com.br\/ebc.png?w=696&#038;ssl=1\" style=\"width:1px;height:1px;display:inline\" \/><img data-recalc-dims=\"1\" decoding=\"async\" src=\"https:\/\/i0.wp.com\/agenciabrasil.ebc.com.br\/ebc.gif?w=696&#038;ssl=1\" style=\"width:1px;height:1px;display:inline\" \/><\/p>\n<p>Pesquisadores da entidade avaliaram as propostas de cinco candidaturas. O Unicef defende respostas\u00a0\u201cmais bem adaptadas \u00e0s vulnerabilidades de diferentes grupos de crian\u00e7as e adolescentes\u201d.<\/p>\n<p>Segundo o fundo, <strong>as principais candidaturas t\u00eam propostas contra viol\u00eancias, mas a maioria promete pol\u00edticas de resposta, e n\u00e3o de preven\u00e7\u00e3o<\/strong>.<\/p>\n<p>A entidade considera que, nas \u00faltimas d\u00e9cadas, o Brasil avan\u00e7ou em \u00e1reas sociais, mas em rela\u00e7\u00e3o \u00e0 viol\u00eancia \u201ca situa\u00e7\u00e3o segue sendo grave\u201d.\u00a0<\/p>\n<p>\u201cPara proteger crian\u00e7as e adolescentes, \u00e9 fundamental tamb\u00e9m agir antes que a viol\u00eancia aconte\u00e7a, por meio de pol\u00edticas de educa\u00e7\u00e3o e oportunidades para jovens, da assist\u00eancia social, da sa\u00fade, do fortalecimento das fam\u00edlias e de sistemas que identifiquem e referenciem situa\u00e7\u00f5es de viol\u00eancia\u201d, afirmou o representante do Unicef no Brasil, Joaquin Gonzalez-Aleman.<\/p>\n<h2>Solu\u00e7\u00f5es<\/h2>\n<p><strong>No estudo, o Unicef defende que os futuros governantes incluam a \u201cparentalidade protetiva\u201d nas pol\u00edticas j\u00e1 existentes de primeira inf\u00e2ncia, cuidados, assist\u00eancia social e enfrentamento \u00e0s viol\u00eancias<\/strong>.\u00a0<\/p>\n<p>Isso incluiria a forma\u00e7\u00e3o de agentes p\u00fablicos que hoje chegam \u00e0s casas das fam\u00edlias para que saibam orientar pais, m\u00e3es e cuidadores a prevenir a viol\u00eancia e adotar pr\u00e1ticas parentais n\u00e3o violentas.\u00a0\u00a0<\/p>\n<p>A entidade ainda defende a cria\u00e7\u00e3o de uma Pol\u00edtica Nacional de Preven\u00e7\u00e3o de Viol\u00eancias contra Adolescentes, que v\u00e1 al\u00e9m de a\u00e7\u00f5es de seguran\u00e7a p\u00fablica. A ideia \u00e9 que sejam coordenadas diferentes \u00e1reas, como educa\u00e7\u00e3o, trabalho, emprego e assist\u00eancia social para reduzir os fatores de risco associados \u00e0 viol\u00eancia.<\/p>\n<h2>Cen\u00e1rio de viol\u00eancia<\/h2>\n<p>Inclusive, <strong>o Unicef contextualiza que, apenas no ano passado, 2.079 crian\u00e7as e adolescentes foram mortos de forma violenta no Brasil<\/strong>. Seria o equivalente a seis v\u00edtimas por dia. A maioria delas \u00e9 formada por adolescentes homens e negros.\u00a0<\/p>\n<p><strong>Segundo o \u00faltimo Anu\u00e1rio de Seguran\u00e7a P\u00fablica, o pa\u00eds registrou\u00a0em 2025 mais de 38 mil casos de maus tratos de menores no ambiente dom\u00e9stico. O n\u00famero \u00e9 mais que o dobro do registrado no ano anterior.\u00a0<\/strong><\/p>\n<p>Foram registrados ainda 61 mil estupros ou estupros de vulner\u00e1vel cometidos por autores conhecidos das v\u00edtimas.\u00a0<\/p>\n<p>Desigualdades<\/p>\n<p>A an\u00e1lise do Unicef observou que as propostas tratam as crian\u00e7as como um grupo homog\u00eaneo \u201csem considerar recortes de ra\u00e7a, etnia, g\u00eanero, defici\u00eancia ou territ\u00f3rio, nem como eles influenciam a vulnerabilidade \u00e0s viol\u00eancias\u201d.\u00a0<\/p>\n<p>Ainda nesse tema, <strong>a entidade criticou a aus\u00eancia de refer\u00eancias espec\u00edficas a crian\u00e7as negras e ind\u00edgenas, que t\u00eam os maiores riscos de exposi\u00e7\u00e3o \u00e0 viol\u00eancia em diferentes contextos.\u00a0<\/strong><\/p>\n<blockquote>\n<p>\u201cAs refer\u00eancias a meninas e a crian\u00e7as com defici\u00eancia est\u00e3o presentes, mas de forma limitada\u201d, observa o fundo.<\/p>\n<\/blockquote>\n<h2>Abordagens<\/h2>\n<p>Quanto \u00e0 abordagem do tema O Unicef catalogou, nas propostas dos candidatos Lula (PT), Fl\u00e1vio Bolsonaro (PL), Ronaldo Caiado (PSD), Romeu Zema (NOVO) e Renan Santos (MISS\u00c3O), as men\u00e7\u00f5es a crian\u00e7as e adolescentes. Foram identificados 178 registros.\u00a0\u00a0<\/p>\n<p><strong>O Unicef identifica que as plataformas eleitorais dos candidatos Lula, Ronaldo Caiado, Romeu Zema e Fl\u00e1vio Bolsonaro abordam o tema de forma expl\u00edcita. Renan Santos n\u00e3o menciona dessa forma.<\/strong><\/p>\n<p>Em geral, no entanto, a entidade considera que h\u00e1 mais \u00eanfase em abordagens de resposta \u00e0 viol\u00eancia do que em propostas voltadas a uma prote\u00e7\u00e3o integral de crian\u00e7as e adolescentes por meio de pol\u00edticas sociais.<\/p>\n<p>O Unicef avalia que os programas de Fl\u00e1vio Bolsonaro e Romeu Zema focam em medidas de puni\u00e7\u00e3o e resposta \u00e0s viol\u00eancias contra crian\u00e7as e adolescentes ou cometidas por eles.<\/p>\n<p>J\u00e1 o plano de Ronaldo Caiado d\u00e1 \u00eanfase na investiga\u00e7\u00e3o e penaliza\u00e7\u00e3o de autores da viol\u00eancia, mas traz tamb\u00e9m propostas intersetoriais de preven\u00e7\u00e3o. Por sua vez, o plano de Lula est\u00e1 mais voltado a a\u00e7\u00f5es de preven\u00e7\u00e3o da viol\u00eancia infantojuvenil.<\/p>\n<p>\u00a0<\/p>\n<p>      <!-- Relacionada --><\/p>\n<p>            <!-- Relacionada -->\n    <\/div>\n<p><br \/>\n<br \/><a href=\"https:\/\/agenciabrasil.ebc.com.br\/direitos-humanos\/noticia\/2026-08\/unicef-pede-candidatos-mais-acoes-de-prevencao-violencia-infantil\" rel=\"noopener\">Informa\u00e7\u00f5es com a Ag\u00eancia Brasil<\/a><\/p>\n","protected":false},"excerpt":{"rendered":"<p>O Fundo das Na\u00e7\u00f5es Unidas para a Inf\u00e2ncia (Unicef) cobrou de candidatos \u00e0 Presid\u00eancia da Rep\u00fablica que dediquem maior aten\u00e7\u00e3o, em suas propostas eleitorais, a medidas de preven\u00e7\u00e3o \u00e0 viol\u00eancia infantil.\u00a0 Pesquisadores da entidade avaliaram as propostas de cinco candidaturas. O Unicef defende respostas\u00a0\u201cmais bem adaptadas \u00e0s vulnerabilidades de diferentes grupos de crian\u00e7as e adolescentes\u201d. [&hellip;]<\/p>\n","protected":false},"author":1,"featured_media":73550,"comment_status":"closed","ping_status":"open","sticky":false,"template":"","format":"standard","meta":{"_jetpack_newsletter_access":"","_jetpack_dont_email_post_to_subs":false,"_jetpack_newsletter_tier_id":0,"_jetpack_memberships_contains_paywalled_content":false,"_mbp_banners":[],"_jetpack_feature_clip_id":0,"_jetpack_memberships_contains_paid_content":false,"footnotes":"","jetpack_publicize_message":"","jetpack_publicize_feature_enabled":true,"jetpack_social_post_already_shared":true,"jetpack_social_options":{"image_generator_settings":{"template":"highway","default_image_id":0,"font":"","enabled":false},"version":2},"jetpack_post_was_ever_published":false},"categories":[22],"tags":[],"class_list":["post-75319","post","type-post","status-publish","format-standard","has-post-thumbnail","category-nacional"],"jetpack_publicize_connections":[],"jetpack-related-posts":[],"jetpack_shortlink":"https:\/\/wp.me\/p7Eq1F-jAP","jetpack_sharing_enabled":true,"jetpack_featured_media_url":"https:\/\/i0.wp.com\/guialimeira.com.br\/news\/wp-content\/uploads\/2026\/08\/eleicoes-2026-banner.png?fit=1600%2C800&ssl=1","_links":{"self":[{"href":"https:\/\/guialimeira.com.br\/news\/wp-json\/wp\/v2\/posts\/75319","targetHints":{"allow":["GET"]}}],"collection":[{"href":"https:\/\/guialimeira.com.br\/news\/wp-json\/wp\/v2\/posts"}],"about":[{"href":"https:\/\/guialimeira.com.br\/news\/wp-json\/wp\/v2\/types\/post"}],"author":[{"embeddable":true,"href":"https:\/\/guialimeira.com.br\/news\/wp-json\/wp\/v2\/users\/1"}],"replies":[{"embeddable":true,"href":"https:\/\/guialimeira.com.br\/news\/wp-json\/wp\/v2\/comments?post=75319"}],"version-history":[{"count":1,"href":"https:\/\/guialimeira.com.br\/news\/wp-json\/wp\/v2\/posts\/75319\/revisions"}],"predecessor-version":[{"id":75320,"href":"https:\/\/guialimeira.com.br\/news\/wp-json\/wp\/v2\/posts\/75319\/revisions\/75320"}],"wp:featuredmedia":[{"embeddable":true,"href":"https:\/\/guialimeira.com.br\/news\/wp-json\/wp\/v2\/media\/73550"}],"wp:attachment":[{"href":"https:\/\/guialimeira.com.br\/news\/wp-json\/wp\/v2\/media?parent=75319"}],"wp:term":[{"taxonomy":"category","embeddable":true,"href":"https:\/\/guialimeira.com.br\/news\/wp-json\/wp\/v2\/categories?post=75319"},{"taxonomy":"post_tag","embeddable":true,"href":"https:\/\/guialimeira.com.br\/news\/wp-json\/wp\/v2\/tags?post=75319"}],"curies":[{"name":"wp","href":"https:\/\/api.w.org\/{rel}","templated":true}]}}