{"id":75317,"date":"2026-08-25T01:51:33","date_gmt":"2026-08-25T04:51:33","guid":{"rendered":"https:\/\/guialimeira.com.br\/?p=75317"},"modified":"2026-08-25T01:51:33","modified_gmt":"2026-08-25T04:51:33","slug":"sbpc-convida-candidatos-a-governador-a-se-comprometerem-com-a-ciencia","status":"publish","type":"post","link":"https:\/\/guialimeira.com.br\/news\/sbpc-convida-candidatos-a-governador-a-se-comprometerem-com-a-ciencia\/","title":{"rendered":"SBPC convida candidatos a governador a se comprometerem com a ci\u00eancia"},"content":{"rendered":"<p> <br \/>\n<\/p>\n<div>\n<p>A Sociedade Brasileira para o Progresso da Ci\u00eancia (SBPC) convida candidatos a governador a assumir compromissos com a Ci\u00eancia, Tecnologia e Inova\u00e7\u00e3o (CT&amp;I) nas elei\u00e7\u00f5es de 2026. A iniciativa faz parte do Observat\u00f3rio das Elei\u00e7\u00f5es 2026, que re\u00fane propostas da comunidade cient\u00edfica para orientar o debate sobre o desenvolvimento dos estados.<img data-recalc-dims=\"1\" decoding=\"async\" src=\"https:\/\/i0.wp.com\/agenciabrasil.ebc.com.br\/ebc.png?w=696&#038;ssl=1\" style=\"width:1px;height:1px;display:inline\" \/><img data-recalc-dims=\"1\" decoding=\"async\" src=\"https:\/\/i0.wp.com\/agenciabrasil.ebc.com.br\/ebc.gif?w=696&#038;ssl=1\" style=\"width:1px;height:1px;display:inline\" \/><\/p>\n<p>\u201cQual ser\u00e1 o lugar da ci\u00eancia no seu projeto de governo?\u201d, questiona a presidente da SBPC, Francilene Garcia. Segundo ela, os estados j\u00e1 contam com universidades, institutos de pesquisa, pesquisadores, infraestrutura cient\u00edfica e jovens talentos capazes de produzir conhecimento, inova\u00e7\u00e3o e solu\u00e7\u00f5es.<\/p>\n<p>\u201cO desafio do pr\u00f3ximo governo ser\u00e1 saber mobilizar essa capacidade para gerar desenvolvimento, oportunidades e qualidade de vida\u201d, afirma.<\/p>\n<p>O Observat\u00f3rio das Elei\u00e7\u00f5es 2026 apresenta o caderno <em>Vozes da Ci\u00eancia \u2013 O Brasil que Queremos<\/em>, que re\u00fane 117 propostas da comunidade cient\u00edfica, distribu\u00eddas em sete eixos tem\u00e1ticos:<\/p>\n<ul>\n<li>Ci\u00eancia, Tecnologia e Inova\u00e7\u00e3o como Projeto de Na\u00e7\u00e3o;<\/li>\n<li>Soberania Nacional; Sustentabilidade, Clima, Biodiversidade e Seguran\u00e7a Alimentar;<\/li>\n<li>Democracia e Seguran\u00e7a P\u00fablica; Equidade, Diversidade e Justi\u00e7a Social;<\/li>\n<li>Educa\u00e7\u00e3o, Forma\u00e7\u00e3o e Universidade;<\/li>\n<li>Sa\u00fade P\u00fablica, Sa\u00fade Mental e Vigil\u00e2ncia.<\/li>\n<\/ul>\n<h2>Compromissos<\/h2>\n<p>O Observat\u00f3rio funciona como uma via de m\u00e3o dupla. Candidatos a deputado estadual, deputado federal, senador, governador e presidente s\u00e3o convidados a assinar um Termo de Compromisso em Defesa da Ci\u00eancia, da Democracia e da Soberania Nacional.<\/p>\n<p>A sociedade pode acompanhar as ades\u00f5es, divulgadas por cargo e estado, conhecer as propostas elaboradas pela comunidade cient\u00edfica e lev\u00e1-las ao debate eleitoral.<\/p>\n<p>\u201cA quest\u00e3o n\u00e3o \u00e9 apenas o quanto o candidato pretende investir em ci\u00eancia, mas como pretende transformar conhecimento em capacidade de enfrentar os desafios do estado\u201d, diz Garcia.<\/p>\n<p>Entre os compromissos assumidos est\u00e3o tratar a ci\u00eancia como pol\u00edtica de Estado, com financiamento p\u00fablico previs\u00edvel e de longo prazo; fundamentar decis\u00f5es em evid\u00eancias e ouvir a comunidade cient\u00edfica em temas t\u00e9cnicos; defender a autonomia das universidades e institutos p\u00fablicos e a liberdade de pesquisa; proteger a democracia, suas institui\u00e7\u00f5es e a Constitui\u00e7\u00e3o de 1988; e assumir posi\u00e7\u00e3o p\u00fablica sobre as propostas do caderno <em>Vozes da Ci\u00eancia \u2013 O Brasil que Queremos<\/em> relacionadas ao mandato pretendido.<\/p>\n<p>Atualmente, mais de 60 candidatos de diferentes esferas pol\u00edticas j\u00e1 aderiram \u00e0 iniciativa. A participa\u00e7\u00e3o ocorre por meio da assinatura do Termo de Compromisso.<\/p>\n<p>\u00a0<\/p>\n<p>      <!-- Relacionada --><br \/>\n            <!-- Relacionada -->\n    <\/div>\n<p><br \/>\n<br \/><a href=\"https:\/\/agenciabrasil.ebc.com.br\/politica\/noticia\/2026-08\/sbpc-convida-candidatos-governador-se-comprometerem-com-ciencia\" rel=\"noopener\">Informa\u00e7\u00f5es com a Ag\u00eancia Brasil<\/a><\/p>\n","protected":false},"excerpt":{"rendered":"<p>A Sociedade Brasileira para o Progresso da Ci\u00eancia (SBPC) convida candidatos a governador a assumir compromissos com a Ci\u00eancia, Tecnologia e Inova\u00e7\u00e3o (CT&amp;I) nas elei\u00e7\u00f5es de 2026. A iniciativa faz parte do Observat\u00f3rio das Elei\u00e7\u00f5es 2026, que re\u00fane propostas da comunidade cient\u00edfica para orientar o debate sobre o desenvolvimento dos estados. \u201cQual ser\u00e1 o lugar [&hellip;]<\/p>\n","protected":false},"author":1,"featured_media":72622,"comment_status":"closed","ping_status":"open","sticky":false,"template":"","format":"standard","meta":{"_jetpack_newsletter_access":"","_jetpack_dont_email_post_to_subs":false,"_jetpack_newsletter_tier_id":0,"_jetpack_memberships_contains_paywalled_content":false,"_mbp_banners":[],"_jetpack_feature_clip_id":0,"_jetpack_memberships_contains_paid_content":false,"footnotes":"","jetpack_publicize_message":"","jetpack_publicize_feature_enabled":true,"jetpack_social_post_already_shared":true,"jetpack_social_options":{"image_generator_settings":{"template":"highway","default_image_id":0,"font":"","enabled":false},"version":2},"jetpack_post_was_ever_published":false},"categories":[22],"tags":[],"class_list":["post-75317","post","type-post","status-publish","format-standard","has-post-thumbnail","category-nacional"],"jetpack_publicize_connections":[],"jetpack-related-posts":[],"jetpack_shortlink":"https:\/\/wp.me\/p7Eq1F-jAN","jetpack_sharing_enabled":true,"jetpack_featured_media_url":"https:\/\/i0.wp.com\/guialimeira.com.br\/news\/wp-content\/uploads\/2026\/07\/0d7a4285_0.jpg?fit=1600%2C800&ssl=1","_links":{"self":[{"href":"https:\/\/guialimeira.com.br\/news\/wp-json\/wp\/v2\/posts\/75317","targetHints":{"allow":["GET"]}}],"collection":[{"href":"https:\/\/guialimeira.com.br\/news\/wp-json\/wp\/v2\/posts"}],"about":[{"href":"https:\/\/guialimeira.com.br\/news\/wp-json\/wp\/v2\/types\/post"}],"author":[{"embeddable":true,"href":"https:\/\/guialimeira.com.br\/news\/wp-json\/wp\/v2\/users\/1"}],"replies":[{"embeddable":true,"href":"https:\/\/guialimeira.com.br\/news\/wp-json\/wp\/v2\/comments?post=75317"}],"version-history":[{"count":1,"href":"https:\/\/guialimeira.com.br\/news\/wp-json\/wp\/v2\/posts\/75317\/revisions"}],"predecessor-version":[{"id":75318,"href":"https:\/\/guialimeira.com.br\/news\/wp-json\/wp\/v2\/posts\/75317\/revisions\/75318"}],"wp:featuredmedia":[{"embeddable":true,"href":"https:\/\/guialimeira.com.br\/news\/wp-json\/wp\/v2\/media\/72622"}],"wp:attachment":[{"href":"https:\/\/guialimeira.com.br\/news\/wp-json\/wp\/v2\/media?parent=75317"}],"wp:term":[{"taxonomy":"category","embeddable":true,"href":"https:\/\/guialimeira.com.br\/news\/wp-json\/wp\/v2\/categories?post=75317"},{"taxonomy":"post_tag","embeddable":true,"href":"https:\/\/guialimeira.com.br\/news\/wp-json\/wp\/v2\/tags?post=75317"}],"curies":[{"name":"wp","href":"https:\/\/api.w.org\/{rel}","templated":true}]}}