{"id":75315,"date":"2026-08-25T00:50:21","date_gmt":"2026-08-25T03:50:21","guid":{"rendered":"https:\/\/guialimeira.com.br\/?p=75315"},"modified":"2026-08-25T00:50:21","modified_gmt":"2026-08-25T03:50:21","slug":"veja-como-foi-a-segunda-feira-24-dos-candidatos-a-presidente","status":"publish","type":"post","link":"https:\/\/guialimeira.com.br\/news\/veja-como-foi-a-segunda-feira-24-dos-candidatos-a-presidente\/","title":{"rendered":"Veja como foi a segunda-feira (24) dos candidatos a presidente"},"content":{"rendered":"<p> <br \/>\n<\/p>\n<div>\n<p>A agenda dos candidatos \u00e0 Presid\u00eancia da Rep\u00fablica nesta segunda-feira (24) incluiu sabatinas e entrevistas \u00e0 imprensa, al\u00e9m de atividades de prepara\u00e7\u00e3o para a campanha. Tamb\u00e9m est\u00e3o previstas a\u00e7\u00f5es de comunica\u00e7\u00e3o e\u00a0media training.<img data-recalc-dims=\"1\" decoding=\"async\" src=\"https:\/\/i0.wp.com\/agenciabrasil.ebc.com.br\/ebc.png?w=696&#038;ssl=1\" style=\"width:1px;height:1px;display:inline\" \/><img data-recalc-dims=\"1\" decoding=\"async\" src=\"https:\/\/i0.wp.com\/agenciabrasil.ebc.com.br\/ebc.gif?w=696&#038;ssl=1\" style=\"width:1px;height:1px;display:inline\" \/><\/p>\n<h2>&gt;&gt; Veja como foi\u00a0a agenda dos presidenci\u00e1veis hoje\u00a0(24):<\/h2>\n<p><strong>Edmilson Costa (PCB)<\/strong><br \/>O candidato Edmilson Costa participou\u00a0de entrevista para o\u00a0Monitor Mercantil.<\/p>\n<p><strong>Fl\u00e1vio Bolsonaro (PL)<\/strong><br \/>O candidato Fl\u00e1vio Bolsonaro cumpriu agenda em S\u00e3o Paulo nesta segunda-feira (24). \u00c0s 18h, ele participou de reuni\u00e3o da diretoria da Federa\u00e7\u00e3o das Ind\u00fastrias do Estado de S\u00e3o Paulo (Fiesp), na Avenida Paulista.\u00a0<\/p>\n<p>Nesta noite,\u00a0participa do evento Veja Premia\u00e7\u00e3o TOP30 &#8211; As Melhores Empresas do Brasil, no Pal\u00e1cio Tangar\u00e1.\u00a0<\/p>\n<p><strong>Hertz Dias (PSTU)<\/strong><br \/>O candidato Hertz Dias participa, na noite de hoje, da entrevista ao podcast Tr\u00eas Irm\u00e3os, em S\u00e3o Paulo.<\/p>\n<p>Uma das propostas do candidato \u00e9 o\u00a0enfrentamento a\u00a0grandes monop\u00f3lios, da\u00a0precariza\u00e7\u00e3o do trabalho, baixos sal\u00e1rios e o fim da escala 6&#215;1.\u00a0&#8220;O Brasil passa por um acelerado processo de recoloniza\u00e7\u00e3o e de retrocesso diante da domina\u00e7\u00e3o imperialista das grandes pot\u00eancias capitalistas. Essa condi\u00e7\u00e3o aprofunda a desindustrializa\u00e7\u00e3o do pa\u00eds, o empobrecimento da popula\u00e7\u00e3o e a degrada\u00e7\u00e3o econ\u00f4mica e social&#8221;, declarou.<\/p>\n<p><strong>Renan Santos (Miss\u00e3o)<\/strong><br \/>O candidato Renan Santos teve encontro com investidores e empres\u00e1rios, na capital paulista.<\/p>\n<p><strong>Romeu Zema (Novo)<\/strong><br \/>O candidato Romeu Zema\u00a0encontrou-se com pastores e v\u00edtimas do v\u00edcio em\u00a0bets. No encontro, realizado\u00a0na Igreja Assembleia de Deus Minist\u00e9rio Un\u00e7\u00e3o, em Belford Roxo, Zema disse que pretende implantar\u00a0uma pol\u00edtica de combate ao v\u00edcio em apostas online.\u00a0\u00a0<\/p>\n<p>\u201cAs igrejas t\u00eam feito trabalho\u00a0no sentido de tirar essa desgra\u00e7a que est\u00e1 tomando conta das fam\u00edlias brasileiras, que s\u00e3o as bets\u201d, afirmou.<\/p>\n<p>\u00c0s 21h, participa de sabatina na TV Globo.\u00a0\u00a0<\/p>\n<p><strong>Ronaldo Caiado (PSD)<\/strong><br \/>O candidato Ronaldo Caiado<strong>\u00a0<\/strong>participou do evento Pacto Brasil de Futuro, na Casa Jereissati, em S\u00e3o Paulo.\u00a0O documento traz diretrizes para o planejamento governamental.\u00a0<\/p>\n<p>Em entrevista, o candidato disse que uma\u00a0das prioridades de seu governo, se eleito, ser\u00e1 a educa\u00e7\u00e3o.<\/p>\n<p><strong>Samara Martins (UP)<\/strong><br \/>A candidata Samara Martins visitou o acampamento de funcion\u00e1rios da empresa p\u00fablica \u00c1guas e Esgotos do Piau\u00ed (Agespisa) em Teresina,\u00a0que foram demitidos ap\u00f3s a privatiza\u00e7\u00e3o.\u00a0 Durante a visita, ela defendeu um novo processo de industrializa\u00e7\u00e3o do pa\u00eds.<\/p>\n<p>&#8220;A gente tem se comportado como mero exportador de mat\u00e9ria-prima e importando as coisas j\u00e1 industrializadas. O Brasil \u00e9 completamente capaz de ser um pa\u00eds soberano, um pa\u00eds independente que n\u00e3o depende de nenhum pa\u00eds imperialista&#8221;, disse.<\/p>\n<p><strong>Wilson Grassi (Democrata)<\/strong><br \/>O\u00a0candidato Wilson Grassi teve reuni\u00f5es com a\u00a0equipe de comunica\u00e7\u00e3o da campanha. Na parte da tarde, concedeu entrevista \u00e0 Gazeta de S\u00e3o Paulo.<\/p>\n<p><strong>Augusto Cury (Avante)<\/strong><br \/>O candidato Augusto Cury defendeu, em sabatinas da TMC\/Transam\u00e9rica e do\u00a0Canal Rural, a\u00a0proposta\u00a0de\u00a0dividir o Banco Nacional de Desenvolvimento Econ\u00f4mico e Social (BNDES), como\u00a0forma, segundo o candidato, de atender melhor\u00a0cada tipo de empresa.<\/p>\n<p>\u201cV\u00eam a\u00ed a IA [intelig\u00eancia artificial] e a rob\u00f3tica. Precisamos financiar 10 milh\u00f5es de microempresas nos pr\u00f3ximos oito\u00a0a dez\u00a0anos. Precisamos dividir o BNDES\u00a0em dois. Caso contr\u00e1rio, se deixar nas m\u00e3os das grandes empresas, vai ter desemprego em massa\u201d, disse o candidato.<\/p>\n<p>Os candidatos Clariana Bar\u00e3o (DC),\u00a0\u00a0Luiz In\u00e1cio Lula da Silva (PT) e\u00a0Rui Costa Pimenta (PCO)\u00a0n\u00e3o tiveram agenda p\u00fablica.<\/p>\n<p>Ap\u00f3s decis\u00e3o do Tribunal Superior Eleitoral (TSE), o candidato\u00a0Pablo Mar\u00e7al (PRTB)\u00a0est\u00e1 proibido de fazer campanha eleitoral, comparecer a debates e participar do hor\u00e1rio eleitoral no r\u00e1dio e na TV.\u00a0<\/p>\n<h2>&gt;&gt; Assista na TV Brasil<\/h2>\n<p><span class=\"embed-youtube\" style=\"text-align:center; display: block;\"><iframe loading=\"lazy\" class=\"youtube-player\" width=\"696\" height=\"392\" src=\"https:\/\/www.youtube.com\/embed\/P2jg0TeOekY?version=3&#038;rel=1&#038;showsearch=0&#038;showinfo=1&#038;iv_load_policy=1&#038;fs=1&#038;hl=pt-BR&#038;autohide=2&#038;wmode=transparent\" allowfullscreen=\"true\" style=\"border:0;\" sandbox=\"allow-scripts allow-same-origin allow-popups allow-presentation allow-popups-to-escape-sandbox\"><\/iframe><\/span><\/p>\n<p><em>* Colaboraram Luciano Nascimento (S\u00e3o Lu\u00eds), Pedro Peduzzi (Bras\u00edlia), reda\u00e7\u00e3o de S\u00e3o Paulo e TV Brasil<\/em><\/p>\n<p>      <!-- Relacionada --><\/p>\n<p>            <!-- Relacionada -->\n    <\/div>\n<p><br \/>\n<br \/><a href=\"https:\/\/agenciabrasil.ebc.com.br\/politica\/noticia\/2026-08\/veja-como-foi-segunda-feira-24-dos-candidatos-presidente\" rel=\"noopener\">Informa\u00e7\u00f5es com a Ag\u00eancia Brasil<\/a><\/p>\n","protected":false},"excerpt":{"rendered":"<p>A agenda dos candidatos \u00e0 Presid\u00eancia da Rep\u00fablica nesta segunda-feira (24) incluiu sabatinas e entrevistas \u00e0 imprensa, al\u00e9m de atividades de prepara\u00e7\u00e3o para a campanha. Tamb\u00e9m est\u00e3o previstas a\u00e7\u00f5es de comunica\u00e7\u00e3o e\u00a0media training. &gt;&gt; Veja como foi\u00a0a agenda dos presidenci\u00e1veis hoje\u00a0(24): Edmilson Costa (PCB)O candidato Edmilson Costa participou\u00a0de entrevista para o\u00a0Monitor Mercantil. Fl\u00e1vio Bolsonaro (PL)O [&hellip;]<\/p>\n","protected":false},"author":1,"featured_media":73550,"comment_status":"closed","ping_status":"open","sticky":false,"template":"","format":"standard","meta":{"_jetpack_newsletter_access":"","_jetpack_dont_email_post_to_subs":false,"_jetpack_newsletter_tier_id":0,"_jetpack_memberships_contains_paywalled_content":false,"_mbp_banners":[],"_jetpack_feature_clip_id":0,"_jetpack_memberships_contains_paid_content":false,"footnotes":"","jetpack_publicize_message":"","jetpack_publicize_feature_enabled":true,"jetpack_social_post_already_shared":true,"jetpack_social_options":{"image_generator_settings":{"template":"highway","default_image_id":0,"font":"","enabled":false},"version":2},"jetpack_post_was_ever_published":false},"categories":[22],"tags":[],"class_list":["post-75315","post","type-post","status-publish","format-standard","has-post-thumbnail","category-nacional"],"jetpack_publicize_connections":[],"jetpack-related-posts":[],"jetpack_shortlink":"https:\/\/wp.me\/p7Eq1F-jAL","jetpack_sharing_enabled":true,"jetpack_featured_media_url":"https:\/\/i0.wp.com\/guialimeira.com.br\/news\/wp-content\/uploads\/2026\/08\/eleicoes-2026-banner.png?fit=1600%2C800&ssl=1","_links":{"self":[{"href":"https:\/\/guialimeira.com.br\/news\/wp-json\/wp\/v2\/posts\/75315","targetHints":{"allow":["GET"]}}],"collection":[{"href":"https:\/\/guialimeira.com.br\/news\/wp-json\/wp\/v2\/posts"}],"about":[{"href":"https:\/\/guialimeira.com.br\/news\/wp-json\/wp\/v2\/types\/post"}],"author":[{"embeddable":true,"href":"https:\/\/guialimeira.com.br\/news\/wp-json\/wp\/v2\/users\/1"}],"replies":[{"embeddable":true,"href":"https:\/\/guialimeira.com.br\/news\/wp-json\/wp\/v2\/comments?post=75315"}],"version-history":[{"count":1,"href":"https:\/\/guialimeira.com.br\/news\/wp-json\/wp\/v2\/posts\/75315\/revisions"}],"predecessor-version":[{"id":75316,"href":"https:\/\/guialimeira.com.br\/news\/wp-json\/wp\/v2\/posts\/75315\/revisions\/75316"}],"wp:featuredmedia":[{"embeddable":true,"href":"https:\/\/guialimeira.com.br\/news\/wp-json\/wp\/v2\/media\/73550"}],"wp:attachment":[{"href":"https:\/\/guialimeira.com.br\/news\/wp-json\/wp\/v2\/media?parent=75315"}],"wp:term":[{"taxonomy":"category","embeddable":true,"href":"https:\/\/guialimeira.com.br\/news\/wp-json\/wp\/v2\/categories?post=75315"},{"taxonomy":"post_tag","embeddable":true,"href":"https:\/\/guialimeira.com.br\/news\/wp-json\/wp\/v2\/tags?post=75315"}],"curies":[{"name":"wp","href":"https:\/\/api.w.org\/{rel}","templated":true}]}}