{"id":75299,"date":"2026-08-24T20:45:05","date_gmt":"2026-08-24T23:45:05","guid":{"rendered":"https:\/\/guialimeira.com.br\/?p=75299"},"modified":"2026-08-24T20:45:05","modified_gmt":"2026-08-24T23:45:05","slug":"medidas-protetivas-para-mulheres-crescem-43-no-estado-do-rio","status":"publish","type":"post","link":"https:\/\/guialimeira.com.br\/news\/medidas-protetivas-para-mulheres-crescem-43-no-estado-do-rio\/","title":{"rendered":"Medidas protetivas para mulheres crescem 43% no estado do Rio"},"content":{"rendered":"<p> <br \/>\n<\/p>\n<div>\n<p>A Justi\u00e7a do Rio de Janeiro ampliou, em 2026, a atua\u00e7\u00e3o no enfrentamento \u00e0 viol\u00eancia contra a mulher. <strong>Dados do Observat\u00f3rio Judicial de Viol\u00eancia contra a Mulher do Tribunal de Justi\u00e7a do Rio de Janeiro (TJRJ) apontam que, entre janeiro e julho deste ano, os magistrados concederam 57.498 medidas protetivas de urg\u00eancia em todo o estado, contra 40.201 no mesmo per\u00edodo do ano passado, um aumento de 43%.<\/strong><img data-recalc-dims=\"1\" decoding=\"async\" src=\"https:\/\/i0.wp.com\/agenciabrasil.ebc.com.br\/ebc.png?w=696&#038;ssl=1\" style=\"width:1px;height:1px;display:inline\" \/><img data-recalc-dims=\"1\" decoding=\"async\" src=\"https:\/\/i0.wp.com\/agenciabrasil.ebc.com.br\/ebc.gif?w=696&#038;ssl=1\" style=\"width:1px;height:1px;display:inline\" \/><\/p>\n<p><strong>As pris\u00f5es de agressores tamb\u00e9m registraram crescimento: foram entre janeiro e agosto de 2026, contra 1.780 nos primeiros oito meses de 2025<\/strong>.<\/p>\n<p>Os dados, atualizados at\u00e9 20 de agosto, mostram ainda que o Judici\u00e1rio fluminense realizou 12.508 audi\u00eancias e proferiu 48.506 senten\u00e7as.<\/p>\n<p>O Judici\u00e1rio fluminense atua em um cen\u00e1rio de aumento dos registros de viol\u00eancia dom\u00e9stica no estado. Entre janeiro e julho, foram distribu\u00eddos 59.834 novos processos relacionados \u00e0 viol\u00eancia contra a mulher, cerca de 10 mil a mais que no mesmo per\u00edodo de 2025, quando foram registrados 49.711 casos. Do total de novos processos deste ano, 49,3% est\u00e3o relacionados \u00e0 viol\u00eancia f\u00edsica.<\/p>\n<p>Somente nos primeiros 20 dias de agosto, foram iniciados 4.468 processos na \u00e1rea de viol\u00eancia de g\u00eanero. <strong>No primeiro semestre, foram registrados 70 novos casos de feminic\u00eddio no estado<\/strong>.<\/p>\n<h2>Acolhimento<\/h2>\n<p>O TJRJ mant\u00e9m iniciativas destinadas a ampliar o acesso das mulheres \u00e0 Justi\u00e7a e oferecer acolhimento especializado \u00e0s v\u00edtimas de viol\u00eancia. Entre janeiro e julho de 2026, a Sala Lil\u00e1s, espa\u00e7o destinado ao atendimento humanizado de mulheres v\u00edtimas de viol\u00eancia dom\u00e9stica f\u00edsica e sexual, instalada no Instituto M\u00e9dico Legal (IML), realizou 3.166 atendimentos. A medida busca proporcionar um ambiente reservado e acolhedor, contribuindo para reduzir a exposi\u00e7\u00e3o e a revitimiza\u00e7\u00e3o durante o atendimento.<\/p>\n<h2>Maria da Penha Virtual<\/h2>\n<p>O Judici\u00e1rio criou tamb\u00e9m o aplicativo Maria da Penha Virtual, que permite \u00e0s mulheres em situa\u00e7\u00e3o de viol\u00eancia solicitar medidas protetivas de urg\u00eancia pela internet, sem a necessidade de comparecimento presencial ao f\u00f3rum.<\/p>\n<p>At\u00e9 20 de agosto de 2026, a plataforma recebeu 3.788 pedidos de medidas protetivas, facilitando o acesso \u00e0 Justi\u00e7a e oferecendo uma alternativa mais \u00e1gil e segura para mulheres que necessitam de prote\u00e7\u00e3o.<\/p>\n<p>      <!-- Relacionada --><\/p>\n<p>            <!-- Relacionada -->\n    <\/div>\n<p><br \/>\n<br \/><a href=\"https:\/\/agenciabrasil.ebc.com.br\/justica\/noticia\/2026-08\/medidas-protetivas-para-mulheres-crescem-43-no-estado-do-rio\" rel=\"noopener\">Informa\u00e7\u00f5es com a Ag\u00eancia Brasil<\/a><\/p>\n","protected":false},"excerpt":{"rendered":"<p>A Justi\u00e7a do Rio de Janeiro ampliou, em 2026, a atua\u00e7\u00e3o no enfrentamento \u00e0 viol\u00eancia contra a mulher. Dados do Observat\u00f3rio Judicial de Viol\u00eancia contra a Mulher do Tribunal de Justi\u00e7a do Rio de Janeiro (TJRJ) apontam que, entre janeiro e julho deste ano, os magistrados concederam 57.498 medidas protetivas de urg\u00eancia em todo o [&hellip;]<\/p>\n","protected":false},"author":1,"featured_media":57566,"comment_status":"closed","ping_status":"open","sticky":false,"template":"","format":"standard","meta":{"_jetpack_newsletter_access":"","_jetpack_dont_email_post_to_subs":false,"_jetpack_newsletter_tier_id":0,"_jetpack_memberships_contains_paywalled_content":false,"_mbp_banners":[],"_jetpack_feature_clip_id":0,"_jetpack_memberships_contains_paid_content":false,"footnotes":"","jetpack_publicize_message":"","jetpack_publicize_feature_enabled":true,"jetpack_social_post_already_shared":true,"jetpack_social_options":{"image_generator_settings":{"template":"highway","default_image_id":0,"font":"","enabled":false},"version":2},"jetpack_post_was_ever_published":false},"categories":[22],"tags":[],"class_list":["post-75299","post","type-post","status-publish","format-standard","has-post-thumbnail","category-nacional"],"jetpack_publicize_connections":[],"jetpack-related-posts":[],"jetpack_shortlink":"https:\/\/wp.me\/p7Eq1F-jAv","jetpack_sharing_enabled":true,"jetpack_featured_media_url":"https:\/\/i0.wp.com\/guialimeira.com.br\/news\/wp-content\/uploads\/2026\/03\/mcm_5729_0.jpg?fit=1600%2C800&ssl=1","_links":{"self":[{"href":"https:\/\/guialimeira.com.br\/news\/wp-json\/wp\/v2\/posts\/75299","targetHints":{"allow":["GET"]}}],"collection":[{"href":"https:\/\/guialimeira.com.br\/news\/wp-json\/wp\/v2\/posts"}],"about":[{"href":"https:\/\/guialimeira.com.br\/news\/wp-json\/wp\/v2\/types\/post"}],"author":[{"embeddable":true,"href":"https:\/\/guialimeira.com.br\/news\/wp-json\/wp\/v2\/users\/1"}],"replies":[{"embeddable":true,"href":"https:\/\/guialimeira.com.br\/news\/wp-json\/wp\/v2\/comments?post=75299"}],"version-history":[{"count":1,"href":"https:\/\/guialimeira.com.br\/news\/wp-json\/wp\/v2\/posts\/75299\/revisions"}],"predecessor-version":[{"id":75300,"href":"https:\/\/guialimeira.com.br\/news\/wp-json\/wp\/v2\/posts\/75299\/revisions\/75300"}],"wp:featuredmedia":[{"embeddable":true,"href":"https:\/\/guialimeira.com.br\/news\/wp-json\/wp\/v2\/media\/57566"}],"wp:attachment":[{"href":"https:\/\/guialimeira.com.br\/news\/wp-json\/wp\/v2\/media?parent=75299"}],"wp:term":[{"taxonomy":"category","embeddable":true,"href":"https:\/\/guialimeira.com.br\/news\/wp-json\/wp\/v2\/categories?post=75299"},{"taxonomy":"post_tag","embeddable":true,"href":"https:\/\/guialimeira.com.br\/news\/wp-json\/wp\/v2\/tags?post=75299"}],"curies":[{"name":"wp","href":"https:\/\/api.w.org\/{rel}","templated":true}]}}