{"id":75288,"date":"2026-08-24T17:40:43","date_gmt":"2026-08-24T20:40:43","guid":{"rendered":"https:\/\/guialimeira.com.br\/?p=75288"},"modified":"2026-08-24T17:40:43","modified_gmt":"2026-08-24T20:40:43","slug":"lula-e-edorgan-combinam-criacao-de-conselho-entre-brasil-e-turquia","status":"publish","type":"post","link":"https:\/\/guialimeira.com.br\/news\/lula-e-edorgan-combinam-criacao-de-conselho-entre-brasil-e-turquia\/","title":{"rendered":"Lula e Edorgan combinam cria\u00e7\u00e3o de conselho entre Brasil e Turquia"},"content":{"rendered":"<p> <br \/>\n<\/p>\n<div>\n<p><strong>Em uma chamada telef\u00f4nica nesta segunda-feira (24), o presidente da Rep\u00fablica brasileiro, Luiz In\u00e1cio Lula da Silva, combinou, com o\u00a0presidente da Turquia, Recep Erdogan, a cria\u00e7\u00e3o de um Conselho Estrat\u00e9gico, em\u00a0n\u00edvel vice-presidencial, para aprofundar as rela\u00e7\u00f5es entre os dois pa\u00edses.<\/strong><img data-recalc-dims=\"1\" decoding=\"async\" src=\"https:\/\/i0.wp.com\/agenciabrasil.ebc.com.br\/ebc.png?w=696&#038;ssl=1\" style=\"width:1px;height:1px;display:inline\" \/><img data-recalc-dims=\"1\" decoding=\"async\" src=\"https:\/\/i0.wp.com\/agenciabrasil.ebc.com.br\/ebc.gif?w=696&#038;ssl=1\" style=\"width:1px;height:1px;display:inline\" \/><\/p>\n<p>\u201cO Presidente Lula afirmou que o Brasil tenciona ampliar investimentos na \u00e1rea de defesa e expressou interesse em fomentar parcerias entre empresas brasileiras e turcas nesse setor\u201d, informou, em nota, a Secretaria de Comunica\u00e7\u00e3o Social da Presid\u00eancia da Rep\u00fablica (Secom).<\/p>\n<p>O Pal\u00e1cio do Planalto\u00a0afirmou que<strong> foi acordado o envio \u00e0 Turquia de delega\u00e7\u00e3o brasileira chefiada pelos ministros da Defesa,\u00a0Jos\u00e9 Mucio Monteiro;\u00a0e do Desenvolvimento, Ind\u00fastria, Com\u00e9rcio e Servi\u00e7os,\u00a0M\u00e1rcio Elias Rosa, para tratar do tema.<\/strong><\/p>\n<p>\u201cAmbos celebraram a recente ratifica\u00e7\u00e3o, pelos Parlamentos dos dois pa\u00edses, do Acordo de Coopera\u00e7\u00e3o em Ind\u00fastria de Defesa\u201d, acrescentou a nota oficial do Planalto.<\/p>\n<p><strong>Os presidentes Lula e Erdogan tamb\u00e9m discutiram os conflitos b\u00e9licos ao redor do mundo<\/strong>, lamentando a persist\u00eancias das guerras em curso, \u201ce enfatizaram a import\u00e2ncia de intensificar o di\u00e1logo para encontrar caminhos para a paz na Ucr\u00e2nia e no Oriente M\u00e9dio\u201d.<\/p>\n<p>O presidente turco ainda convidou o presidente Lula a participar da 31\u00aa Confer\u00eancia das Na\u00e7\u00f5es Unidas sobre Mudan\u00e7as Clim\u00e1ticas (COP31), a ser realizada em Ant\u00e1lia, cidade do Sul da Turquia, no m\u00eas de novembro. \u201cLula agradeceu e aceitou o convite, expressando expectativa de encontr\u00e1-lo em breve\u201d, completou a nota.<\/p>\n<h2>Turquia comenta<\/h2>\n<p>Em comunicado, o governo turco afirmou ser um prazer\u00a0ver o desenvolvimento das rela\u00e7\u00f5es entre os dois pa\u00edses, destacando que esse aprofundamento bilateral beneficiar\u00e1 o Brasil e a Turquia, em especial, nas \u00e1reas de investimento, com\u00e9rcio e ind\u00fastria de defesa.<\/p>\n<p>\u201cO presidente Erdo\u011fan afirmou acreditar que os dois pa\u00edses poderiam implementar um modelo de coopera\u00e7\u00e3o econ\u00f4mica que aumentaria a prosperidade de seus povos, mesmo diante das tend\u00eancias protecionistas\u201d, afirmou o <a href=\"https:\/\/www.iletisim.gov.tr\/english\/haberler\/detay\/president-erdogan-president-lula-da-silva-of-brazil-talk-over-phone-24-08-26\" target=\"_blank\" rel=\"noopener\">comunicado<\/a> do governo da Turquia.<\/p>\n<p>      <!-- Relacionada --><\/p>\n<p>            <!-- Relacionada -->\n    <\/div>\n<p><br \/>\n<br \/><a href=\"https:\/\/agenciabrasil.ebc.com.br\/internacional\/noticia\/2026-08\/lula-e-edorgan-combinam-criacao-de-conselho-entre-brasil-e-turquia\" rel=\"noopener\">Informa\u00e7\u00f5es com a Ag\u00eancia Brasil<\/a><\/p>\n","protected":false},"excerpt":{"rendered":"<p>Em uma chamada telef\u00f4nica nesta segunda-feira (24), o presidente da Rep\u00fablica brasileiro, Luiz In\u00e1cio Lula da Silva, combinou, com o\u00a0presidente da Turquia, Recep Erdogan, a cria\u00e7\u00e3o de um Conselho Estrat\u00e9gico, em\u00a0n\u00edvel vice-presidencial, para aprofundar as rela\u00e7\u00f5es entre os dois pa\u00edses. \u201cO Presidente Lula afirmou que o Brasil tenciona ampliar investimentos na \u00e1rea de defesa e [&hellip;]<\/p>\n","protected":false},"author":1,"featured_media":75289,"comment_status":"closed","ping_status":"open","sticky":false,"template":"","format":"standard","meta":{"_jetpack_newsletter_access":"","_jetpack_dont_email_post_to_subs":false,"_jetpack_newsletter_tier_id":0,"_jetpack_memberships_contains_paywalled_content":false,"_mbp_banners":[],"_jetpack_feature_clip_id":0,"_jetpack_memberships_contains_paid_content":false,"footnotes":"","jetpack_publicize_message":"","jetpack_publicize_feature_enabled":true,"jetpack_social_post_already_shared":true,"jetpack_social_options":{"image_generator_settings":{"template":"highway","default_image_id":0,"font":"","enabled":false},"version":2},"jetpack_post_was_ever_published":false},"categories":[22],"tags":[],"class_list":["post-75288","post","type-post","status-publish","format-standard","has-post-thumbnail","category-nacional"],"jetpack_publicize_connections":[],"jetpack-related-posts":[],"jetpack_shortlink":"https:\/\/wp.me\/p7Eq1F-jAk","jetpack_sharing_enabled":true,"jetpack_featured_media_url":"https:\/\/i0.wp.com\/guialimeira.com.br\/news\/wp-content\/uploads\/2026\/08\/54147191684_15c2be255c_c-e1731884748290.jpg?fit=1600%2C800&ssl=1","_links":{"self":[{"href":"https:\/\/guialimeira.com.br\/news\/wp-json\/wp\/v2\/posts\/75288","targetHints":{"allow":["GET"]}}],"collection":[{"href":"https:\/\/guialimeira.com.br\/news\/wp-json\/wp\/v2\/posts"}],"about":[{"href":"https:\/\/guialimeira.com.br\/news\/wp-json\/wp\/v2\/types\/post"}],"author":[{"embeddable":true,"href":"https:\/\/guialimeira.com.br\/news\/wp-json\/wp\/v2\/users\/1"}],"replies":[{"embeddable":true,"href":"https:\/\/guialimeira.com.br\/news\/wp-json\/wp\/v2\/comments?post=75288"}],"version-history":[{"count":1,"href":"https:\/\/guialimeira.com.br\/news\/wp-json\/wp\/v2\/posts\/75288\/revisions"}],"predecessor-version":[{"id":75290,"href":"https:\/\/guialimeira.com.br\/news\/wp-json\/wp\/v2\/posts\/75288\/revisions\/75290"}],"wp:featuredmedia":[{"embeddable":true,"href":"https:\/\/guialimeira.com.br\/news\/wp-json\/wp\/v2\/media\/75289"}],"wp:attachment":[{"href":"https:\/\/guialimeira.com.br\/news\/wp-json\/wp\/v2\/media?parent=75288"}],"wp:term":[{"taxonomy":"category","embeddable":true,"href":"https:\/\/guialimeira.com.br\/news\/wp-json\/wp\/v2\/categories?post=75288"},{"taxonomy":"post_tag","embeddable":true,"href":"https:\/\/guialimeira.com.br\/news\/wp-json\/wp\/v2\/tags?post=75288"}],"curies":[{"name":"wp","href":"https:\/\/api.w.org\/{rel}","templated":true}]}}