{"id":75282,"date":"2026-08-24T16:50:16","date_gmt":"2026-08-24T19:50:16","guid":{"rendered":"https:\/\/guialimeira.com.br\/vereadores-juniores-participam-de-oficina-sobre-como-funciona-o-processo-legislativo\/"},"modified":"2026-08-24T16:50:16","modified_gmt":"2026-08-24T19:50:16","slug":"vereadores-juniores-participam-de-oficina-sobre-como-funciona-o-processo-legislativo","status":"publish","type":"post","link":"https:\/\/guialimeira.com.br\/news\/vereadores-juniores-participam-de-oficina-sobre-como-funciona-o-processo-legislativo\/","title":{"rendered":"Vereadores juniores participam de oficina sobre como funciona o processo legislativo"},"content":{"rendered":"<p>Vereadores juniores participam de oficina sobre como funciona o processo legislativo<\/p>\n<p>A C\u00e2mara Municipal, por meio da Escola Legislativa Paulo Freire, realizou na \u00faltima sexta-feira, 21 de agosto, uma oficina para os vereadores juniores da atual legislatura sobre quais as fun\u00e7\u00f5es de um vereador. Os jovens aprenderam sobre a tramita\u00e7\u00e3o de proposi\u00e7\u00f5es e sobre como funcionam as elei\u00e7\u00f5es para o cargo Legislativo.<\/p>\n<p>Durante o treinamento, os jovens parlamentares aprenderam sobre como s\u00e3o protocolados os projetos de lei, mo\u00e7\u00f5es, indica\u00e7\u00f5es e requerimentos, viram como funciona o processo para se candidatar para o cargo na Casa Legislativa, como funcionam as Comiss\u00f5es Permanentes da C\u00e2mara Municipal, como \u00e9 feita as reuni\u00f5es e sess\u00f5es ordin\u00e1rias e quais as fun\u00e7\u00f5es de um vereador no Munic\u00edpio. O vereador Jo\u00e3o Antunes Bano (Solidariedade) esteve presente durante o evento.<\/p>\n<p>Parlamento Jovem<\/p>\n<p>A C\u00e2mara de Vereadores Juniores foi criada por meio da Resolu\u00e7\u00e3o N\u00ba 843\/2023, de autoria da Mesa Diretora, que disp\u00f5e sobre a cria\u00e7\u00e3o do projeto &#8220;Parlamento Jovem&#8221;. Fazem parte da atividade 21 alunos representantes das escolas p\u00fablicas e particulares de Limeira, de 12 a 16 anos, com mandato de um ano.<\/p>\n<hr>\n<p><em>Fonte: <a href=\"https:\/\/www.limeira.sp.leg.br\/noticias\/view\/2026-08-24_vereadores-juniores-participam-de-oficina-sobre-como-funciona-o-processo-legislativo\" target=\"_blank\" rel=\"noopener\">C\u00e2mara Municipal de Limeira<\/a><\/em><\/p>\n","protected":false},"excerpt":{"rendered":"<p>Vereadores juniores participam de oficina sobre como funciona o processo legislativo<\/p>\n<p>A C\u00e2mara Municipal, por meio da Escola Legislativa Paulo Freire, realizou na \u00faltima sexta-feira, 21 de agosto, uma oficina para os vereadores juniores da atual legislatura sobre quais as fun\u00e7\u00f5es de um vereador. Os <\/p>\n","protected":false},"author":4,"featured_media":75281,"comment_status":"","ping_status":"open","sticky":false,"template":"","format":"standard","meta":{"_jetpack_newsletter_access":"","_jetpack_dont_email_post_to_subs":false,"_jetpack_newsletter_tier_id":0,"_jetpack_memberships_contains_paywalled_content":false,"_mbp_banners":[],"_jetpack_feature_clip_id":0,"_jetpack_memberships_contains_paid_content":false,"footnotes":"","jetpack_publicize_message":"","jetpack_publicize_feature_enabled":true,"jetpack_social_post_already_shared":true,"jetpack_social_options":{"image_generator_settings":{"template":"highway","default_image_id":0,"font":"","enabled":false},"version":2},"jetpack_post_was_ever_published":false},"categories":[19],"tags":[],"class_list":["post-75282","post","type-post","status-publish","format-standard","has-post-thumbnail","category-politica"],"jetpack_publicize_connections":[],"jetpack-related-posts":[],"jetpack_shortlink":"https:\/\/wp.me\/p7Eq1F-jAe","jetpack_sharing_enabled":true,"jetpack_featured_media_url":"https:\/\/i0.wp.com\/guialimeira.com.br\/news\/wp-content\/uploads\/2026\/08\/noticia-camara-48.jpg?fit=1280%2C640&ssl=1","_links":{"self":[{"href":"https:\/\/guialimeira.com.br\/news\/wp-json\/wp\/v2\/posts\/75282","targetHints":{"allow":["GET"]}}],"collection":[{"href":"https:\/\/guialimeira.com.br\/news\/wp-json\/wp\/v2\/posts"}],"about":[{"href":"https:\/\/guialimeira.com.br\/news\/wp-json\/wp\/v2\/types\/post"}],"author":[{"embeddable":true,"href":"https:\/\/guialimeira.com.br\/news\/wp-json\/wp\/v2\/users\/4"}],"replies":[{"embeddable":true,"href":"https:\/\/guialimeira.com.br\/news\/wp-json\/wp\/v2\/comments?post=75282"}],"version-history":[{"count":0,"href":"https:\/\/guialimeira.com.br\/news\/wp-json\/wp\/v2\/posts\/75282\/revisions"}],"wp:featuredmedia":[{"embeddable":true,"href":"https:\/\/guialimeira.com.br\/news\/wp-json\/wp\/v2\/media\/75281"}],"wp:attachment":[{"href":"https:\/\/guialimeira.com.br\/news\/wp-json\/wp\/v2\/media?parent=75282"}],"wp:term":[{"taxonomy":"category","embeddable":true,"href":"https:\/\/guialimeira.com.br\/news\/wp-json\/wp\/v2\/categories?post=75282"},{"taxonomy":"post_tag","embeddable":true,"href":"https:\/\/guialimeira.com.br\/news\/wp-json\/wp\/v2\/tags?post=75282"}],"curies":[{"name":"wp","href":"https:\/\/api.w.org\/{rel}","templated":true}]}}