{"id":75278,"date":"2026-08-24T16:38:49","date_gmt":"2026-08-24T19:38:49","guid":{"rendered":"https:\/\/guialimeira.com.br\/?p=75278"},"modified":"2026-08-24T16:38:49","modified_gmt":"2026-08-24T19:38:49","slug":"mobilizacao-nacional-coleta-dna-de-parentes-de-desaparecidos","status":"publish","type":"post","link":"https:\/\/guialimeira.com.br\/news\/mobilizacao-nacional-coleta-dna-de-parentes-de-desaparecidos\/","title":{"rendered":"Mobiliza\u00e7\u00e3o nacional coleta DNA de parentes de desaparecidos"},"content":{"rendered":"<p> <br \/>\n<\/p>\n<div>\n<p>O Minist\u00e9rio da Justi\u00e7a e Seguran\u00e7a P\u00fablica e os institutos de per\u00edcia federal e estaduais iniciaram, nesta segunda-feira (24), a quarta Mobiliza\u00e7\u00e3o Nacional de Coleta de DNA de Familiares de Pessoas Desaparecidas.<img data-recalc-dims=\"1\" decoding=\"async\" src=\"https:\/\/i0.wp.com\/agenciabrasil.ebc.com.br\/ebc.png?w=696&#038;ssl=1\" style=\"width:1px;height:1px;display:inline\" \/><img data-recalc-dims=\"1\" decoding=\"async\" src=\"https:\/\/i0.wp.com\/agenciabrasil.ebc.com.br\/ebc.gif?w=696&#038;ssl=1\" style=\"width:1px;height:1px;display:inline\" \/><\/p>\n<p><strong>A campanha busca incentivar os parentes de pessoas desaparecidas a doarem amostras de material gen\u00e9tico (DNA) que possa ajudar na identifica\u00e7\u00e3o e localiza\u00e7\u00e3o de pessoas declaradas desaparecidas<\/strong>. Quem j\u00e1 doou o material anteriormente n\u00e3o precisa repetir o procedimento.<\/p>\n<p>A mobiliza\u00e7\u00e3o se estender\u00e1 at\u00e9 a pr\u00f3xima sexta-feira (28) <a href=\"https:\/\/www.gov.br\/mj\/pt-br\/acesso-a-informacao\/acoes-e-programas\/mobilizacao-nacional\/coleta-de-dna-de-familiares-de-pessoas-desaparecidas-1\/\" target=\"_blank\" rel=\"noopener\">em 342 postos de coleta em todas as unidades da federa\u00e7\u00e3o<\/a> \u2013 inclusive no pr\u00f3prio Pal\u00e1cio da Justi\u00e7a, edif\u00edcio-sede do minist\u00e9rio, em Bras\u00edlia (DF).<\/p>\n<p>Apesar disso, <strong>a\u00a0doa\u00e7\u00e3o pode ser feita a qualquer momento, em laborat\u00f3rios ou institutos de per\u00edcia aptos a coletarem o material gen\u00e9tico, e independentemente do tempo que a pessoa procurada estiver sumida<\/strong>.<\/p>\n<p>Os interessados devem se dirigir a um dos postos de coleta portando seu documento de identifica\u00e7\u00e3o e, se poss\u00edvel, uma c\u00f3pia do Boletim de Ocorr\u00eancia (BO) do desaparecimento, ou informa\u00e7\u00f5es a respeito deste (n\u00famero do registro; delegacia, estado de registro etc).<\/p>\n<h2>Quem pode doar?<\/h2>\n<p>O Minist\u00e9rio da Justi\u00e7a e Seguran\u00e7a P\u00fablica recomenda que a doa\u00e7\u00e3o seja feita por parentes de primeiro grau da pessoa desaparecida. De prefer\u00eancia, na seguinte ordem: pai ou m\u00e3e biol\u00f3gicos; filhos biol\u00f3gicos e o outro genitor, e, por fim, irm\u00e3os biol\u00f3gicos \u2013 filhos do mesmo pai e da mesma m\u00e3e.<\/p>\n<p>Crian\u00e7as tamb\u00e9m podem doar material gen\u00e9tico, desde acompanhadas pelo respons\u00e1vel legal. A doa\u00e7\u00e3o pode ser feita em qualquer ponto de coleta oficial, independentemente da regi\u00e3o onde a pessoa tenha desaparecido.<\/p>\n<p><strong>O procedimento \u00e9 simples, podendo ser feito de duas formas: passando um cotonete no interior da boca do doador ou colhendo uma gota de seu sangue, tirada de seu dedo<\/strong>.<\/p>\n<p>O material gen\u00e9tico coletado s\u00f3 pode ser usado com o prop\u00f3sito de identificar pessoas desaparecidas. O DNA dos familiares \u00e9 comparado com o de pessoas n\u00e3o identificadas (vivas ou falecidas) cadastrado nos bancos de DNA. Se o resultado apontar o parentesco, peritos elaborar\u00e3o um laudo oficial que ser\u00e1 encaminhado \u00e0 delegacia respons\u00e1vel pelo caso, cuja equipe entrar\u00e1 em contato com a fam\u00edlia.<\/p>\n<p>      <!-- Relacionada --><\/p>\n<p>            <!-- Relacionada -->\n    <\/div>\n<p><br \/>\n<br \/><a href=\"https:\/\/agenciabrasil.ebc.com.br\/direitos-humanos\/noticia\/2026-08\/mobilizacao-nacional-coleta-dna-de-parentes-de-desaparecidos\" rel=\"noopener\">Informa\u00e7\u00f5es com a Ag\u00eancia Brasil<\/a><\/p>\n","protected":false},"excerpt":{"rendered":"<p>O Minist\u00e9rio da Justi\u00e7a e Seguran\u00e7a P\u00fablica e os institutos de per\u00edcia federal e estaduais iniciaram, nesta segunda-feira (24), a quarta Mobiliza\u00e7\u00e3o Nacional de Coleta de DNA de Familiares de Pessoas Desaparecidas. A campanha busca incentivar os parentes de pessoas desaparecidas a doarem amostras de material gen\u00e9tico (DNA) que possa ajudar na identifica\u00e7\u00e3o e localiza\u00e7\u00e3o [&hellip;]<\/p>\n","protected":false},"author":1,"featured_media":75279,"comment_status":"closed","ping_status":"open","sticky":false,"template":"","format":"standard","meta":{"_jetpack_newsletter_access":"","_jetpack_dont_email_post_to_subs":false,"_jetpack_newsletter_tier_id":0,"_jetpack_memberships_contains_paywalled_content":false,"_mbp_banners":[],"_jetpack_feature_clip_id":0,"_jetpack_memberships_contains_paid_content":false,"footnotes":"","jetpack_publicize_message":"","jetpack_publicize_feature_enabled":true,"jetpack_social_post_already_shared":true,"jetpack_social_options":{"image_generator_settings":{"template":"highway","default_image_id":0,"font":"","enabled":false},"version":2},"jetpack_post_was_ever_published":false},"categories":[22],"tags":[],"class_list":["post-75278","post","type-post","status-publish","format-standard","has-post-thumbnail","category-nacional"],"jetpack_publicize_connections":[],"jetpack-related-posts":[],"jetpack_shortlink":"https:\/\/wp.me\/p7Eq1F-jAa","jetpack_sharing_enabled":true,"jetpack_featured_media_url":"https:\/\/i0.wp.com\/guialimeira.com.br\/news\/wp-content\/uploads\/2026\/08\/pint3245.jpg?fit=1600%2C800&ssl=1","_links":{"self":[{"href":"https:\/\/guialimeira.com.br\/news\/wp-json\/wp\/v2\/posts\/75278","targetHints":{"allow":["GET"]}}],"collection":[{"href":"https:\/\/guialimeira.com.br\/news\/wp-json\/wp\/v2\/posts"}],"about":[{"href":"https:\/\/guialimeira.com.br\/news\/wp-json\/wp\/v2\/types\/post"}],"author":[{"embeddable":true,"href":"https:\/\/guialimeira.com.br\/news\/wp-json\/wp\/v2\/users\/1"}],"replies":[{"embeddable":true,"href":"https:\/\/guialimeira.com.br\/news\/wp-json\/wp\/v2\/comments?post=75278"}],"version-history":[{"count":1,"href":"https:\/\/guialimeira.com.br\/news\/wp-json\/wp\/v2\/posts\/75278\/revisions"}],"predecessor-version":[{"id":75280,"href":"https:\/\/guialimeira.com.br\/news\/wp-json\/wp\/v2\/posts\/75278\/revisions\/75280"}],"wp:featuredmedia":[{"embeddable":true,"href":"https:\/\/guialimeira.com.br\/news\/wp-json\/wp\/v2\/media\/75279"}],"wp:attachment":[{"href":"https:\/\/guialimeira.com.br\/news\/wp-json\/wp\/v2\/media?parent=75278"}],"wp:term":[{"taxonomy":"category","embeddable":true,"href":"https:\/\/guialimeira.com.br\/news\/wp-json\/wp\/v2\/categories?post=75278"},{"taxonomy":"post_tag","embeddable":true,"href":"https:\/\/guialimeira.com.br\/news\/wp-json\/wp\/v2\/tags?post=75278"}],"curies":[{"name":"wp","href":"https:\/\/api.w.org\/{rel}","templated":true}]}}