{"id":75268,"date":"2026-08-24T14:36:04","date_gmt":"2026-08-24T17:36:04","guid":{"rendered":"https:\/\/guialimeira.com.br\/?p=75268"},"modified":"2026-08-24T14:36:04","modified_gmt":"2026-08-24T17:36:04","slug":"tre-sp-nega-recurso-de-marcal-e-mantem-inelegibilidade","status":"publish","type":"post","link":"https:\/\/guialimeira.com.br\/news\/tre-sp-nega-recurso-de-marcal-e-mantem-inelegibilidade\/","title":{"rendered":"TRE-SP nega recurso de Mar\u00e7al e mant\u00e9m inelegibilidade"},"content":{"rendered":"<p> <br \/>\n<\/p>\n<div>\n<p><strong>O presidente do Tribunal Regional Eleitoral de S\u00e3o Paulo (TRE-SP), Jos\u00e9 Antonio Encinas Manfr\u00e9, decidiu pela inadmiss\u00e3o de recurso especial eleitoral apresentado pelo candidato \u00e0 presid\u00eancia Pablo Mar\u00e7al e, portanto, manteve sua inelegibilidade at\u00e9 2032.<\/strong><img data-recalc-dims=\"1\" decoding=\"async\" src=\"https:\/\/i0.wp.com\/agenciabrasil.ebc.com.br\/ebc.png?w=696&#038;ssl=1\" style=\"width:1px;height:1px;display:inline\" \/><img data-recalc-dims=\"1\" decoding=\"async\" src=\"https:\/\/i0.wp.com\/agenciabrasil.ebc.com.br\/ebc.gif?w=696&#038;ssl=1\" style=\"width:1px;height:1px;display:inline\" \/><\/p>\n<p>A decis\u00e3o, proferida na \u00faltima sexta-feira (21), manteve tamb\u00e9m a multa de R$ 420 mil. Ex-candidato a prefeito de S\u00e3o Paulo, Mar\u00e7al foi condenado por uso indevido dos meios de comunica\u00e7\u00e3o durante a campanha de 2024.<\/p>\n<p><strong>Na mesma decis\u00e3o, o TRE-SP negou ainda um recurso do Minist\u00e9rio P\u00fablico Eleitoral (MPE), referente \u00e0 parte da decis\u00e3o colegiada que havia afastado a condena\u00e7\u00e3o do candidato por capta\u00e7\u00e3o e gastos il\u00edcitos de recursos e por abuso de poder econ\u00f4mico.<\/strong><\/p>\n<blockquote>\n<p>\u201cDe um lado, a pr\u00e1tica il\u00edcita configura o uso indevido dos meios de comunica\u00e7\u00e3o social, mas, por outro, a prova amealhada nos autos n\u00e3o autoriza a condena\u00e7\u00e3o do recorrente por abuso do poder econ\u00f4mico\u201d, escreveu o magistrado, ao citar decis\u00e3o j\u00e1 proferida pelo tribunal.<\/p>\n<\/blockquote>\n<p>      <!-- Relacionada --><\/p>\n<p>            <!-- Relacionada -->\n    <\/div>\n<p><br \/>\n<br \/><a href=\"https:\/\/agenciabrasil.ebc.com.br\/politica\/noticia\/2026-08\/tre-sp-nega-recurso-de-marcal-e-mantem-inelegibilidade\" rel=\"noopener\">Informa\u00e7\u00f5es com a Ag\u00eancia Brasil<\/a><\/p>\n","protected":false},"excerpt":{"rendered":"<p>O presidente do Tribunal Regional Eleitoral de S\u00e3o Paulo (TRE-SP), Jos\u00e9 Antonio Encinas Manfr\u00e9, decidiu pela inadmiss\u00e3o de recurso especial eleitoral apresentado pelo candidato \u00e0 presid\u00eancia Pablo Mar\u00e7al e, portanto, manteve sua inelegibilidade at\u00e9 2032. A decis\u00e3o, proferida na \u00faltima sexta-feira (21), manteve tamb\u00e9m a multa de R$ 420 mil. Ex-candidato a prefeito de S\u00e3o [&hellip;]<\/p>\n","protected":false},"author":1,"featured_media":53990,"comment_status":"closed","ping_status":"open","sticky":false,"template":"","format":"standard","meta":{"_jetpack_newsletter_access":"","_jetpack_dont_email_post_to_subs":false,"_jetpack_newsletter_tier_id":0,"_jetpack_memberships_contains_paywalled_content":false,"_mbp_banners":[],"_jetpack_feature_clip_id":0,"_jetpack_memberships_contains_paid_content":false,"footnotes":"","jetpack_publicize_message":"","jetpack_publicize_feature_enabled":true,"jetpack_social_post_already_shared":true,"jetpack_social_options":{"image_generator_settings":{"template":"highway","default_image_id":0,"font":"","enabled":false},"version":2},"jetpack_post_was_ever_published":false},"categories":[22],"tags":[],"class_list":["post-75268","post","type-post","status-publish","format-standard","has-post-thumbnail","category-nacional"],"jetpack_publicize_connections":[],"jetpack-related-posts":[],"jetpack_shortlink":"https:\/\/wp.me\/p7Eq1F-jA0","jetpack_sharing_enabled":true,"jetpack_featured_media_url":"https:\/\/i0.wp.com\/guialimeira.com.br\/news\/wp-content\/uploads\/2026\/02\/pablomarcal_1.jpg?fit=1600%2C800&ssl=1","_links":{"self":[{"href":"https:\/\/guialimeira.com.br\/news\/wp-json\/wp\/v2\/posts\/75268","targetHints":{"allow":["GET"]}}],"collection":[{"href":"https:\/\/guialimeira.com.br\/news\/wp-json\/wp\/v2\/posts"}],"about":[{"href":"https:\/\/guialimeira.com.br\/news\/wp-json\/wp\/v2\/types\/post"}],"author":[{"embeddable":true,"href":"https:\/\/guialimeira.com.br\/news\/wp-json\/wp\/v2\/users\/1"}],"replies":[{"embeddable":true,"href":"https:\/\/guialimeira.com.br\/news\/wp-json\/wp\/v2\/comments?post=75268"}],"version-history":[{"count":1,"href":"https:\/\/guialimeira.com.br\/news\/wp-json\/wp\/v2\/posts\/75268\/revisions"}],"predecessor-version":[{"id":75269,"href":"https:\/\/guialimeira.com.br\/news\/wp-json\/wp\/v2\/posts\/75268\/revisions\/75269"}],"wp:featuredmedia":[{"embeddable":true,"href":"https:\/\/guialimeira.com.br\/news\/wp-json\/wp\/v2\/media\/53990"}],"wp:attachment":[{"href":"https:\/\/guialimeira.com.br\/news\/wp-json\/wp\/v2\/media?parent=75268"}],"wp:term":[{"taxonomy":"category","embeddable":true,"href":"https:\/\/guialimeira.com.br\/news\/wp-json\/wp\/v2\/categories?post=75268"},{"taxonomy":"post_tag","embeddable":true,"href":"https:\/\/guialimeira.com.br\/news\/wp-json\/wp\/v2\/tags?post=75268"}],"curies":[{"name":"wp","href":"https:\/\/api.w.org\/{rel}","templated":true}]}}