{"id":75262,"date":"2026-08-24T13:34:47","date_gmt":"2026-08-24T16:34:47","guid":{"rendered":"https:\/\/guialimeira.com.br\/?p=75262"},"modified":"2026-08-24T13:34:47","modified_gmt":"2026-08-24T16:34:47","slug":"ira-anuncia-descoberta-de-mais-de-212-bilhoes-de-metros-cubicos-de-gas","status":"publish","type":"post","link":"https:\/\/guialimeira.com.br\/news\/ira-anuncia-descoberta-de-mais-de-212-bilhoes-de-metros-cubicos-de-gas\/","title":{"rendered":"Ir\u00e3 anuncia descoberta de mais de 212 bilh\u00f5es de metros c\u00fabicos de g\u00e1s"},"content":{"rendered":"<p> <br \/>\n<\/p>\n<div>\n<p>O Ir\u00e3 descobriu mais de 7,5 trilh\u00f5es de p\u00e9s c\u00fabicos (212,4 bilh\u00f5es de metros c\u00fabicos) de g\u00e1s em um campo no sul da prov\u00edncia de Fars, segundo o ministro do Petr\u00f3leo, Mohsen Paknejad, citado pela m\u00eddia estatal nesse domingo (23).<img data-recalc-dims=\"1\" decoding=\"async\" src=\"https:\/\/i0.wp.com\/agenciabrasil.ebc.com.br\/ebc.png?w=696&#038;ssl=1\" style=\"width:1px;height:1px;display:inline\" \/><img data-recalc-dims=\"1\" decoding=\"async\" src=\"https:\/\/i0.wp.com\/agenciabrasil.ebc.com.br\/ebc.gif?w=696&#038;ssl=1\" style=\"width:1px;height:1px;display:inline\" \/><\/p>\n<p><strong>Considerando uma taxa de recupera\u00e7\u00e3o estimada, Paknejad afirmou que seria poss\u00edvel extrair cerca de 5,7\u00a0bilh\u00f5es de p\u00e9s c\u00fabicos de g\u00e1s desse campo.<\/strong><\/p>\n<p>O Ir\u00e3 estimou sua produ\u00e7\u00e3o pr\u00e9-guerra em cerca de 650 milh\u00f5es de metros c\u00fabicos (mcm) por dia, o que equivale a cerca de 8,4 trilh\u00f5es de p\u00e9s c\u00fabicos por ano.<\/p>\n<p><strong>Teer\u00e3, que vem realizando reparos em sua infraestrutura energ\u00e9tica danificada durante a guerra com Israel e os Estados Unidos, enfrenta agora san\u00e7\u00f5es planejadas pelo governo norte-americano\u00a0que podem sobrecarregar ainda mais sua economia.<\/strong><\/p>\n<p>Em julho, uma alta autoridade do governo afirmou que o Ir\u00e3 esperava restaurar cerca de 100 mcm por dia de capacidade de produ\u00e7\u00e3o de g\u00e1s natural \u201cnos pr\u00f3ximos meses\u201d, depois que greves reduziram a produ\u00e7\u00e3o em cerca de 230 mcm por dia desde o in\u00edcio da guerra, no final de fevereiro.<\/p>\n<p><strong>Paknejad afirmou que o g\u00e1s descoberto \u00e9\u00a0\u201cdoce\u201d, o que significava que reduziria tanto os custos de desenvolvimento quanto os de opera\u00e7\u00e3o.<\/strong><\/p>\n<p><em><strong>* \u00c9 proibida a reprodu\u00e7\u00e3o deste conte\u00fado.<\/strong><\/em><\/p>\n<p>      <!-- Relacionada --><\/p>\n<p>            <!-- Relacionada -->\n    <\/div>\n<p><br \/>\n<br \/><a href=\"https:\/\/agenciabrasil.ebc.com.br\/internacional\/noticia\/2026-08\/ira-anuncia-descoberta-de-mais-de-212-bilhoes-de-metros-cubicos-de-gas\" rel=\"noopener\">Informa\u00e7\u00f5es com a Ag\u00eancia Brasil<\/a><\/p>\n","protected":false},"excerpt":{"rendered":"<p>O Ir\u00e3 descobriu mais de 7,5 trilh\u00f5es de p\u00e9s c\u00fabicos (212,4 bilh\u00f5es de metros c\u00fabicos) de g\u00e1s em um campo no sul da prov\u00edncia de Fars, segundo o ministro do Petr\u00f3leo, Mohsen Paknejad, citado pela m\u00eddia estatal nesse domingo (23). Considerando uma taxa de recupera\u00e7\u00e3o estimada, Paknejad afirmou que seria poss\u00edvel extrair cerca de 5,7\u00a0bilh\u00f5es [&hellip;]<\/p>\n","protected":false},"author":1,"featured_media":269,"comment_status":"closed","ping_status":"open","sticky":false,"template":"","format":"standard","meta":{"_jetpack_newsletter_access":"","_jetpack_dont_email_post_to_subs":false,"_jetpack_newsletter_tier_id":0,"_jetpack_memberships_contains_paywalled_content":false,"_mbp_banners":[],"_jetpack_feature_clip_id":0,"_jetpack_memberships_contains_paid_content":false,"footnotes":"","jetpack_publicize_message":"","jetpack_publicize_feature_enabled":true,"jetpack_social_post_already_shared":true,"jetpack_social_options":{"image_generator_settings":{"template":"highway","default_image_id":0,"font":"","enabled":false},"version":2},"jetpack_post_was_ever_published":false},"categories":[22],"tags":[],"class_list":["post-75262","post","type-post","status-publish","format-standard","has-post-thumbnail","category-nacional"],"jetpack_publicize_connections":[],"jetpack-related-posts":[],"jetpack_shortlink":"https:\/\/wp.me\/p7Eq1F-jzU","jetpack_sharing_enabled":true,"jetpack_featured_media_url":"https:\/\/i0.wp.com\/guialimeira.com.br\/news\/wp-content\/uploads\/2024\/03\/thumb_1200x600_agbrasil.png?fit=1200%2C600&ssl=1","_links":{"self":[{"href":"https:\/\/guialimeira.com.br\/news\/wp-json\/wp\/v2\/posts\/75262","targetHints":{"allow":["GET"]}}],"collection":[{"href":"https:\/\/guialimeira.com.br\/news\/wp-json\/wp\/v2\/posts"}],"about":[{"href":"https:\/\/guialimeira.com.br\/news\/wp-json\/wp\/v2\/types\/post"}],"author":[{"embeddable":true,"href":"https:\/\/guialimeira.com.br\/news\/wp-json\/wp\/v2\/users\/1"}],"replies":[{"embeddable":true,"href":"https:\/\/guialimeira.com.br\/news\/wp-json\/wp\/v2\/comments?post=75262"}],"version-history":[{"count":1,"href":"https:\/\/guialimeira.com.br\/news\/wp-json\/wp\/v2\/posts\/75262\/revisions"}],"predecessor-version":[{"id":75263,"href":"https:\/\/guialimeira.com.br\/news\/wp-json\/wp\/v2\/posts\/75262\/revisions\/75263"}],"wp:featuredmedia":[{"embeddable":true,"href":"https:\/\/guialimeira.com.br\/news\/wp-json\/wp\/v2\/media\/269"}],"wp:attachment":[{"href":"https:\/\/guialimeira.com.br\/news\/wp-json\/wp\/v2\/media?parent=75262"}],"wp:term":[{"taxonomy":"category","embeddable":true,"href":"https:\/\/guialimeira.com.br\/news\/wp-json\/wp\/v2\/categories?post=75262"},{"taxonomy":"post_tag","embeddable":true,"href":"https:\/\/guialimeira.com.br\/news\/wp-json\/wp\/v2\/tags?post=75262"}],"curies":[{"name":"wp","href":"https:\/\/api.w.org\/{rel}","templated":true}]}}