{"id":75259,"date":"2026-08-24T12:32:54","date_gmt":"2026-08-24T15:32:54","guid":{"rendered":"https:\/\/guialimeira.com.br\/?p=75259"},"modified":"2026-08-24T12:32:54","modified_gmt":"2026-08-24T15:32:54","slug":"conselho-aprova-pedido-de-recuperacao-extrajudicial-da-braskem","status":"publish","type":"post","link":"https:\/\/guialimeira.com.br\/news\/conselho-aprova-pedido-de-recuperacao-extrajudicial-da-braskem\/","title":{"rendered":"Conselho aprova pedido de recupera\u00e7\u00e3o extrajudicial da Braskem"},"content":{"rendered":"<p> <br \/>\n<\/p>\n<div>\n<p>O Conselho de Administra\u00e7\u00e3o da petroqu\u00edmica Braskem aprovou, nesta segunda-feira (24), o ajuizamento de um pedido de recupera\u00e7\u00e3o extrajudicial. <strong>Em nota divulgada aos acionistas e ao mercado em geral, a companhia informa que o objetivo da medida \u00e9 \u201cassegurar um ambiente jur\u00eddico est\u00e1vel, protegido e adequado para a negocia\u00e7\u00e3o e implementa\u00e7\u00e3o da reestrutura\u00e7\u00e3o\u201d de suas d\u00edvidas.<\/strong><img data-recalc-dims=\"1\" decoding=\"async\" src=\"https:\/\/i0.wp.com\/agenciabrasil.ebc.com.br\/ebc.png?w=696&#038;ssl=1\" style=\"width:1px;height:1px;display:inline\" \/><img data-recalc-dims=\"1\" decoding=\"async\" src=\"https:\/\/i0.wp.com\/agenciabrasil.ebc.com.br\/ebc.gif?w=696&#038;ssl=1\" style=\"width:1px;height:1px;display:inline\" \/><\/p>\n<p>Criada em agosto de 2002, a partir da integra\u00e7\u00e3o de seis empresas dos grupos brasileiros Novonor (antiga Odebrecht) e Mariani, a companhia possui diversas f\u00e1bricas no Brasil, Alemanha, Estados Unidos e M\u00e9xico, onde produz resinas termopl\u00e1sticas, entre outros produtos empregados em diferentes cadeias produtivas.<\/p>\n<p><strong>No Brasil, a empresa reconhece d\u00edvidas que, somadas, chegam a US$ 10,9 bilh\u00f5es, ou cerca de R$ 56 bilh\u00f5es pelo c\u00e2mbio desta manh\u00e3.<\/strong><\/p>\n<blockquote>\n<p>\u201cO processo de recupera\u00e7\u00e3o extrajudicial possui escopo limitado, estritamente financeiro, e n\u00e3o abrange quaisquer obriga\u00e7\u00f5es da companhia com seus fornecedores, clientes e demais <em>stakeholders<\/em> [interessados], as quais permanecem vigentes e seguem sendo cumpridas normalmente, nos termos dos respectivos contratos\u201d, assegura o diretor financeiro e de rela\u00e7\u00f5es com investidores da Braskem, Carlos Augusto Machado Pereira Brand\u00e3o, em comunicado ao mercado.<\/p>\n<\/blockquote>\n<p>O pedido de recupera\u00e7\u00e3o extrajudicial, que ainda ser\u00e1 protocolado, faz parte de um projeto de reestrutura\u00e7\u00e3o que a companhia vem negociando com credores e investidores. <strong>Em junho deste ano, a Braskem j\u00e1 tinha pedido prote\u00e7\u00e3o financeira judicial. A solicita\u00e7\u00e3o foi acolhida pela 2\u00aa Vara de Fal\u00eancias e Recupera\u00e7\u00f5es Judiciais da Comarca da Capital do Estado de S\u00e3o Paulo, que suspendeu por 60 dias a execu\u00e7\u00e3o de d\u00edvidas. O prazo terminaria amanh\u00e3 (25).<\/strong><\/p>\n<p>      <!-- Relacionada --><\/p>\n<p>            <!-- Relacionada -->\n    <\/div>\n<p><br \/>\n<br \/><a href=\"https:\/\/agenciabrasil.ebc.com.br\/economia\/noticia\/2026-08\/conselho-aprova-pedido-de-recuperacao-extrajudicial-da-braskem\" rel=\"noopener\">Informa\u00e7\u00f5es com a Ag\u00eancia Brasil<\/a><\/p>\n","protected":false},"excerpt":{"rendered":"<p>O Conselho de Administra\u00e7\u00e3o da petroqu\u00edmica Braskem aprovou, nesta segunda-feira (24), o ajuizamento de um pedido de recupera\u00e7\u00e3o extrajudicial. Em nota divulgada aos acionistas e ao mercado em geral, a companhia informa que o objetivo da medida \u00e9 \u201cassegurar um ambiente jur\u00eddico est\u00e1vel, protegido e adequado para a negocia\u00e7\u00e3o e implementa\u00e7\u00e3o da reestrutura\u00e7\u00e3o\u201d de suas [&hellip;]<\/p>\n","protected":false},"author":1,"featured_media":75260,"comment_status":"closed","ping_status":"open","sticky":false,"template":"","format":"standard","meta":{"_jetpack_newsletter_access":"","_jetpack_dont_email_post_to_subs":false,"_jetpack_newsletter_tier_id":0,"_jetpack_memberships_contains_paywalled_content":false,"_mbp_banners":[],"_jetpack_feature_clip_id":0,"_jetpack_memberships_contains_paid_content":false,"footnotes":"","jetpack_publicize_message":"","jetpack_publicize_feature_enabled":true,"jetpack_social_post_already_shared":true,"jetpack_social_options":{"image_generator_settings":{"template":"highway","default_image_id":0,"font":"","enabled":false},"version":2},"jetpack_post_was_ever_published":false},"categories":[22],"tags":[],"class_list":["post-75259","post","type-post","status-publish","format-standard","has-post-thumbnail","category-nacional"],"jetpack_publicize_connections":[],"jetpack-related-posts":[],"jetpack_shortlink":"https:\/\/wp.me\/p7Eq1F-jzR","jetpack_sharing_enabled":true,"jetpack_featured_media_url":"https:\/\/i0.wp.com\/guialimeira.com.br\/news\/wp-content\/uploads\/2026\/08\/ja03083.jpg?fit=1600%2C800&ssl=1","_links":{"self":[{"href":"https:\/\/guialimeira.com.br\/news\/wp-json\/wp\/v2\/posts\/75259","targetHints":{"allow":["GET"]}}],"collection":[{"href":"https:\/\/guialimeira.com.br\/news\/wp-json\/wp\/v2\/posts"}],"about":[{"href":"https:\/\/guialimeira.com.br\/news\/wp-json\/wp\/v2\/types\/post"}],"author":[{"embeddable":true,"href":"https:\/\/guialimeira.com.br\/news\/wp-json\/wp\/v2\/users\/1"}],"replies":[{"embeddable":true,"href":"https:\/\/guialimeira.com.br\/news\/wp-json\/wp\/v2\/comments?post=75259"}],"version-history":[{"count":1,"href":"https:\/\/guialimeira.com.br\/news\/wp-json\/wp\/v2\/posts\/75259\/revisions"}],"predecessor-version":[{"id":75261,"href":"https:\/\/guialimeira.com.br\/news\/wp-json\/wp\/v2\/posts\/75259\/revisions\/75261"}],"wp:featuredmedia":[{"embeddable":true,"href":"https:\/\/guialimeira.com.br\/news\/wp-json\/wp\/v2\/media\/75260"}],"wp:attachment":[{"href":"https:\/\/guialimeira.com.br\/news\/wp-json\/wp\/v2\/media?parent=75259"}],"wp:term":[{"taxonomy":"category","embeddable":true,"href":"https:\/\/guialimeira.com.br\/news\/wp-json\/wp\/v2\/categories?post=75259"},{"taxonomy":"post_tag","embeddable":true,"href":"https:\/\/guialimeira.com.br\/news\/wp-json\/wp\/v2\/tags?post=75259"}],"curies":[{"name":"wp","href":"https:\/\/api.w.org\/{rel}","templated":true}]}}