{"id":75255,"date":"2026-08-24T10:29:03","date_gmt":"2026-08-24T13:29:03","guid":{"rendered":"https:\/\/guialimeira.com.br\/?p=75255"},"modified":"2026-08-24T10:29:03","modified_gmt":"2026-08-24T13:29:03","slug":"mercado-reduz-projecao-para-crescimento-da-economia-em-2026","status":"publish","type":"post","link":"https:\/\/guialimeira.com.br\/news\/mercado-reduz-projecao-para-crescimento-da-economia-em-2026\/","title":{"rendered":"Mercado reduz proje\u00e7\u00e3o para crescimento da economia em 2026"},"content":{"rendered":"<p> <br \/>\n<\/p>\n<div>\n<p><strong>Analistas do mercado financeiro reduziram de 1,98% para 1,95% a proje\u00e7\u00e3o de crescimento da economia brasileira em 2026, segundo o Boletim Focus divulgado nesta segunda-feira (24) pelo Banco Central.<\/strong><img data-recalc-dims=\"1\" decoding=\"async\" src=\"https:\/\/i0.wp.com\/agenciabrasil.ebc.com.br\/ebc.png?w=696&#038;ssl=1\" style=\"width:1px;height:1px;display:inline\" \/><img data-recalc-dims=\"1\" decoding=\"async\" src=\"https:\/\/i0.wp.com\/agenciabrasil.ebc.com.br\/ebc.gif?w=696&#038;ssl=1\" style=\"width:1px;height:1px;display:inline\" \/><\/p>\n<p>A revis\u00e3o foi a \u00fanica altera\u00e7\u00e3o nas estimativas para o pr\u00f3ximo ano entre os principais indicadores monitorados pelo mercado. Em sentido oposto, a previs\u00e3o para o Produto Interno Bruto (PIB) de 2028 subiu de 1,89% para 1,98%.<\/p>\n<p>O PIB \u00e9 a soma de todos os bens e servi\u00e7os produzidos no pa\u00eds e serve como principal indicador da atividade econ\u00f4mica. <strong>A redu\u00e7\u00e3o da expectativa para 2026 indica uma percep\u00e7\u00e3o de crescimento um pouco mais moderado para a economia brasileira no pr\u00f3ximo ano.<\/strong><\/p>\n<p>J\u00e1 a revis\u00e3o para cima em 2028 sugere uma perspectiva mais favor\u00e1vel para o ritmo de expans\u00e3o da atividade no m\u00e9dio prazo. Para 2027, o mercado manteve a proje\u00e7\u00e3o de alta de 1,5% para o PIB.<\/p>\n<h2>Infla\u00e7\u00e3o<\/h2>\n<p><strong>A estimativa para a infla\u00e7\u00e3o oficial medida pelo \u00cdndice Nacional de Pre\u00e7os ao Consumidor Amplo (IPCA) permaneceu\u00a0em 5,02% para 2026, mesma proje\u00e7\u00e3o da semana anterior.<\/strong><\/p>\n<p>Para 2027, houve leve alta na expectativa dos analistas, de 4,24% para 4,25%. J\u00e1 a proje\u00e7\u00e3o para 2028 permaneceu em 3,8%.<\/p>\n<p>Em julho, a infla\u00e7\u00e3o oficial perdeu for\u00e7a pelo quarto m\u00eas consecutivo, ficando em 0,07% <a href=\"https:\/\/agenciabrasil.ebc.com.br\/economia\/noticia\/2026-08\/inflacao-recua-para-007-em-julho-e-volta-para-meta-do-governo\" target=\"_blank\" rel=\"noopener\">segundo o Instituto Brasileiro de Geografia Estat\u00edstica (IBGE)<\/a>.<\/p>\n<p><strong>Com o resultado, o IPCA acumulou alta de 4,44% em 12 meses, retornando ao intervalo da meta cont\u00ednua de infla\u00e7\u00e3o, fixada em 3%, com toler\u00e2ncia de 1,5 ponto percentual para mais ou para menos.<\/strong><\/p>\n<h2>Juros<\/h2>\n<p><strong>A expectativa para a taxa b\u00e1sica de juros, a Selic, ao fim de 2026 permaneceu em 13,75% ao ano. A proje\u00e7\u00e3o para 2027 continuou em 12% ao ano e, para 2028, em 10,5%.<\/strong><\/p>\n<p>Definida pelo Comit\u00ea de Pol\u00edtica Monet\u00e1ria (Copom) do Banco Central, a Selic \u00e9 o principal instrumento de controle da infla\u00e7\u00e3o. O aumento da taxa busca conter a demanda e reduzir press\u00f5es sobre os pre\u00e7os. Por outro lado, juros mais elevados tendem a encarecer o cr\u00e9dito e desacelerar a atividade econ\u00f4mica.<\/p>\n<h2>C\u00e2mbio<\/h2>\n<p><strong>A previs\u00e3o para a cota\u00e7\u00e3o do d\u00f3lar ao fim de 2026 continuou em R$ 5,20. Para 2027, a estimativa passou de R$ 5,29 para R$ 5,30. J\u00e1 para 2028, a proje\u00e7\u00e3o foi mantida em R$ 5,30.<\/strong><\/p>\n<p>O Boletim Focus re\u00fane semanalmente as expectativas de institui\u00e7\u00f5es financeiras para os principais indicadores da economia brasileira e serve como refer\u00eancia para o acompanhamento do cen\u00e1rio econ\u00f4mico pelo Banco Central.<\/p>\n<h2>Resumo do Boletim Focus:<\/h2>\n<p><strong>2026<\/strong><\/p>\n<ul>\n<li>IPCA: manteve-se em 5,02%<\/li>\n<li>PIB: caiu de 1,98% para 1,95%<\/li>\n<li>C\u00e2mbio: permaneceu em R$ 5,20<\/li>\n<li>Selic: manteve-se em 13,75%<\/li>\n<\/ul>\n<p><strong>2027<\/strong><\/p>\n<ul>\n<li>IPCA: subiu de 4,24% para 4,25%<\/li>\n<li>PIB: permaneceu em 1,50%<\/li>\n<li>C\u00e2mbio: avan\u00e7ou de R$ 5,29 para R$ 5,30<\/li>\n<li>Selic: permaneceu em 12,00%<\/li>\n<\/ul>\n<p><strong>2028<\/strong><\/p>\n<ul>\n<li>IPCA: manteve-se em 3,80%<\/li>\n<li>PIB: subiu de 1,89% para 1,98%<\/li>\n<li>C\u00e2mbio: permaneceu em R$ 5,30<\/li>\n<li>Selic: manteve-se em 10,50%<\/li>\n<\/ul>\n<p>      <!-- Relacionada --><\/p>\n<p>            <!-- Relacionada -->\n    <\/div>\n<p><br \/>\n<br \/><a href=\"https:\/\/agenciabrasil.ebc.com.br\/economia\/noticia\/2026-08\/mercado-reduz-projecao-para-crescimento-da-economia-em-2026\" rel=\"noopener\">Informa\u00e7\u00f5es com a Ag\u00eancia Brasil<\/a><\/p>\n","protected":false},"excerpt":{"rendered":"<p>Analistas do mercado financeiro reduziram de 1,98% para 1,95% a proje\u00e7\u00e3o de crescimento da economia brasileira em 2026, segundo o Boletim Focus divulgado nesta segunda-feira (24) pelo Banco Central. A revis\u00e3o foi a \u00fanica altera\u00e7\u00e3o nas estimativas para o pr\u00f3ximo ano entre os principais indicadores monitorados pelo mercado. Em sentido oposto, a previs\u00e3o para o [&hellip;]<\/p>\n","protected":false},"author":1,"featured_media":4751,"comment_status":"closed","ping_status":"open","sticky":false,"template":"","format":"standard","meta":{"_jetpack_newsletter_access":"","_jetpack_dont_email_post_to_subs":false,"_jetpack_newsletter_tier_id":0,"_jetpack_memberships_contains_paywalled_content":false,"_mbp_banners":[],"_jetpack_feature_clip_id":0,"_jetpack_memberships_contains_paid_content":false,"footnotes":"","jetpack_publicize_message":"","jetpack_publicize_feature_enabled":true,"jetpack_social_post_already_shared":true,"jetpack_social_options":{"image_generator_settings":{"template":"highway","default_image_id":0,"font":"","enabled":false},"version":2},"jetpack_post_was_ever_published":false},"categories":[22],"tags":[],"class_list":["post-75255","post","type-post","status-publish","format-standard","has-post-thumbnail","category-nacional"],"jetpack_publicize_connections":[],"jetpack-related-posts":[],"jetpack_shortlink":"https:\/\/wp.me\/p7Eq1F-jzN","jetpack_sharing_enabled":true,"jetpack_featured_media_url":"https:\/\/i0.wp.com\/guialimeira.com.br\/news\/wp-content\/uploads\/2024\/05\/economia_ilustracao-2.jpg?fit=1600%2C800&ssl=1","_links":{"self":[{"href":"https:\/\/guialimeira.com.br\/news\/wp-json\/wp\/v2\/posts\/75255","targetHints":{"allow":["GET"]}}],"collection":[{"href":"https:\/\/guialimeira.com.br\/news\/wp-json\/wp\/v2\/posts"}],"about":[{"href":"https:\/\/guialimeira.com.br\/news\/wp-json\/wp\/v2\/types\/post"}],"author":[{"embeddable":true,"href":"https:\/\/guialimeira.com.br\/news\/wp-json\/wp\/v2\/users\/1"}],"replies":[{"embeddable":true,"href":"https:\/\/guialimeira.com.br\/news\/wp-json\/wp\/v2\/comments?post=75255"}],"version-history":[{"count":1,"href":"https:\/\/guialimeira.com.br\/news\/wp-json\/wp\/v2\/posts\/75255\/revisions"}],"predecessor-version":[{"id":75256,"href":"https:\/\/guialimeira.com.br\/news\/wp-json\/wp\/v2\/posts\/75255\/revisions\/75256"}],"wp:featuredmedia":[{"embeddable":true,"href":"https:\/\/guialimeira.com.br\/news\/wp-json\/wp\/v2\/media\/4751"}],"wp:attachment":[{"href":"https:\/\/guialimeira.com.br\/news\/wp-json\/wp\/v2\/media?parent=75255"}],"wp:term":[{"taxonomy":"category","embeddable":true,"href":"https:\/\/guialimeira.com.br\/news\/wp-json\/wp\/v2\/categories?post=75255"},{"taxonomy":"post_tag","embeddable":true,"href":"https:\/\/guialimeira.com.br\/news\/wp-json\/wp\/v2\/tags?post=75255"}],"curies":[{"name":"wp","href":"https:\/\/api.w.org\/{rel}","templated":true}]}}