{"id":75245,"date":"2026-08-24T02:17:51","date_gmt":"2026-08-24T05:17:51","guid":{"rendered":"https:\/\/guialimeira.com.br\/?p=75245"},"modified":"2026-08-24T02:17:51","modified_gmt":"2026-08-24T05:17:51","slug":"veja-como-foi-o-domingo-23-dos-candidatos-a-presidente","status":"publish","type":"post","link":"https:\/\/guialimeira.com.br\/news\/veja-como-foi-o-domingo-23-dos-candidatos-a-presidente\/","title":{"rendered":"Veja como foi o domingo (23) dos candidatos a presidente"},"content":{"rendered":"<p> <br \/>\n<\/p>\n<div>\n<p>Tr\u00eas candidatos \u00e0 Presid\u00eancia da Rep\u00fablica participam neste domingo (23) do primeiro debate presidencial das elei\u00e7\u00f5es de 2026, promovido pelo Grupo Bandeirantes de Comunica\u00e7\u00e3o.\u00a0\u00a0<img data-recalc-dims=\"1\" decoding=\"async\" src=\"https:\/\/i0.wp.com\/agenciabrasil.ebc.com.br\/ebc.png?w=696&#038;ssl=1\" style=\"width:1px;height:1px;display:inline\" \/><img data-recalc-dims=\"1\" decoding=\"async\" src=\"https:\/\/i0.wp.com\/agenciabrasil.ebc.com.br\/ebc.gif?w=696&#038;ssl=1\" style=\"width:1px;height:1px;display:inline\" \/><\/p>\n<p>Outros compromissos do dia\u00a0foram atos pol\u00edticos e religiosos, entrevista coletiva e estudos. Quatro candidatos n\u00e3o tiveram agenda p\u00fablica neste domingo.\u00a0<\/p>\n<p><strong>&gt;&gt; Veja como foi o dia dos presidenci\u00e1veis:<\/strong><\/p>\n<p><strong>Augusto Cury (Avante)<\/strong><br \/>Participa \u00e0s 20h do debate presidencial na Band TV, em S\u00e3o Paulo.\u00a0<\/p>\n<p><strong>Edmilson Costa (PCB)<\/strong><br \/>Far\u00e1 um react do debate na Band em uma live no canal do Poder Popular no YouTube.\u00a0<\/p>\n<p><strong>Hertz Dias (PSTU)<\/strong><br \/>Durante a atividade, que celebrou os 13 anos da Ocupa\u00e7\u00e3o Esperan\u00e7a, organizada pelo movimento Luta Popular, em Osasco (SP), neste domingo (23), o candidato defendeu a implementa\u00e7\u00e3o de um amplo plano nacional de obras p\u00fablicas voltado \u00e0 gera\u00e7\u00e3o de empregos e \u00e0 garantia de direitos sociais. Segundo Dias, esse programa incluiria a constru\u00e7\u00e3o de moradias populares, escolas, hospitais, creches, equipamentos urbanos e obras de saneamento b\u00e1sico.<\/p>\n<p><strong>Renan Santos (Miss\u00e3o)<\/strong><br \/>Participa \u00e0s 20h do debate presidencial na Band TV, em S\u00e3o Paulo.\u00a0<\/p>\n<p><strong>Romeu Zema (Novo)<\/strong><br \/>Participou da Missa da Penha, no Rio de Janeiro, \u00e0s 6h20. Zema desistiu de participar do debate da Band, diante da aus\u00eancia de outros candidatos.\u00a0\u00a0<\/p>\n<p><strong>Ronaldo Caiado (PSD)<\/strong><br \/>Participa \u00e0s 20h do debate presidencial na Band TV, em S\u00e3o Paulo.\u00a0<\/p>\n<p><strong>Samara Martins (UP)<\/strong><br \/>Participou de entrevista coletiva na Ocupa\u00e7\u00e3o Mulher Preta Simoa, em Fortaleza e \u00e0s 18h de um Ato Pol\u00edtico Cultural, no Parque Raquel de Queiroz.\u00a0<\/p>\n<p><strong>Wilson Grassi (Democrata)<\/strong><br \/>Estudo, detalhamento e defini\u00e7\u00e3o de conjunto de propostas suplementares ao plano de governo.<\/p>\n<p>Os candidatos <strong>Clariana Bar\u00e3o (DC)<\/strong>, <strong>Fl\u00e1vio Bolsonaro (PL)<\/strong>, <strong>Luiz In\u00e1cio Lula da Silva (PT) <\/strong>e <strong>Rui Costa Pimenta (PCO) <\/strong>n\u00e3o tiveram atos p\u00fablicos de campanha neste domingo.\u00a0<\/p>\n<p>Ap\u00f3s decis\u00e3o do Tribunal Superior Eleitoral (TSE), o candidato <strong>Pablo Mar\u00e7al (PRTB) <\/strong>est\u00e1 proibido de fazer campanha eleitoral, comparecer a debates e participar do hor\u00e1rio eleitoral no r\u00e1dio e na TV.\u00a0<br \/>\u00a0<\/p>\n<p><em>*Colaboraram Alana Gandra (Rio de Janeiro) e Fl\u00e1via Albuquerque (S\u00e3o Paulo)<\/em><\/p>\n<p>      <!-- Relacionada --><br \/>\n            <!-- Relacionada -->\n    <\/div>\n<p><br \/>\n<br \/><a href=\"https:\/\/agenciabrasil.ebc.com.br\/politica\/noticia\/2026-08\/veja-como-foi-o-domingo-23-dos-candidatos-presidente\" rel=\"noopener\">Informa\u00e7\u00f5es com a Ag\u00eancia Brasil<\/a><\/p>\n","protected":false},"excerpt":{"rendered":"<p>Tr\u00eas candidatos \u00e0 Presid\u00eancia da Rep\u00fablica participam neste domingo (23) do primeiro debate presidencial das elei\u00e7\u00f5es de 2026, promovido pelo Grupo Bandeirantes de Comunica\u00e7\u00e3o.\u00a0\u00a0 Outros compromissos do dia\u00a0foram atos pol\u00edticos e religiosos, entrevista coletiva e estudos. Quatro candidatos n\u00e3o tiveram agenda p\u00fablica neste domingo.\u00a0 &gt;&gt; Veja como foi o dia dos presidenci\u00e1veis: Augusto Cury (Avante)Participa [&hellip;]<\/p>\n","protected":false},"author":1,"featured_media":75246,"comment_status":"closed","ping_status":"open","sticky":false,"template":"","format":"standard","meta":{"_jetpack_newsletter_access":"","_jetpack_dont_email_post_to_subs":false,"_jetpack_newsletter_tier_id":0,"_jetpack_memberships_contains_paywalled_content":false,"_mbp_banners":[],"_jetpack_feature_clip_id":0,"_jetpack_memberships_contains_paid_content":false,"footnotes":"","jetpack_publicize_message":"","jetpack_publicize_feature_enabled":true,"jetpack_social_post_already_shared":true,"jetpack_social_options":{"image_generator_settings":{"template":"highway","default_image_id":0,"font":"","enabled":false},"version":2},"jetpack_post_was_ever_published":false},"categories":[22],"tags":[],"class_list":["post-75245","post","type-post","status-publish","format-standard","has-post-thumbnail","category-nacional"],"jetpack_publicize_connections":[],"jetpack-related-posts":[],"jetpack_shortlink":"https:\/\/wp.me\/p7Eq1F-jzD","jetpack_sharing_enabled":true,"jetpack_featured_media_url":"https:\/\/i0.wp.com\/guialimeira.com.br\/news\/wp-content\/uploads\/2026\/08\/1787548667_banner_agenda_-_1170x700.png?fit=1600%2C800&ssl=1","_links":{"self":[{"href":"https:\/\/guialimeira.com.br\/news\/wp-json\/wp\/v2\/posts\/75245","targetHints":{"allow":["GET"]}}],"collection":[{"href":"https:\/\/guialimeira.com.br\/news\/wp-json\/wp\/v2\/posts"}],"about":[{"href":"https:\/\/guialimeira.com.br\/news\/wp-json\/wp\/v2\/types\/post"}],"author":[{"embeddable":true,"href":"https:\/\/guialimeira.com.br\/news\/wp-json\/wp\/v2\/users\/1"}],"replies":[{"embeddable":true,"href":"https:\/\/guialimeira.com.br\/news\/wp-json\/wp\/v2\/comments?post=75245"}],"version-history":[{"count":1,"href":"https:\/\/guialimeira.com.br\/news\/wp-json\/wp\/v2\/posts\/75245\/revisions"}],"predecessor-version":[{"id":75247,"href":"https:\/\/guialimeira.com.br\/news\/wp-json\/wp\/v2\/posts\/75245\/revisions\/75247"}],"wp:featuredmedia":[{"embeddable":true,"href":"https:\/\/guialimeira.com.br\/news\/wp-json\/wp\/v2\/media\/75246"}],"wp:attachment":[{"href":"https:\/\/guialimeira.com.br\/news\/wp-json\/wp\/v2\/media?parent=75245"}],"wp:term":[{"taxonomy":"category","embeddable":true,"href":"https:\/\/guialimeira.com.br\/news\/wp-json\/wp\/v2\/categories?post=75245"},{"taxonomy":"post_tag","embeddable":true,"href":"https:\/\/guialimeira.com.br\/news\/wp-json\/wp\/v2\/tags?post=75245"}],"curies":[{"name":"wp","href":"https:\/\/api.w.org\/{rel}","templated":true}]}}