{"id":75223,"date":"2026-08-23T19:08:50","date_gmt":"2026-08-23T22:08:50","guid":{"rendered":"https:\/\/guialimeira.com.br\/?p=75223"},"modified":"2026-08-23T19:08:50","modified_gmt":"2026-08-23T22:08:50","slug":"planalto-volta-a-vencer-realidade-jovem-e-vai-a-final-da-a3","status":"publish","type":"post","link":"https:\/\/guialimeira.com.br\/news\/planalto-volta-a-vencer-realidade-jovem-e-vai-a-final-da-a3\/","title":{"rendered":"Planalto volta a vencer Realidade Jovem e vai \u00e0 final da A3"},"content":{"rendered":"<p> <br \/>\n<\/p>\n<div>\n<p><strong>Em confronto que teve transmiss\u00e3o ao vivo da TV Brasil neste domingo (23), o Planalto, de Aparecida de Goi\u00e2nia, derrotou o Realidade Jovem por 2 a 1, em S\u00e3o Jos\u00e9 do Rio Preto e confirmou classifica\u00e7\u00e3o \u00e0 final do Brasileir\u00e3o Feminino A3. <\/strong><img data-recalc-dims=\"1\" decoding=\"async\" src=\"https:\/\/i0.wp.com\/agenciabrasil.ebc.com.br\/ebc.png?w=696&#038;ssl=1\" style=\"width:1px;height:1px;display:inline\" \/><img data-recalc-dims=\"1\" decoding=\"async\" src=\"https:\/\/i0.wp.com\/agenciabrasil.ebc.com.br\/ebc.gif?w=696&#038;ssl=1\" style=\"width:1px;height:1px;display:inline\" \/><\/p>\n<p>A equipe j\u00e1 havia vencido o primeiro jogo por 2 a 0. O advers\u00e1rio na final ser\u00e1 o Juventude, da cidade sergipana de Est\u00e2ncia, que eliminou a Portuguesa no s\u00e1bado. As quatro equipes alcan\u00e7aram o acesso \u00e0 S\u00e9rie A2 do ano que vem.<\/p>\n<p>Jogando com a vantagem, o Planalto adotou uma postura reativa e, no contra ataque, abriu o placar com Mayara, aos 36 minutos da primeira etapa.<\/p>\n<p>Precisando de tr\u00eas gols para ter chances de avan\u00e7ar, o Realidade Jovem se lan\u00e7ou ao ataque e conseguiu o empate aos cinco minutos do segundo tempo, com Rayssa.<\/p>\n<p>Depois de batalhar pela virada durante o segundo tempo, o time da casa acabou sofrendo o segundo gol no fim, acabando com qualquer chance de vit\u00f3ria. Aos 40 minutos, Vanuza driblou a goleira Isa e definiu o placar do jogo.<\/p>\n<p>As datas e hor\u00e1rios da final entre Planalto e Juventude ainda n\u00e3o foram definidos.<\/p>\n<p>      <!-- Relacionada --><\/p>\n<p>            <!-- Relacionada -->\n    <\/div>\n<p><br \/>\n<br \/><a href=\"https:\/\/agenciabrasil.ebc.com.br\/esportes\/noticia\/2026-08\/planalto-volta-vencer-realidade-jovem-e-vai-final-da-a3\" rel=\"noopener\">Informa\u00e7\u00f5es com a Ag\u00eancia Brasil<\/a><\/p>\n","protected":false},"excerpt":{"rendered":"<p>Em confronto que teve transmiss\u00e3o ao vivo da TV Brasil neste domingo (23), o Planalto, de Aparecida de Goi\u00e2nia, derrotou o Realidade Jovem por 2 a 1, em S\u00e3o Jos\u00e9 do Rio Preto e confirmou classifica\u00e7\u00e3o \u00e0 final do Brasileir\u00e3o Feminino A3. A equipe j\u00e1 havia vencido o primeiro jogo por 2 a 0. O [&hellip;]<\/p>\n","protected":false},"author":1,"featured_media":75224,"comment_status":"closed","ping_status":"open","sticky":false,"template":"","format":"standard","meta":{"_jetpack_newsletter_access":"","_jetpack_dont_email_post_to_subs":false,"_jetpack_newsletter_tier_id":0,"_jetpack_memberships_contains_paywalled_content":false,"_mbp_banners":[],"_jetpack_feature_clip_id":0,"_jetpack_memberships_contains_paid_content":false,"footnotes":"","jetpack_publicize_message":"","jetpack_publicize_feature_enabled":true,"jetpack_social_post_already_shared":true,"jetpack_social_options":{"image_generator_settings":{"template":"highway","default_image_id":0,"font":"","enabled":false},"version":2},"jetpack_post_was_ever_published":false},"categories":[22],"tags":[],"class_list":["post-75223","post","type-post","status-publish","format-standard","has-post-thumbnail","category-nacional"],"jetpack_publicize_connections":[],"jetpack-related-posts":[],"jetpack_shortlink":"https:\/\/wp.me\/p7Eq1F-jzh","jetpack_sharing_enabled":true,"jetpack_featured_media_url":"https:\/\/i0.wp.com\/guialimeira.com.br\/news\/wp-content\/uploads\/2026\/08\/planalto_volta_a_vencer_realidade_jovem_e_vai_a_final_da_a3.jpg?fit=1600%2C800&ssl=1","_links":{"self":[{"href":"https:\/\/guialimeira.com.br\/news\/wp-json\/wp\/v2\/posts\/75223","targetHints":{"allow":["GET"]}}],"collection":[{"href":"https:\/\/guialimeira.com.br\/news\/wp-json\/wp\/v2\/posts"}],"about":[{"href":"https:\/\/guialimeira.com.br\/news\/wp-json\/wp\/v2\/types\/post"}],"author":[{"embeddable":true,"href":"https:\/\/guialimeira.com.br\/news\/wp-json\/wp\/v2\/users\/1"}],"replies":[{"embeddable":true,"href":"https:\/\/guialimeira.com.br\/news\/wp-json\/wp\/v2\/comments?post=75223"}],"version-history":[{"count":1,"href":"https:\/\/guialimeira.com.br\/news\/wp-json\/wp\/v2\/posts\/75223\/revisions"}],"predecessor-version":[{"id":75225,"href":"https:\/\/guialimeira.com.br\/news\/wp-json\/wp\/v2\/posts\/75223\/revisions\/75225"}],"wp:featuredmedia":[{"embeddable":true,"href":"https:\/\/guialimeira.com.br\/news\/wp-json\/wp\/v2\/media\/75224"}],"wp:attachment":[{"href":"https:\/\/guialimeira.com.br\/news\/wp-json\/wp\/v2\/media?parent=75223"}],"wp:term":[{"taxonomy":"category","embeddable":true,"href":"https:\/\/guialimeira.com.br\/news\/wp-json\/wp\/v2\/categories?post=75223"},{"taxonomy":"post_tag","embeddable":true,"href":"https:\/\/guialimeira.com.br\/news\/wp-json\/wp\/v2\/tags?post=75223"}],"curies":[{"name":"wp","href":"https:\/\/api.w.org\/{rel}","templated":true}]}}