{"id":75215,"date":"2026-08-23T17:07:27","date_gmt":"2026-08-23T20:07:27","guid":{"rendered":"https:\/\/guialimeira.com.br\/?p=75215"},"modified":"2026-08-23T17:07:27","modified_gmt":"2026-08-23T20:07:27","slug":"ons-suspende-geracao-excedente-de-energia-pela-segunda-vez-no-ano","status":"publish","type":"post","link":"https:\/\/guialimeira.com.br\/news\/ons-suspende-geracao-excedente-de-energia-pela-segunda-vez-no-ano\/","title":{"rendered":"ONS suspende gera\u00e7\u00e3o excedente de energia pela segunda vez no ano"},"content":{"rendered":"<p> <br \/>\n<\/p>\n<div>\n<p><strong>Pela segunda vez no ano, o Operador Nacional do Sistema El\u00e9trico (ONS)<a href=\"https:\/\/www.ons.org.br\/paginas\/noticias\/details.aspx?i=13152\" rel=\"noopener\"> acionou o plano emergencial<\/a> para reduzir a gera\u00e7\u00e3o de energia diante do excesso de oferta no Sistema Interligado Nacional (SIN).<\/strong><img data-recalc-dims=\"1\" decoding=\"async\" src=\"https:\/\/i0.wp.com\/agenciabrasil.ebc.com.br\/ebc.png?w=696&#038;ssl=1\" style=\"width:1px;height:1px;display:inline\" \/><img data-recalc-dims=\"1\" decoding=\"async\" src=\"https:\/\/i0.wp.com\/agenciabrasil.ebc.com.br\/ebc.gif?w=696&#038;ssl=1\" style=\"width:1px;height:1px;display:inline\" \/><\/p>\n<p>A medida ocorre das 11h \u00e0s 13h30 deste domingo (23), sem impacto para o consumidor, afetando apenas as distribuidoras. <strong>O objetivo \u00e9 preservar a seguran\u00e7a do sistema diante da expectativa de menor consumo no fim de semana.<\/strong><\/p>\n<p>O plano prev\u00ea a restri\u00e7\u00e3o da gera\u00e7\u00e3o de usinas Tipo 3, conectadas \u00e0s redes de distribui\u00e7\u00e3o. O grupo inclui pequenas centrais hidrel\u00e9tricas (PCHs), usinas a biomassa e empreendimentos e\u00f3licos e solares de menor porte.<\/p>\n<p>O ONS tamb\u00e9m adotou medidas complementares para reduzir a gera\u00e7\u00e3o de usinas sob seu controle direto.<\/p>\n<h2>Medida ocorreu em junho<\/h2>\n<p><strong>O primeiro acionamento de 2026 ocorreu em 7 de junho, no feriado prolongado de Corpus Christi. <\/strong>Na ocasi\u00e3o, o ONS solicitou o gerenciamento de 1 mil megawatts (MW) das 10h \u00e0s 14h.<\/p>\n<p>O plano emergencial foi aprovado pela Ag\u00eancia Nacional de Energia El\u00e9trica (Aneel) em 2025, diante do avan\u00e7o da gera\u00e7\u00e3o distribu\u00edda, principalmente da energia solar.<\/p>\n<p>Em agosto de 2025, no dia dos pais, o excesso de energia quase provocou uma sobrecarga no sistema. Naquela data, a gera\u00e7\u00e3o distribu\u00edda chegou a representar 37,6% da demanda nacional.<\/p>\n<p>Para equilibrar o sistema e evitar um blecaute que poderia atingir v\u00e1rios estados, o ONS reduziu a produ\u00e7\u00e3o de hidrel\u00e9tricas e termel\u00e9tricas. O operador cortou 98,5% da gera\u00e7\u00e3o e\u00f3lica e solar centralizada.<\/p>\n<h2>ONS prepara corte autom\u00e1tico<\/h2>\n<p><strong>Diante do crescimento da gera\u00e7\u00e3o solar, o ONS anunciou, na \u00faltima quinta-feira (20) que est\u00e1 preparando um sistema para desligar automaticamente parte da gera\u00e7\u00e3o distribu\u00edda em situa\u00e7\u00f5es cr\u00edticas.<\/strong><\/p>\n<p>Chamado de Esquema Regional de Al\u00edvio de Gera\u00e7\u00e3o (Erag), o sistema autom\u00e1tico prev\u00ea at\u00e9 3 gigawatts (GW) de corte, divididos em tr\u00eas est\u00e1gios de 1 GW. O mecanismo seria acionado somente depois de esgotadas as demais alternativas de controle.<\/p>\n<p>Segundo a ONS, um projeto-piloto dever\u00e1 ser realizado at\u00e9 o fim de 2026 em uma distribuidora. Se os testes forem bem-sucedidos, a implementa\u00e7\u00e3o poder\u00e1 avan\u00e7ar em 2027.<\/p>\n<p>A gera\u00e7\u00e3o distribu\u00edda, que re\u00fane micro e minigera\u00e7\u00e3o, soma cerca de 50 GW de capacidade instalada no pa\u00eds. Para o ONS, o crescimento dessas fontes aumenta a complexidade da opera\u00e7\u00e3o porque parte da energia produzida n\u00e3o pode ser observada ou controlada diretamente pelo operador.<\/p>\n<h2>Distribuidoras executam cortes<\/h2>\n<p><strong>A Associa\u00e7\u00e3o Brasileira de Distribuidores de Energia El\u00e9trica (Abradee) informou que as distribuidoras seguir\u00e3o as orienta\u00e7\u00f5es do ONS para executar o plano anunciado para este domingo.<\/strong><\/p>\n<p>Em nota, a entidade pediu procedimentos mais detalhados para definir os cortes. Segundo a Abradee, crit\u00e9rios claros s\u00e3o necess\u00e1rios para dar seguran\u00e7a operacional e jur\u00eddica aos geradores.<\/p>\n<p>      <!-- Relacionada --><\/p>\n<p>            <!-- Relacionada -->\n    <\/div>\n<p><br \/>\n<br \/><a href=\"https:\/\/agenciabrasil.ebc.com.br\/economia\/noticia\/2026-08\/ons-suspende-geracao-excedente-de-energia-pela-segunda-vez-no-ano\" rel=\"noopener\">Informa\u00e7\u00f5es com a Ag\u00eancia Brasil<\/a><\/p>\n","protected":false},"excerpt":{"rendered":"<p>Pela segunda vez no ano, o Operador Nacional do Sistema El\u00e9trico (ONS) acionou o plano emergencial para reduzir a gera\u00e7\u00e3o de energia diante do excesso de oferta no Sistema Interligado Nacional (SIN). A medida ocorre das 11h \u00e0s 13h30 deste domingo (23), sem impacto para o consumidor, afetando apenas as distribuidoras. O objetivo \u00e9 preservar [&hellip;]<\/p>\n","protected":false},"author":1,"featured_media":75216,"comment_status":"closed","ping_status":"open","sticky":false,"template":"","format":"standard","meta":{"_jetpack_newsletter_access":"","_jetpack_dont_email_post_to_subs":false,"_jetpack_newsletter_tier_id":0,"_jetpack_memberships_contains_paywalled_content":false,"_mbp_banners":[],"_jetpack_feature_clip_id":0,"_jetpack_memberships_contains_paid_content":false,"footnotes":"","jetpack_publicize_message":"","jetpack_publicize_feature_enabled":true,"jetpack_social_post_already_shared":true,"jetpack_social_options":{"image_generator_settings":{"template":"highway","default_image_id":0,"font":"","enabled":false},"version":2},"jetpack_post_was_ever_published":false},"categories":[22],"tags":[],"class_list":["post-75215","post","type-post","status-publish","format-standard","has-post-thumbnail","category-nacional"],"jetpack_publicize_connections":[],"jetpack-related-posts":[],"jetpack_shortlink":"https:\/\/wp.me\/p7Eq1F-jz9","jetpack_sharing_enabled":true,"jetpack_featured_media_url":"https:\/\/i0.wp.com\/guialimeira.com.br\/news\/wp-content\/uploads\/2026\/08\/agencia_brasil170912_mca7686.jpg?fit=1600%2C800&ssl=1","_links":{"self":[{"href":"https:\/\/guialimeira.com.br\/news\/wp-json\/wp\/v2\/posts\/75215","targetHints":{"allow":["GET"]}}],"collection":[{"href":"https:\/\/guialimeira.com.br\/news\/wp-json\/wp\/v2\/posts"}],"about":[{"href":"https:\/\/guialimeira.com.br\/news\/wp-json\/wp\/v2\/types\/post"}],"author":[{"embeddable":true,"href":"https:\/\/guialimeira.com.br\/news\/wp-json\/wp\/v2\/users\/1"}],"replies":[{"embeddable":true,"href":"https:\/\/guialimeira.com.br\/news\/wp-json\/wp\/v2\/comments?post=75215"}],"version-history":[{"count":1,"href":"https:\/\/guialimeira.com.br\/news\/wp-json\/wp\/v2\/posts\/75215\/revisions"}],"predecessor-version":[{"id":75217,"href":"https:\/\/guialimeira.com.br\/news\/wp-json\/wp\/v2\/posts\/75215\/revisions\/75217"}],"wp:featuredmedia":[{"embeddable":true,"href":"https:\/\/guialimeira.com.br\/news\/wp-json\/wp\/v2\/media\/75216"}],"wp:attachment":[{"href":"https:\/\/guialimeira.com.br\/news\/wp-json\/wp\/v2\/media?parent=75215"}],"wp:term":[{"taxonomy":"category","embeddable":true,"href":"https:\/\/guialimeira.com.br\/news\/wp-json\/wp\/v2\/categories?post=75215"},{"taxonomy":"post_tag","embeddable":true,"href":"https:\/\/guialimeira.com.br\/news\/wp-json\/wp\/v2\/tags?post=75215"}],"curies":[{"name":"wp","href":"https:\/\/api.w.org\/{rel}","templated":true}]}}