{"id":75212,"date":"2026-08-23T16:06:54","date_gmt":"2026-08-23T19:06:54","guid":{"rendered":"https:\/\/guialimeira.com.br\/?p=75212"},"modified":"2026-08-23T16:06:54","modified_gmt":"2026-08-23T19:06:54","slug":"dino-anula-emendas-indicadas-por-dirigentes-partidarios-sem-mandato","status":"publish","type":"post","link":"https:\/\/guialimeira.com.br\/news\/dino-anula-emendas-indicadas-por-dirigentes-partidarios-sem-mandato\/","title":{"rendered":"Dino anula emendas indicadas por dirigentes partid\u00e1rios sem mandato"},"content":{"rendered":"<p> <br \/>\n<\/p>\n<div>\n<p><strong>O ministro do Supremo Tribunal Federal (STF) Fl\u00e1vio Dino determinou neste domingo (23) a nulidade de emendas parlamentares indicadas por dirigentes partid\u00e1rios sem mandato no Congresso e por ex-parlamentares. <\/strong>A decis\u00e3o estabelece que essas indica\u00e7\u00f5es n\u00e3o podem ser utilizadas como fundamento para a execu\u00e7\u00e3o de despesas p\u00fablicas.<img data-recalc-dims=\"1\" decoding=\"async\" src=\"https:\/\/i0.wp.com\/agenciabrasil.ebc.com.br\/ebc.png?w=696&#038;ssl=1\" style=\"width:1px;height:1px;display:inline\" \/><img data-recalc-dims=\"1\" decoding=\"async\" src=\"https:\/\/i0.wp.com\/agenciabrasil.ebc.com.br\/ebc.gif?w=696&#038;ssl=1\" style=\"width:1px;height:1px;display:inline\" \/><\/p>\n<p>Dino determinou que os presidentes da C\u00e2mara dos Deputados, Hugo Motta, e do Senado, Davi Alcolumbre, comuniquem imediatamente as \u00e1reas t\u00e9cnicas das duas Casas sobre a decis\u00e3o.<\/p>\n<p><strong>A determina\u00e7\u00e3o alcan\u00e7a presidentes de partidos que n\u00e3o sejam deputados ou senadores e tamb\u00e9m pessoas que exerceram mandato parlamentar, mas n\u00e3o ocupam atualmente cargo eletivo.<\/strong><\/p>\n<h2>Indica\u00e7\u00f5es sem validade<\/h2>\n<p><strong>Segundo Dino, dirigentes partid\u00e1rios sem mandato n\u00e3o t\u00eam compet\u00eancia para indicar, distribuir ou alocar emendas parlamentares.<\/strong> O ministro tamb\u00e9m determinou que eventuais indica\u00e7\u00f5es feitas por essas pessoas n\u00e3o sejam consideradas nos procedimentos administrativos de execu\u00e7\u00e3o do Or\u00e7amento.<\/p>\n<p>A decis\u00e3o estabelece ainda que documentos que atribuam a presidentes de partidos ou ex-parlamentares a autoria, titularidade ou poder de indica\u00e7\u00e3o sobre emendas sejam considerados juridicamente inv\u00e1lidos.<\/p>\n<p>A determina\u00e7\u00e3o inclui documentos como of\u00edcios, planilhas, tabelas, expedientes, comunica\u00e7\u00f5es e solicita\u00e7\u00f5es encaminhadas \u00e0s \u00e1reas respons\u00e1veis pela execu\u00e7\u00e3o das despesas.<\/p>\n<p>O ministro afirmou que eventual descumprimento da ordem dever\u00e1 resultar na apura\u00e7\u00e3o de responsabilidade disciplinar, sem preju\u00edzo de poss\u00edveis consequ\u00eancias nas esferas civil e penal.<\/p>\n<h2>Controle sobre emendas<\/h2>\n<p>A decis\u00e3o faz parte de uma s\u00e9rie de medidas adotadas por Dino para ampliar o controle sobre a indica\u00e7\u00e3o e a execu\u00e7\u00e3o de emendas parlamentares. O tema ganhou destaque no STF diante de questionamentos sobre a transpar\u00eancia na destina\u00e7\u00e3o de recursos p\u00fablicos e sobre a participa\u00e7\u00e3o de pessoas sem mandato nos processos de indica\u00e7\u00e3o.<\/p>\n<p>Em julho, o ministro criticou o que classificou como \u201cterceiriza\u00e7\u00e3o de emendas\u201d e determinou que o Congresso apresentasse esclarecimentos sobre poss\u00edveis irregularidades na distribui\u00e7\u00e3o de recursos do Or\u00e7amento federal.<\/p>\n<p>Na avalia\u00e7\u00e3o do magistrado, a indica\u00e7\u00e3o de emendas deve estar vinculada aos parlamentares que efetivamente possuem mandato e compet\u00eancia constitucional para participar do processo or\u00e7ament\u00e1rio.<\/p>\n<h2>Bloqueios de patrim\u00f4nio<\/h2>\n<p>A nova decis\u00e3o ocorre poucos dias <a href=\"https:\/\/agenciabrasil.ebc.com.br\/justica\/noticia\/2026-07\/dino-bloqueia-r-119-milhoes-de-valdemar-por-suspeitas-em-emendas\" rel=\"noopener\">ap\u00f3s Dino determinar o bloqueio<\/a> de R$ 119 milh\u00f5es em bens do presidente do PL, Valdemar Costa Neto, e de R$ 6 milh\u00f5es do ex-deputado e ex-presidente da C\u00e2mara Eduardo Cunha.<\/p>\n<p>As medidas est\u00e3o relacionadas a investiga\u00e7\u00f5es sobre a indica\u00e7\u00e3o e a destina\u00e7\u00e3o de emendas parlamentares por pessoas que n\u00e3o ocupam mandato eletivo.<\/p>\n<p>O caso de Cunha chamou aten\u00e7\u00e3o porque, embora n\u00e3o exer\u00e7a atualmente cargo parlamentar, ele \u00e9 acusado de ter participado da indica\u00e7\u00e3o de recursos. J\u00e1 Valdemar Costa Neto preside o PL, mas tamb\u00e9m n\u00e3o tem mandato no Congresso.<\/p>\n<h2>Decis\u00e3o atinge Congresso<\/h2>\n<p>Com a determina\u00e7\u00e3o, as \u00e1reas t\u00e9cnicas da C\u00e2mara e do Senado dever\u00e3o desconsiderar eventuais indica\u00e7\u00f5es de dirigentes partid\u00e1rios sem mandato e de ex-parlamentares nos procedimentos relacionados \u00e0 execu\u00e7\u00e3o de despesas p\u00fablicas.<\/p>\n<p>A decis\u00e3o refor\u00e7a a necessidade de que a identifica\u00e7\u00e3o do autor e do respons\u00e1vel pela indica\u00e7\u00e3o das emendas corresponda a um parlamentar com mandato e respeite as regras estabelecidas para a execu\u00e7\u00e3o do Or\u00e7amento da Uni\u00e3o.<\/p>\n<p>A ordem de Dino passa a orientar os procedimentos das duas Casas do Congresso e estabelece que eventuais atos praticados em desacordo com a determina\u00e7\u00e3o poder\u00e3o ser submetidos \u00e0 apura\u00e7\u00e3o de responsabilidade.<\/p>\n<p>      <!-- Relacionada --><\/p>\n<p>            <!-- Relacionada -->\n    <\/div>\n<p><br \/>\n<br \/><a href=\"https:\/\/agenciabrasil.ebc.com.br\/justica\/noticia\/2026-08\/dino-anula-emendas-indicadas-por-dirigentes-partidarios-sem-mandato\" rel=\"noopener\">Informa\u00e7\u00f5es com a Ag\u00eancia Brasil<\/a><\/p>\n","protected":false},"excerpt":{"rendered":"<p>O ministro do Supremo Tribunal Federal (STF) Fl\u00e1vio Dino determinou neste domingo (23) a nulidade de emendas parlamentares indicadas por dirigentes partid\u00e1rios sem mandato no Congresso e por ex-parlamentares. A decis\u00e3o estabelece que essas indica\u00e7\u00f5es n\u00e3o podem ser utilizadas como fundamento para a execu\u00e7\u00e3o de despesas p\u00fablicas. Dino determinou que os presidentes da C\u00e2mara dos [&hellip;]<\/p>\n","protected":false},"author":1,"featured_media":75213,"comment_status":"closed","ping_status":"open","sticky":false,"template":"","format":"standard","meta":{"_jetpack_newsletter_access":"","_jetpack_dont_email_post_to_subs":false,"_jetpack_newsletter_tier_id":0,"_jetpack_memberships_contains_paywalled_content":false,"_mbp_banners":[],"_jetpack_feature_clip_id":0,"_jetpack_memberships_contains_paid_content":false,"footnotes":"","jetpack_publicize_message":"","jetpack_publicize_feature_enabled":true,"jetpack_social_post_already_shared":true,"jetpack_social_options":{"image_generator_settings":{"template":"highway","default_image_id":0,"font":"","enabled":false},"version":2},"jetpack_post_was_ever_published":false},"categories":[22],"tags":[],"class_list":["post-75212","post","type-post","status-publish","format-standard","has-post-thumbnail","category-nacional"],"jetpack_publicize_connections":[],"jetpack-related-posts":[],"jetpack_shortlink":"https:\/\/wp.me\/p7Eq1F-jz6","jetpack_sharing_enabled":true,"jetpack_featured_media_url":"https:\/\/i0.wp.com\/guialimeira.com.br\/news\/wp-content\/uploads\/2026\/08\/54776974910_27f774db1d_o.jpg?fit=1600%2C800&ssl=1","_links":{"self":[{"href":"https:\/\/guialimeira.com.br\/news\/wp-json\/wp\/v2\/posts\/75212","targetHints":{"allow":["GET"]}}],"collection":[{"href":"https:\/\/guialimeira.com.br\/news\/wp-json\/wp\/v2\/posts"}],"about":[{"href":"https:\/\/guialimeira.com.br\/news\/wp-json\/wp\/v2\/types\/post"}],"author":[{"embeddable":true,"href":"https:\/\/guialimeira.com.br\/news\/wp-json\/wp\/v2\/users\/1"}],"replies":[{"embeddable":true,"href":"https:\/\/guialimeira.com.br\/news\/wp-json\/wp\/v2\/comments?post=75212"}],"version-history":[{"count":1,"href":"https:\/\/guialimeira.com.br\/news\/wp-json\/wp\/v2\/posts\/75212\/revisions"}],"predecessor-version":[{"id":75214,"href":"https:\/\/guialimeira.com.br\/news\/wp-json\/wp\/v2\/posts\/75212\/revisions\/75214"}],"wp:featuredmedia":[{"embeddable":true,"href":"https:\/\/guialimeira.com.br\/news\/wp-json\/wp\/v2\/media\/75213"}],"wp:attachment":[{"href":"https:\/\/guialimeira.com.br\/news\/wp-json\/wp\/v2\/media?parent=75212"}],"wp:term":[{"taxonomy":"category","embeddable":true,"href":"https:\/\/guialimeira.com.br\/news\/wp-json\/wp\/v2\/categories?post=75212"},{"taxonomy":"post_tag","embeddable":true,"href":"https:\/\/guialimeira.com.br\/news\/wp-json\/wp\/v2\/tags?post=75212"}],"curies":[{"name":"wp","href":"https:\/\/api.w.org\/{rel}","templated":true}]}}