{"id":75198,"date":"2026-08-23T14:03:36","date_gmt":"2026-08-23T17:03:36","guid":{"rendered":"https:\/\/guialimeira.com.br\/?p=75198"},"modified":"2026-08-23T14:03:36","modified_gmt":"2026-08-23T17:03:36","slug":"provas-do-encceja-sao-realizadas-neste-domingo-em-todo-o-pais","status":"publish","type":"post","link":"https:\/\/guialimeira.com.br\/news\/provas-do-encceja-sao-realizadas-neste-domingo-em-todo-o-pais\/","title":{"rendered":"Provas do Encceja s\u00e3o realizadas neste domingo em todo o pa\u00eds"},"content":{"rendered":"<p> <br \/>\n<\/p>\n<div>\n<p><strong>O\u00a0Exame Nacional para Certifica\u00e7\u00e3o de Compet\u00eancias de Jovens e Adultos (Encceja)\u00a02026 \u00e9 aplicado neste domingo (23) em todos os estados brasileiros e no Distrito Federal.<\/strong><img data-recalc-dims=\"1\" decoding=\"async\" src=\"https:\/\/i0.wp.com\/agenciabrasil.ebc.com.br\/ebc.png?w=696&#038;ssl=1\" style=\"width:1px;height:1px;display:inline\" \/><img data-recalc-dims=\"1\" decoding=\"async\" src=\"https:\/\/i0.wp.com\/agenciabrasil.ebc.com.br\/ebc.gif?w=696&#038;ssl=1\" style=\"width:1px;height:1px;display:inline\" \/><\/p>\n<p><strong>As provas s\u00e3o aplicadas nos turnos da manh\u00e3 e da tarde. <\/strong>No primeiro turno, as provas come\u00e7am \u00e0s 9h e terminam \u00e0s 13h. J\u00e1 no segundo turno, a aplica\u00e7\u00e3o da tarde come\u00e7a \u00e0s 15h30 e vai at\u00e9 as 20h30.<\/p>\n<p><strong>O exame destina-se \u00e0s pessoas residentes no Brasil ou no exterior que pretendem obter a certifica\u00e7\u00e3o dos ensinos fundamental ou m\u00e9dio.<\/strong><\/p>\n<p>Para a certifica\u00e7\u00e3o do ensino fundamental, \u00e9 necess\u00e1rio ter, no m\u00ednimo, 15 anos completos na data de realiza\u00e7\u00e3o do exame. Para a certifica\u00e7\u00e3o do ensino m\u00e9dio, \u00e9 exigida idade m\u00ednima de 18 anos completos na data de aplica\u00e7\u00e3o.\u00a0<\/p>\n<p>Segundo o Instituto Nacional de Estudos e Pesquisas Educacionais An\u00edsio Teixeira (Inep), as provas do Encceja s\u00e3o elaboradas com base nos requisitos estabelecidos para os ensinos fundamental e m\u00e9dio pela legisla\u00e7\u00e3o vigente.<\/p>\n<p><strong>O exame \u00e9 composto por quatro provas objetivas, cada uma com 30 quest\u00f5es de m\u00faltipla escolha, al\u00e9m de uma prova de reda\u00e7\u00e3o.\u00a0<\/strong><\/p>\n<p>A aplica\u00e7\u00e3o ocorre em um \u00fanico dia, nos turnos matutino e vespertino. As datas de aplica\u00e7\u00e3o do exame no Brasil, no exterior e nas edi\u00e7\u00f5es destinadas \u00e0s pessoas privadas de liberdade ou sob medida socioeducativa privativa de liberdade s\u00e3o definidas em editais espec\u00edficos.<\/p>\n<p>As orienta\u00e7\u00f5es para os candidatos que v\u00e3o fazer o exame <a href=\"https:\/\/www.gov.br\/mec\/pt-br\/assuntos\/noticias\/2026\/agosto\/encceja-2026-provas-serao-aplicadas-neste-domingo-23-8\" rel=\"noopener\">est\u00e3o dispon\u00edveis no site do MEC<\/a>.<\/p>\n<p>      <!-- Relacionada --><\/p>\n<p>            <!-- Relacionada -->\n    <\/div>\n<p><br \/>\n<br \/><a href=\"https:\/\/agenciabrasil.ebc.com.br\/educacao\/noticia\/2026-08\/provas-do-encceja-sao-realizadas-neste-domingo-em-todo-o-pais\" rel=\"noopener\">Informa\u00e7\u00f5es com a Ag\u00eancia Brasil<\/a><\/p>\n","protected":false},"excerpt":{"rendered":"<p>O\u00a0Exame Nacional para Certifica\u00e7\u00e3o de Compet\u00eancias de Jovens e Adultos (Encceja)\u00a02026 \u00e9 aplicado neste domingo (23) em todos os estados brasileiros e no Distrito Federal. As provas s\u00e3o aplicadas nos turnos da manh\u00e3 e da tarde. No primeiro turno, as provas come\u00e7am \u00e0s 9h e terminam \u00e0s 13h. J\u00e1 no segundo turno, a aplica\u00e7\u00e3o da [&hellip;]<\/p>\n","protected":false},"author":1,"featured_media":3071,"comment_status":"closed","ping_status":"open","sticky":false,"template":"","format":"standard","meta":{"_jetpack_newsletter_access":"","_jetpack_dont_email_post_to_subs":false,"_jetpack_newsletter_tier_id":0,"_jetpack_memberships_contains_paywalled_content":false,"_mbp_banners":[],"_jetpack_feature_clip_id":0,"_jetpack_memberships_contains_paid_content":false,"footnotes":"","jetpack_publicize_message":"","jetpack_publicize_feature_enabled":true,"jetpack_social_post_already_shared":true,"jetpack_social_options":{"image_generator_settings":{"template":"highway","default_image_id":0,"font":"","enabled":false},"version":2},"jetpack_post_was_ever_published":false},"categories":[22],"tags":[],"class_list":["post-75198","post","type-post","status-publish","format-standard","has-post-thumbnail","category-nacional"],"jetpack_publicize_connections":[],"jetpack-related-posts":[],"jetpack_shortlink":"https:\/\/wp.me\/p7Eq1F-jyS","jetpack_sharing_enabled":true,"jetpack_featured_media_url":"https:\/\/i0.wp.com\/guialimeira.com.br\/news\/wp-content\/uploads\/2024\/04\/encceja.jpeg?fit=1600%2C800&ssl=1","_links":{"self":[{"href":"https:\/\/guialimeira.com.br\/news\/wp-json\/wp\/v2\/posts\/75198","targetHints":{"allow":["GET"]}}],"collection":[{"href":"https:\/\/guialimeira.com.br\/news\/wp-json\/wp\/v2\/posts"}],"about":[{"href":"https:\/\/guialimeira.com.br\/news\/wp-json\/wp\/v2\/types\/post"}],"author":[{"embeddable":true,"href":"https:\/\/guialimeira.com.br\/news\/wp-json\/wp\/v2\/users\/1"}],"replies":[{"embeddable":true,"href":"https:\/\/guialimeira.com.br\/news\/wp-json\/wp\/v2\/comments?post=75198"}],"version-history":[{"count":1,"href":"https:\/\/guialimeira.com.br\/news\/wp-json\/wp\/v2\/posts\/75198\/revisions"}],"predecessor-version":[{"id":75199,"href":"https:\/\/guialimeira.com.br\/news\/wp-json\/wp\/v2\/posts\/75198\/revisions\/75199"}],"wp:featuredmedia":[{"embeddable":true,"href":"https:\/\/guialimeira.com.br\/news\/wp-json\/wp\/v2\/media\/3071"}],"wp:attachment":[{"href":"https:\/\/guialimeira.com.br\/news\/wp-json\/wp\/v2\/media?parent=75198"}],"wp:term":[{"taxonomy":"category","embeddable":true,"href":"https:\/\/guialimeira.com.br\/news\/wp-json\/wp\/v2\/categories?post=75198"},{"taxonomy":"post_tag","embeddable":true,"href":"https:\/\/guialimeira.com.br\/news\/wp-json\/wp\/v2\/tags?post=75198"}],"curies":[{"name":"wp","href":"https:\/\/api.w.org\/{rel}","templated":true}]}}