{"id":75177,"date":"2026-08-22T20:43:49","date_gmt":"2026-08-22T23:43:49","guid":{"rendered":"https:\/\/guialimeira.com.br\/?p=75177"},"modified":"2026-08-22T20:43:49","modified_gmt":"2026-08-22T23:43:49","slug":"brasil-fecha-mundial-de-rugbi-em-cadeira-de-rodas-na-11a-posicao","status":"publish","type":"post","link":"https:\/\/guialimeira.com.br\/news\/brasil-fecha-mundial-de-rugbi-em-cadeira-de-rodas-na-11a-posicao\/","title":{"rendered":"Brasil fecha Mundial de R\u00fagbi em cadeira de rodas na 11\u00aa posi\u00e7\u00e3o"},"content":{"rendered":"<p> <br \/>\n<\/p>\n<div>\n<p>O Campeonato Mundial de R\u00fagbi em cadeira de rodas segue em disputa no Centro de Treinamento Paral\u00edmpico, em S\u00e3o Paulo. Mas a participa\u00e7\u00e3o da sele\u00e7\u00e3o da casa j\u00e1 foi encerrada. Neste s\u00e1bado (22), o Brasil derrotou a Nova Zel\u00e2ndia por 53 a 37 e concluiu a competi\u00e7\u00e3o na 11\u00aa coloca\u00e7\u00e3o, igualando sua melhor campanha, registrada na \u00faltima edi\u00e7\u00e3o, em 2022, na Dinamarca.<img data-recalc-dims=\"1\" decoding=\"async\" src=\"https:\/\/i0.wp.com\/agenciabrasil.ebc.com.br\/ebc.png?w=696&#038;ssl=1\" style=\"width:1px;height:1px;display:inline\" \/><img data-recalc-dims=\"1\" decoding=\"async\" src=\"https:\/\/i0.wp.com\/agenciabrasil.ebc.com.br\/ebc.gif?w=696&#038;ssl=1\" style=\"width:1px;height:1px;display:inline\" \/><\/p>\n<blockquote>\n<p>&#8220;A gente tira de aprendizado que, ao longo do campeonato, os jogadores foram evoluindo e isso que importa. A gente tem um grupo forte, isso \u00e9 muito importante&#8221;, disse Julio Braz, um dos principais atletas da sele\u00e7\u00e3o brasileira, em declara\u00e7\u00e3o divulgada pelo CPB (Comit\u00ea Paral\u00edmpico Brasileiro).<\/p>\n<\/blockquote>\n<p>Al\u00e9m do triunfo deste s\u00e1bado, o Brasil teve outras duas vit\u00f3rias na fase de grupos da competi\u00e7\u00e3o, as quais, no entanto, n\u00e3o foram suficientes para a classifica\u00e7\u00e3o \u00e0 etapa de mata-mata. A equipe da casa derrotou o Canad\u00e1 por 49 a 48 e a pr\u00f3pria Nova Zel\u00e2ndia por 58 a 44.<\/p>\n<p>A grande decis\u00e3o do campeonato &#8211; realizado pela primeira vez na hist\u00f3ria na Am\u00e9rica do Sul &#8211; ser\u00e1 disputada neste domingo (23), \u00e0s 16h30, entre Austr\u00e1lia e Estados Unidos.\u00a0<\/p>\n<p>      <!-- Relacionada --><\/p>\n<p>            <!-- Relacionada -->\n    <\/div>\n<p><br \/>\n<br \/><a href=\"https:\/\/agenciabrasil.ebc.com.br\/esportes\/noticia\/2026-08\/brasil-fecha-mundial-de-rugbi-em-cadeira-de-rodas-na-11a-posicao\" rel=\"noopener\">Informa\u00e7\u00f5es com a Ag\u00eancia Brasil<\/a><\/p>\n","protected":false},"excerpt":{"rendered":"<p>O Campeonato Mundial de R\u00fagbi em cadeira de rodas segue em disputa no Centro de Treinamento Paral\u00edmpico, em S\u00e3o Paulo. Mas a participa\u00e7\u00e3o da sele\u00e7\u00e3o da casa j\u00e1 foi encerrada. Neste s\u00e1bado (22), o Brasil derrotou a Nova Zel\u00e2ndia por 53 a 37 e concluiu a competi\u00e7\u00e3o na 11\u00aa coloca\u00e7\u00e3o, igualando sua melhor campanha, registrada [&hellip;]<\/p>\n","protected":false},"author":1,"featured_media":75178,"comment_status":"closed","ping_status":"open","sticky":false,"template":"","format":"standard","meta":{"_jetpack_newsletter_access":"","_jetpack_dont_email_post_to_subs":false,"_jetpack_newsletter_tier_id":0,"_jetpack_memberships_contains_paywalled_content":false,"_mbp_banners":[],"_jetpack_feature_clip_id":0,"_jetpack_memberships_contains_paid_content":false,"footnotes":"","jetpack_publicize_message":"","jetpack_publicize_feature_enabled":true,"jetpack_social_post_already_shared":true,"jetpack_social_options":{"image_generator_settings":{"template":"highway","default_image_id":0,"font":"","enabled":false},"version":2},"jetpack_post_was_ever_published":false},"categories":[22],"tags":[],"class_list":["post-75177","post","type-post","status-publish","format-standard","has-post-thumbnail","category-nacional"],"jetpack_publicize_connections":[],"jetpack-related-posts":[],"jetpack_shortlink":"https:\/\/wp.me\/p7Eq1F-jyx","jetpack_sharing_enabled":true,"jetpack_featured_media_url":"https:\/\/i0.wp.com\/guialimeira.com.br\/news\/wp-content\/uploads\/2026\/08\/campeonato_mundial_de_rugbi_em_cadeira_de_rodas.jpg?fit=1600%2C800&ssl=1","_links":{"self":[{"href":"https:\/\/guialimeira.com.br\/news\/wp-json\/wp\/v2\/posts\/75177","targetHints":{"allow":["GET"]}}],"collection":[{"href":"https:\/\/guialimeira.com.br\/news\/wp-json\/wp\/v2\/posts"}],"about":[{"href":"https:\/\/guialimeira.com.br\/news\/wp-json\/wp\/v2\/types\/post"}],"author":[{"embeddable":true,"href":"https:\/\/guialimeira.com.br\/news\/wp-json\/wp\/v2\/users\/1"}],"replies":[{"embeddable":true,"href":"https:\/\/guialimeira.com.br\/news\/wp-json\/wp\/v2\/comments?post=75177"}],"version-history":[{"count":1,"href":"https:\/\/guialimeira.com.br\/news\/wp-json\/wp\/v2\/posts\/75177\/revisions"}],"predecessor-version":[{"id":75179,"href":"https:\/\/guialimeira.com.br\/news\/wp-json\/wp\/v2\/posts\/75177\/revisions\/75179"}],"wp:featuredmedia":[{"embeddable":true,"href":"https:\/\/guialimeira.com.br\/news\/wp-json\/wp\/v2\/media\/75178"}],"wp:attachment":[{"href":"https:\/\/guialimeira.com.br\/news\/wp-json\/wp\/v2\/media?parent=75177"}],"wp:term":[{"taxonomy":"category","embeddable":true,"href":"https:\/\/guialimeira.com.br\/news\/wp-json\/wp\/v2\/categories?post=75177"},{"taxonomy":"post_tag","embeddable":true,"href":"https:\/\/guialimeira.com.br\/news\/wp-json\/wp\/v2\/tags?post=75177"}],"curies":[{"name":"wp","href":"https:\/\/api.w.org\/{rel}","templated":true}]}}