{"id":75167,"date":"2026-08-22T17:40:46","date_gmt":"2026-08-22T20:40:46","guid":{"rendered":"https:\/\/guialimeira.com.br\/?p=75167"},"modified":"2026-08-22T17:40:46","modified_gmt":"2026-08-22T20:40:46","slug":"lando-norris-faz-a-pole-do-gp-da-holanda-bortoleto-larga-em-nono","status":"publish","type":"post","link":"https:\/\/guialimeira.com.br\/news\/lando-norris-faz-a-pole-do-gp-da-holanda-bortoleto-larga-em-nono\/","title":{"rendered":"Lando Norris faz a pole do GP da Holanda; Bortoleto larga em nono"},"content":{"rendered":"<p> <br \/>\n<\/p>\n<div>\n<p>No fim de semana de retorno da F\u00f3rmula 1 ap\u00f3s quase um m\u00eas de pausa, o brit\u00e2nico Lando Norris, atual detentor do t\u00edtulo de campe\u00e3o mundial e vencedor do GP mais recente, na Hungria, mostrou que quer se recuperar na classifica\u00e7\u00e3o da temporada 2026<strong>. O piloto da McLaren &#8211; atual quinto colocado na tabela &#8211; fez a pole position no circuito de Zandvoort, na Holanda, neste s\u00e1bado (22). O brasileiro Gabriel Bortoleto, da Audi, vai largar na nona posi\u00e7\u00e3o.<\/strong><img data-recalc-dims=\"1\" decoding=\"async\" src=\"https:\/\/i0.wp.com\/agenciabrasil.ebc.com.br\/ebc.png?w=696&#038;ssl=1\" style=\"width:1px;height:1px;display:inline\" \/><img data-recalc-dims=\"1\" decoding=\"async\" src=\"https:\/\/i0.wp.com\/agenciabrasil.ebc.com.br\/ebc.gif?w=696&#038;ssl=1\" style=\"width:1px;height:1px;display:inline\" \/><\/p>\n<p>Antes do treino oficial, outro brit\u00e2nico, George Russell, da Mercedes, venceu a corrida sprint, seguido por Charles Leclerc, da Ferrari, e Lando Norris. Bortoleto fechou no nono lugar, uma posi\u00e7\u00e3o abaixo da zona de pontua\u00e7\u00e3o da prova sprint.<\/p>\n<p>Pouco depois, na classifica\u00e7\u00e3o para o GP de domingo, Norris registrou o tempo de 1min11s63, ficando \u00e0 frente de Russell (1min11s265) e do l\u00edder da temporada, Kimi Antonelli (1min11s296), ambos da Mercedes. Bortoleto fez o tempo de 1min12s079.<\/p>\n<p><strong>Ap\u00f3s se sagrar campe\u00e3o no ano passado, Norris vem tendo dificuldades em 2026, tendo subido ao p\u00f3dio apenas tr\u00eas vezes em onze provas. <\/strong>A \u00fanica vit\u00f3ria at\u00e9 o momento foi justamente na \u00faltima corrida, no circuito de Hungaroring, em Budapeste.<\/p>\n<p><strong>O GP da Holanda tem largada marcada para as 10h deste domingo, no hor\u00e1rio de Bras\u00edlia.\u00a0<\/strong><\/p>\n<p>      <!-- Relacionada --><\/p>\n<p>            <!-- Relacionada -->\n    <\/div>\n<p><br \/>\n<br \/><a href=\"https:\/\/agenciabrasil.ebc.com.br\/esportes\/noticia\/2026-08\/lando-norris-faz-pole-do-gp-da-holanda-bortoleto-larga-em-nono\" rel=\"noopener\">Informa\u00e7\u00f5es com a Ag\u00eancia Brasil<\/a><\/p>\n","protected":false},"excerpt":{"rendered":"<p>No fim de semana de retorno da F\u00f3rmula 1 ap\u00f3s quase um m\u00eas de pausa, o brit\u00e2nico Lando Norris, atual detentor do t\u00edtulo de campe\u00e3o mundial e vencedor do GP mais recente, na Hungria, mostrou que quer se recuperar na classifica\u00e7\u00e3o da temporada 2026. O piloto da McLaren &#8211; atual quinto colocado na tabela &#8211; [&hellip;]<\/p>\n","protected":false},"author":1,"featured_media":75168,"comment_status":"closed","ping_status":"open","sticky":false,"template":"","format":"standard","meta":{"_jetpack_newsletter_access":"","_jetpack_dont_email_post_to_subs":false,"_jetpack_newsletter_tier_id":0,"_jetpack_memberships_contains_paywalled_content":false,"_mbp_banners":[],"_jetpack_feature_clip_id":0,"_jetpack_memberships_contains_paid_content":false,"footnotes":"","jetpack_publicize_message":"","jetpack_publicize_feature_enabled":true,"jetpack_social_post_already_shared":true,"jetpack_social_options":{"image_generator_settings":{"template":"highway","default_image_id":0,"font":"","enabled":false},"version":2},"jetpack_post_was_ever_published":false},"categories":[22],"tags":[],"class_list":["post-75167","post","type-post","status-publish","format-standard","has-post-thumbnail","category-nacional"],"jetpack_publicize_connections":[],"jetpack-related-posts":[],"jetpack_shortlink":"https:\/\/wp.me\/p7Eq1F-jyn","jetpack_sharing_enabled":true,"jetpack_featured_media_url":"https:\/\/i0.wp.com\/guialimeira.com.br\/news\/wp-content\/uploads\/2026\/08\/2026-08-22t152441z_1682718825_up1em8m16e3tq_rtrmadp_3_motor-f1-netherlands.jpg?fit=1600%2C800&ssl=1","_links":{"self":[{"href":"https:\/\/guialimeira.com.br\/news\/wp-json\/wp\/v2\/posts\/75167","targetHints":{"allow":["GET"]}}],"collection":[{"href":"https:\/\/guialimeira.com.br\/news\/wp-json\/wp\/v2\/posts"}],"about":[{"href":"https:\/\/guialimeira.com.br\/news\/wp-json\/wp\/v2\/types\/post"}],"author":[{"embeddable":true,"href":"https:\/\/guialimeira.com.br\/news\/wp-json\/wp\/v2\/users\/1"}],"replies":[{"embeddable":true,"href":"https:\/\/guialimeira.com.br\/news\/wp-json\/wp\/v2\/comments?post=75167"}],"version-history":[{"count":1,"href":"https:\/\/guialimeira.com.br\/news\/wp-json\/wp\/v2\/posts\/75167\/revisions"}],"predecessor-version":[{"id":75169,"href":"https:\/\/guialimeira.com.br\/news\/wp-json\/wp\/v2\/posts\/75167\/revisions\/75169"}],"wp:featuredmedia":[{"embeddable":true,"href":"https:\/\/guialimeira.com.br\/news\/wp-json\/wp\/v2\/media\/75168"}],"wp:attachment":[{"href":"https:\/\/guialimeira.com.br\/news\/wp-json\/wp\/v2\/media?parent=75167"}],"wp:term":[{"taxonomy":"category","embeddable":true,"href":"https:\/\/guialimeira.com.br\/news\/wp-json\/wp\/v2\/categories?post=75167"},{"taxonomy":"post_tag","embeddable":true,"href":"https:\/\/guialimeira.com.br\/news\/wp-json\/wp\/v2\/tags?post=75167"}],"curies":[{"name":"wp","href":"https:\/\/api.w.org\/{rel}","templated":true}]}}