{"id":75157,"date":"2026-08-22T16:39:51","date_gmt":"2026-08-22T19:39:51","guid":{"rendered":"https:\/\/guialimeira.com.br\/?p=75157"},"modified":"2026-08-22T16:39:51","modified_gmt":"2026-08-22T19:39:51","slug":"morre-veterinaria-atacada-por-cachorro-no-canil-do-senado-federal","status":"publish","type":"post","link":"https:\/\/guialimeira.com.br\/news\/morre-veterinaria-atacada-por-cachorro-no-canil-do-senado-federal\/","title":{"rendered":"Morre veterin\u00e1ria atacada por cachorro no canil do Senado Federal"},"content":{"rendered":"<p> <br \/>\n<\/p>\n<div>\n<p>A veterin\u00e1ria Vit\u00f3ria Valle de Oliveira Pinha, de 36 anos, morreu, neste s\u00e1bado (22), quatro dias depois de ser atacada por um cachorro pastor-belga no canil do Senado Federal, em Bras\u00edlia (DF). A informa\u00e7\u00e3o foi confirmada no final da manh\u00e3, em nota, pela assessoria de comunica\u00e7\u00e3o da Casa Legislativa.\u00a0<img data-recalc-dims=\"1\" decoding=\"async\" src=\"https:\/\/i0.wp.com\/agenciabrasil.ebc.com.br\/ebc.png?w=696&#038;ssl=1\" style=\"width:1px;height:1px;display:inline\" \/><img data-recalc-dims=\"1\" decoding=\"async\" src=\"https:\/\/i0.wp.com\/agenciabrasil.ebc.com.br\/ebc.gif?w=696&#038;ssl=1\" style=\"width:1px;height:1px;display:inline\" \/><\/p>\n<p>Ela estava internada na unidade de terapia intensiva do Hospital de Base.<\/p>\n<blockquote>\n<p>\u201cO Senado Federal lamenta o falecimento de Vit\u00f3ria Valle de Oliveira Pinha, que atuava como tratadora de animais no Servi\u00e7o de Cinotecnia da Casa\u201d, diz a nota.<\/p>\n<\/blockquote>\n<p>O comunicado acrescenta que Vit\u00f3ria foi estagi\u00e1ria no Senado entre os anos de 2022 e 2024.\u00a0<\/p>\n<p>Ela retornou \u00e0 institui\u00e7\u00e3o como profissional terceirizada na presta\u00e7\u00e3o do servi\u00e7o de cuidado dos animais.<strong> O Senado manifestou solidariedade \u00e0 fam\u00edlia, amigos e colegas de trabalho de Vit\u00f3ria, e destacou que ela ser\u00e1 lembrada pela \u201cdedica\u00e7\u00e3o com que sempre desempenhou suas atividades\u201d.<\/strong><\/p>\n<h2>Ataque ocorreu na ter\u00e7a<\/h2>\n<p>Na \u00faltima ter\u00e7a (18), Vit\u00f3ria foi mordida no pesco\u00e7o por um pastor-belga e sofreu uma parada cardiorrespirat\u00f3ria com o ataque. Na ocasi\u00e3o, ela foi socorrida por colegas, que acionaram o Corpo de Bombeiros. A veterin\u00e1ria foi submetida a uma cirurgia de emerg\u00eancia.<\/p>\n<p>Segundo o site do Senado, o servi\u00e7o de Cinotecnia tem a finalidade de treinar as equipes da Pol\u00edcia Legislativa, com o aux\u00edlio de c\u00e3es especializados, para as \u201catividades de patrulha e policiamento, detec\u00e7\u00e3o de subst\u00e2ncias il\u00edcitas, explosivos e armas de fogo, interven\u00e7\u00e3o em dist\u00farbios civis, suporte em busca e apreens\u00e3o e outras medidas\u201d.<\/p>\n<p>O Sindicato dos Servidores do Poder Legislativo Federal e do Tribunal de Contas da Uni\u00e3o (Sindilegis) manifestou profundo pesar ap\u00f3s a confirma\u00e7\u00e3o da morte da veterin\u00e1ria durante o exerc\u00edcio de suas atividades profissionais.<\/p>\n<blockquote>\n<p>\u201cNeste momento de dor, o Sindilegis expressa solidariedade \u00e0 fam\u00edlia, aos amigos e aos colegas de trabalho e coloca-se \u00e0 disposi\u00e7\u00e3o da fam\u00edlia\u201d.\u00a0<\/p>\n<\/blockquote>\n<p>      <!-- Relacionada --><\/p>\n<p>            <!-- Relacionada -->\n    <\/div>\n<p><br \/>\n<br \/><a href=\"https:\/\/agenciabrasil.ebc.com.br\/geral\/noticia\/2026-08\/morre-veterinaria-atacada-por-cachorro-no-canil-do-senado-federal\" rel=\"noopener\">Informa\u00e7\u00f5es com a Ag\u00eancia Brasil<\/a><\/p>\n","protected":false},"excerpt":{"rendered":"<p>A veterin\u00e1ria Vit\u00f3ria Valle de Oliveira Pinha, de 36 anos, morreu, neste s\u00e1bado (22), quatro dias depois de ser atacada por um cachorro pastor-belga no canil do Senado Federal, em Bras\u00edlia (DF). A informa\u00e7\u00e3o foi confirmada no final da manh\u00e3, em nota, pela assessoria de comunica\u00e7\u00e3o da Casa Legislativa.\u00a0 Ela estava internada na unidade de [&hellip;]<\/p>\n","protected":false},"author":1,"featured_media":75158,"comment_status":"closed","ping_status":"open","sticky":false,"template":"","format":"standard","meta":{"_jetpack_newsletter_access":"","_jetpack_dont_email_post_to_subs":false,"_jetpack_newsletter_tier_id":0,"_jetpack_memberships_contains_paywalled_content":false,"_mbp_banners":[],"_jetpack_feature_clip_id":0,"_jetpack_memberships_contains_paid_content":false,"footnotes":"","jetpack_publicize_message":"","jetpack_publicize_feature_enabled":true,"jetpack_social_post_already_shared":true,"jetpack_social_options":{"image_generator_settings":{"template":"highway","default_image_id":0,"font":"","enabled":false},"version":2},"jetpack_post_was_ever_published":false},"categories":[22],"tags":[],"class_list":["post-75157","post","type-post","status-publish","format-standard","has-post-thumbnail","category-nacional"],"jetpack_publicize_connections":[],"jetpack-related-posts":[],"jetpack_shortlink":"https:\/\/wp.me\/p7Eq1F-jyd","jetpack_sharing_enabled":true,"jetpack_featured_media_url":"https:\/\/i0.wp.com\/guialimeira.com.br\/news\/wp-content\/uploads\/2026\/08\/vitoria_valle_de_oliveira.jpg?fit=1600%2C800&ssl=1","_links":{"self":[{"href":"https:\/\/guialimeira.com.br\/news\/wp-json\/wp\/v2\/posts\/75157","targetHints":{"allow":["GET"]}}],"collection":[{"href":"https:\/\/guialimeira.com.br\/news\/wp-json\/wp\/v2\/posts"}],"about":[{"href":"https:\/\/guialimeira.com.br\/news\/wp-json\/wp\/v2\/types\/post"}],"author":[{"embeddable":true,"href":"https:\/\/guialimeira.com.br\/news\/wp-json\/wp\/v2\/users\/1"}],"replies":[{"embeddable":true,"href":"https:\/\/guialimeira.com.br\/news\/wp-json\/wp\/v2\/comments?post=75157"}],"version-history":[{"count":1,"href":"https:\/\/guialimeira.com.br\/news\/wp-json\/wp\/v2\/posts\/75157\/revisions"}],"predecessor-version":[{"id":75159,"href":"https:\/\/guialimeira.com.br\/news\/wp-json\/wp\/v2\/posts\/75157\/revisions\/75159"}],"wp:featuredmedia":[{"embeddable":true,"href":"https:\/\/guialimeira.com.br\/news\/wp-json\/wp\/v2\/media\/75158"}],"wp:attachment":[{"href":"https:\/\/guialimeira.com.br\/news\/wp-json\/wp\/v2\/media?parent=75157"}],"wp:term":[{"taxonomy":"category","embeddable":true,"href":"https:\/\/guialimeira.com.br\/news\/wp-json\/wp\/v2\/categories?post=75157"},{"taxonomy":"post_tag","embeddable":true,"href":"https:\/\/guialimeira.com.br\/news\/wp-json\/wp\/v2\/tags?post=75157"}],"curies":[{"name":"wp","href":"https:\/\/api.w.org\/{rel}","templated":true}]}}