{"id":75154,"date":"2026-08-22T15:38:59","date_gmt":"2026-08-22T18:38:59","guid":{"rendered":"https:\/\/guialimeira.com.br\/?p=75154"},"modified":"2026-08-22T15:38:59","modified_gmt":"2026-08-22T18:38:59","slug":"campanha-convoca-familiares-de-desaparecidos-para-coleta-de-dna","status":"publish","type":"post","link":"https:\/\/guialimeira.com.br\/news\/campanha-convoca-familiares-de-desaparecidos-para-coleta-de-dna\/","title":{"rendered":"Campanha convoca familiares de desaparecidos para coleta de DNA"},"content":{"rendered":"<p> <br \/>\n<\/p>\n<div>\n<p><strong>A partir de segunda-feira (24), ter\u00e1 in\u00edcio uma for\u00e7a-tarefa em todo o pa\u00eds para convocar familiares de pessoas desaparecidas para coleta de DNA. <\/strong>Ao todo, 334 pontos nas 27 unidades da Federa\u00e7\u00e3o est\u00e3o dispon\u00edveis para receber os interessados.<img data-recalc-dims=\"1\" decoding=\"async\" src=\"https:\/\/i0.wp.com\/agenciabrasil.ebc.com.br\/ebc.png?w=696&#038;ssl=1\" style=\"width:1px;height:1px;display:inline\" \/><img data-recalc-dims=\"1\" decoding=\"async\" src=\"https:\/\/i0.wp.com\/agenciabrasil.ebc.com.br\/ebc.gif?w=696&#038;ssl=1\" style=\"width:1px;height:1px;display:inline\" \/><\/p>\n<p>\u00c9 a quarta edi\u00e7\u00e3o de uma mobiliza\u00e7\u00e3o especial organizada pelo governo federal, em parceria com as secretarias de seguran\u00e7a p\u00fablica. A campanha vai at\u00e9 sexta (28).\u00a0<\/p>\n<p>Confira\u00a0<a href=\"https:\/\/www.gov.br\/mj\/pt-br\/acesso-a-informacao\/acoes-e-programas\/mobilizacao-nacional\/pontos-de-coleta\" target=\"_blank\" rel=\"noopener\">aqui\u00a0<\/a>os pontos de coleta.\u00a0<\/p>\n<p><strong>A coleta de DNA de familiares de desaparecidos torna poss\u00edvel o cruzamento com perfis gen\u00e9ticos de pessoas encontradas vivas e falecidas com identidade desconhecida nos bancos estaduais, distrital e nacional.\u00a0<\/strong><\/p>\n<p>Os familiares interessados em participar devem apresentar um documento de identifica\u00e7\u00e3o e as informa\u00e7\u00f5es do Boletim de Ocorr\u00eancia do desaparecimento (n\u00famero, estado de registro, delegacia).\u00a0<\/p>\n<h2>Perfis<\/h2>\n<p>De acordo com o governo, a campanha \u00e9 &#8220;uma ferramenta a mais para localiza\u00e7\u00e3o de pessoas desaparecidas, e uma chance para fam\u00edlias que ainda n\u00e3o tenham doado o seu material gen\u00e9tico\u201d, explicou o Minist\u00e9rio da Justi\u00e7a em nota.<\/p>\n<p>A coleta \u00e9 gratuita e indolor. <strong>O minist\u00e9rio ressalta que, preferencialmente, devem comparecer aos pontos de coleta familiares de primeiro grau da pessoa desaparecida, tais como pai, m\u00e3e, irm\u00e3os ou filhos.\u00a0<\/strong><\/p>\n<p>A coordena\u00e7\u00e3o da campanha explica que, caso ocorra resultado positivo da compara\u00e7\u00e3o do perfil gen\u00e9tico, a institui\u00e7\u00e3o respons\u00e1vel entrar\u00e1 em contato com o familiar doador.<\/p>\n<p>      <!-- Relacionada --><\/p>\n<p>            <!-- Relacionada -->\n    <\/div>\n<p><br \/>\n<br \/><a href=\"https:\/\/agenciabrasil.ebc.com.br\/justica\/noticia\/2026-08\/campanha-convoca-familiares-de-desaparecidos-para-coleta-de-dna\" rel=\"noopener\">Informa\u00e7\u00f5es com a Ag\u00eancia Brasil<\/a><\/p>\n","protected":false},"excerpt":{"rendered":"<p>A partir de segunda-feira (24), ter\u00e1 in\u00edcio uma for\u00e7a-tarefa em todo o pa\u00eds para convocar familiares de pessoas desaparecidas para coleta de DNA. Ao todo, 334 pontos nas 27 unidades da Federa\u00e7\u00e3o est\u00e3o dispon\u00edveis para receber os interessados. \u00c9 a quarta edi\u00e7\u00e3o de uma mobiliza\u00e7\u00e3o especial organizada pelo governo federal, em parceria com as secretarias [&hellip;]<\/p>\n","protected":false},"author":1,"featured_media":75155,"comment_status":"closed","ping_status":"open","sticky":false,"template":"","format":"standard","meta":{"_jetpack_newsletter_access":"","_jetpack_dont_email_post_to_subs":false,"_jetpack_newsletter_tier_id":0,"_jetpack_memberships_contains_paywalled_content":false,"_mbp_banners":[],"_jetpack_feature_clip_id":0,"_jetpack_memberships_contains_paid_content":false,"footnotes":"","jetpack_publicize_message":"","jetpack_publicize_feature_enabled":true,"jetpack_social_post_already_shared":true,"jetpack_social_options":{"image_generator_settings":{"template":"highway","default_image_id":0,"font":"","enabled":false},"version":2},"jetpack_post_was_ever_published":false},"categories":[22],"tags":[],"class_list":["post-75154","post","type-post","status-publish","format-standard","has-post-thumbnail","category-nacional"],"jetpack_publicize_connections":[],"jetpack-related-posts":[],"jetpack_shortlink":"https:\/\/wp.me\/p7Eq1F-jya","jetpack_sharing_enabled":true,"jetpack_featured_media_url":"https:\/\/i0.wp.com\/guialimeira.com.br\/news\/wp-content\/uploads\/2026\/08\/ato_desaparecidos_01_0.jpg?fit=1600%2C800&ssl=1","_links":{"self":[{"href":"https:\/\/guialimeira.com.br\/news\/wp-json\/wp\/v2\/posts\/75154","targetHints":{"allow":["GET"]}}],"collection":[{"href":"https:\/\/guialimeira.com.br\/news\/wp-json\/wp\/v2\/posts"}],"about":[{"href":"https:\/\/guialimeira.com.br\/news\/wp-json\/wp\/v2\/types\/post"}],"author":[{"embeddable":true,"href":"https:\/\/guialimeira.com.br\/news\/wp-json\/wp\/v2\/users\/1"}],"replies":[{"embeddable":true,"href":"https:\/\/guialimeira.com.br\/news\/wp-json\/wp\/v2\/comments?post=75154"}],"version-history":[{"count":1,"href":"https:\/\/guialimeira.com.br\/news\/wp-json\/wp\/v2\/posts\/75154\/revisions"}],"predecessor-version":[{"id":75156,"href":"https:\/\/guialimeira.com.br\/news\/wp-json\/wp\/v2\/posts\/75154\/revisions\/75156"}],"wp:featuredmedia":[{"embeddable":true,"href":"https:\/\/guialimeira.com.br\/news\/wp-json\/wp\/v2\/media\/75155"}],"wp:attachment":[{"href":"https:\/\/guialimeira.com.br\/news\/wp-json\/wp\/v2\/media?parent=75154"}],"wp:term":[{"taxonomy":"category","embeddable":true,"href":"https:\/\/guialimeira.com.br\/news\/wp-json\/wp\/v2\/categories?post=75154"},{"taxonomy":"post_tag","embeddable":true,"href":"https:\/\/guialimeira.com.br\/news\/wp-json\/wp\/v2\/tags?post=75154"}],"curies":[{"name":"wp","href":"https:\/\/api.w.org\/{rel}","templated":true}]}}