{"id":7514,"date":"2024-06-05T00:28:47","date_gmt":"2024-06-05T03:28:47","guid":{"rendered":"https:\/\/guialimeira.com.br\/2024\/06\/05\/dolar-sobe-para-r-528-em-meio-a-queda-das-commodities\/"},"modified":"2024-06-05T00:28:47","modified_gmt":"2024-06-05T03:28:47","slug":"dolar-sobe-para-r-528-em-meio-a-queda-das-commodities","status":"publish","type":"post","link":"https:\/\/guialimeira.com.br\/news\/dolar-sobe-para-r-528-em-meio-a-queda-das-commodities\/","title":{"rendered":"D\u00f3lar sobe para R$ 5,28 em meio \u00e0 queda das commodities"},"content":{"rendered":"<p> <br \/>\n<\/p>\n<div>\n<p>Num dia de turbul\u00eancias internas e externas, o d\u00f3lar aproximou-se de R$ 5,30 e fechou no maior n\u00edvel em quase um ano e meio. A bolsa de valores caiu pela quinta vez seguida e atingiu o menor n\u00edvel desde novembro.<img data-recalc-dims=\"1\" decoding=\"async\" src=\"https:\/\/i0.wp.com\/agenciabrasil.ebc.com.br\/ebc.png?w=696&#038;ssl=1\" style=\"width:1px; height:1px; display:inline;\"\/><img data-recalc-dims=\"1\" decoding=\"async\" src=\"https:\/\/i0.wp.com\/agenciabrasil.ebc.com.br\/ebc.gif?w=696&#038;ssl=1\" style=\"width:1px; height:1px; display:inline;\"\/><\/p>\n<p>O d\u00f3lar comercial encerrou esta ter\u00e7a-feira (4) vendido a R$ 5,285, com alta de R$ 0,052 (+0,96%). A cota\u00e7\u00e3o operou em alta durante todo o dia, mas come\u00e7ou a disparar a partir do fim da manh\u00e3, com a queda no pre\u00e7o de diversas <em>commodities<\/em> (bens prim\u00e1rios com cota\u00e7\u00e3o internacional). Na m\u00e1xima do dia, por volta das 15h40, chegou a R$ 5,29.<\/p>\n<p>A moeda norte-americana est\u00e1 no maior n\u00edvel desde\u00a023 de mar\u00e7o de 2023, quando fechou a R$\u00a05,35. A divisa acumula alta de 2,2% em uma semana e de 8,9% em 2024.<\/p>\n<p>No mercado de a\u00e7\u00f5es, o dia tamb\u00e9m foi tenso. O \u00edndice Ibovespa, da B3, fechou aos 121.802 pontos, com queda de 0,17%, puxado por a\u00e7\u00f5es de petroleiras e mineradoras, as mais negociadas. O indicador est\u00e1 no menor n\u00edvel desde 13 de novembro do ano passado.<\/p>\n<p>No cen\u00e1rio internacional, o d\u00f3lar subiu perante todas as moedas de pa\u00edses emergentes por causa da queda de<em> commodities<\/em>, principalmente petr\u00f3leo, ferro e soja. Como esses s\u00e3o os principais produtos exportados pelo Brasil, a queda no pre\u00e7o internacional reduz a entrada de d\u00f3lares no pa\u00eds, pressionando para cima a cota\u00e7\u00e3o.<\/p>\n<p>No plano dom\u00e9stico, a divulga\u00e7\u00e3o de que o Produto Interno Bruto (PIB, soma dos bens e servi\u00e7os produzidos) <a href=\"https:\/\/agenciabrasil.ebc.com.br\/economia\/noticia\/2024-06\/lula-comemora-resultado-do-pib-e-diz-que-pais-esta-no-rumo-certo\" target=\"_blank\" rel=\"noopener\">cresceu 0,8% no primeiro trimestre<\/a> inicialmente animou os investidores. A curva de juros de longo prazo abriu o dia em queda, mas voltou a subir no decorrer do dia.<\/p>\n<p>As incertezas se o <a href=\"https:\/\/agenciabrasil.ebc.com.br\/economia\/noticia\/2024-06\/governo-limita-uso-do-piscofins-para-custear-corte-na-folha\" target=\"_blank\" rel=\"noopener\">projeto para compensar a desonera\u00e7\u00e3o da folha de pagamento<\/a> n\u00e3o sofrer\u00e1 altera\u00e7\u00f5es no Congresso pressionou o mercado. A medida, que limita o uso de compensa\u00e7\u00f5es do Programa de Integra\u00e7\u00e3o Social (PIS) e da Contribui\u00e7\u00e3o para o Financiamento da Seguridade Social (Cofins), pretende arrecadar R$ 29,2 bilh\u00f5es.<\/p>\n<p><em>*Com informa\u00e7\u00f5es da Reuters<\/em><\/p>\n<\/p><\/div>\n<p><br \/>\n<br \/><a href=\"https:\/\/agenciabrasil.ebc.com.br\/economia\/noticia\/2024-06\/dolar-sobe-para-r-528-em-meio-queda-das-commodities\" rel=\"noopener\">Ag\u00eancia Brasil<\/a><\/p>\n","protected":false},"excerpt":{"rendered":"<p>Num dia de turbul\u00eancias internas e externas, o d\u00f3lar aproximou-se de R$ 5,30 e fechou no maior n\u00edvel em quase um ano e meio. A bolsa de valores caiu pela quinta vez seguida e atingiu o menor n\u00edvel desde novembro. O d\u00f3lar comercial encerrou esta ter\u00e7a-feira (4) vendido a R$ 5,285, com alta de R$ [&hellip;]<\/p>\n","protected":false},"author":1,"featured_media":7515,"comment_status":"open","ping_status":"open","sticky":false,"template":"","format":"standard","meta":{"_jetpack_newsletter_access":"","_jetpack_dont_email_post_to_subs":false,"_jetpack_newsletter_tier_id":0,"_jetpack_memberships_contains_paywalled_content":false,"_mbp_banners":[],"_jetpack_feature_clip_id":0,"_jetpack_memberships_contains_paid_content":false,"footnotes":"","jetpack_publicize_message":"","jetpack_publicize_feature_enabled":true,"jetpack_social_post_already_shared":true,"jetpack_social_options":{"image_generator_settings":{"template":"highway","default_image_id":0,"font":"","enabled":false},"version":2},"jetpack_post_was_ever_published":false},"categories":[24],"tags":[],"class_list":["post-7514","post","type-post","status-publish","format-standard","has-post-thumbnail","category-economia"],"jetpack_publicize_connections":[],"jetpack-related-posts":[],"jetpack_shortlink":"https:\/\/wp.me\/p7Eq1F-1Xc","jetpack_sharing_enabled":true,"jetpack_featured_media_url":"https:\/\/i0.wp.com\/guialimeira.com.br\/news\/wp-content\/uploads\/2024\/06\/2021-10-06t120841z_1_lynxmpeh950lf_rtroptp_4_dolar-abre.jpg?fit=1600%2C800&ssl=1","_links":{"self":[{"href":"https:\/\/guialimeira.com.br\/news\/wp-json\/wp\/v2\/posts\/7514","targetHints":{"allow":["GET"]}}],"collection":[{"href":"https:\/\/guialimeira.com.br\/news\/wp-json\/wp\/v2\/posts"}],"about":[{"href":"https:\/\/guialimeira.com.br\/news\/wp-json\/wp\/v2\/types\/post"}],"author":[{"embeddable":true,"href":"https:\/\/guialimeira.com.br\/news\/wp-json\/wp\/v2\/users\/1"}],"replies":[{"embeddable":true,"href":"https:\/\/guialimeira.com.br\/news\/wp-json\/wp\/v2\/comments?post=7514"}],"version-history":[{"count":0,"href":"https:\/\/guialimeira.com.br\/news\/wp-json\/wp\/v2\/posts\/7514\/revisions"}],"wp:featuredmedia":[{"embeddable":true,"href":"https:\/\/guialimeira.com.br\/news\/wp-json\/wp\/v2\/media\/7515"}],"wp:attachment":[{"href":"https:\/\/guialimeira.com.br\/news\/wp-json\/wp\/v2\/media?parent=7514"}],"wp:term":[{"taxonomy":"category","embeddable":true,"href":"https:\/\/guialimeira.com.br\/news\/wp-json\/wp\/v2\/categories?post=7514"},{"taxonomy":"post_tag","embeddable":true,"href":"https:\/\/guialimeira.com.br\/news\/wp-json\/wp\/v2\/tags?post=7514"}],"curies":[{"name":"wp","href":"https:\/\/api.w.org\/{rel}","templated":true}]}}