{"id":75135,"date":"2026-08-22T09:29:03","date_gmt":"2026-08-22T12:29:03","guid":{"rendered":"https:\/\/guialimeira.com.br\/?p=75135"},"modified":"2026-08-22T09:29:03","modified_gmt":"2026-08-22T12:29:03","slug":"cabecas-cortadas-de-glauber-rocha-ganhara-versao-restaurada-em-4k","status":"publish","type":"post","link":"https:\/\/guialimeira.com.br\/news\/cabecas-cortadas-de-glauber-rocha-ganhara-versao-restaurada-em-4k\/","title":{"rendered":"&#8220;Cabe\u00e7as Cortadas&#8221;, de Glauber Rocha, ganhar\u00e1 vers\u00e3o restaurada em 4k"},"content":{"rendered":"<p> <br \/>\n<\/p>\n<div>\n<p>\u201c<em>Cabe\u00e7as Cortadas<\/em> \u00e9 um filme que est\u00e1 entre o teatro e a poesia&#8221;, explicou Glauber Rocha sobre a obra, uma produ\u00e7\u00e3o hispano-brasileira rodada em 1970, na Catalunha, no norte da Espanha.<img data-recalc-dims=\"1\" decoding=\"async\" src=\"https:\/\/i0.wp.com\/agenciabrasil.ebc.com.br\/ebc.png?w=696&#038;ssl=1\" style=\"width:1px;height:1px;display:inline\" \/><img data-recalc-dims=\"1\" decoding=\"async\" src=\"https:\/\/i0.wp.com\/agenciabrasil.ebc.com.br\/ebc.gif?w=696&#038;ssl=1\" style=\"width:1px;height:1px;display:inline\" \/><\/p>\n<p><strong>Com\u00a0uma met\u00e1fora sobre a decad\u00eancia das ditaduras tanto na Am\u00e9rica Latina quanto na Pen\u00ednsula Ib\u00e9rica, o longa-metragem ganhar\u00e1\u00a0vers\u00e3o 4k<\/strong><strong>\u00a0em 2027,<\/strong>\u00a045 anos depois da morte do artista, gra\u00e7as a uma restaura\u00e7\u00e3o realizada pela ind\u00fastria do cinema espanhol.<\/p>\n<p>A obra retrata a &#8220;decad\u00eancia de um ditador&#8221;, nas palavras de Glauber, trazendo para a tela um tirano que ora tinha refer\u00eancias de\u00a0d\u00e9spotas latino-americanos ora de Francisco Franco, ditador espanhol. Atormentado por seus atos, o personagem espera a chegada da morte.<\/p>\n<p>O filme tem cena ic\u00f4nicas, como a do telefone, quando o d\u00e9spota Diaz II, interpretado pelo espanhol Francisco Rabal, questiona efeitos clim\u00e1ticos e relembra que j\u00e1 chegou a &#8220;extinguir vulc\u00f5es&#8221;.<\/p>\n<p>Na mesma cena, ele manda chamar de volta um fil\u00f3sofo exilado para assumir uma funda\u00e7\u00e3o que pretende criar, com\u00a0o lucro da venda de sua produ\u00e7\u00e3o agr\u00edcola aos Estados Unidos.<\/p>\n<p>\u00a0<\/p>\n<div class=\"dnd-widget-wrapper context-cheio_8colunas type-image\">\n<div class=\"dnd-atom-rendered\"><!-- scald=472174:cheio_8colunas --><br \/>\n            <img data-recalc-dims=\"1\" decoding=\"async\" src=\"https:\/\/i0.wp.com\/imagens.ebc.com.br\/PvBnNBWVFMUMFEw15VttG8RzWJY%3D\/754x0\/smart\/https%3A\/\/agenciabrasil.ebc.com.br\/sites\/default\/files\/thumbnails\/image\/2026\/08\/19\/cabezas_cortadas_8.jpg?w=696&#038;ssl=1\" alt=\" Filme Cabe\u00e7as Cortadas (1970), de Glauber Rocha. Foto: FlixOl\u00e9\" title=\"FlixOl\u00e9\" \/><br \/>\n        <img data-recalc-dims=\"1\" decoding=\"async\" src=\"https:\/\/i0.wp.com\/imagens.ebc.com.br\/PvBnNBWVFMUMFEw15VttG8RzWJY%3D\/754x0\/smart\/https%3A\/\/agenciabrasil.ebc.com.br\/sites\/default\/files\/thumbnails\/image\/2026\/08\/19\/cabezas_cortadas_8.jpg?w=696&#038;ssl=1\" alt=\" Filme Cabe\u00e7as Cortadas (1970), de Glauber Rocha. Foto: FlixOl\u00e9\" title=\"FlixOl\u00e9\" \/><br \/>\n    <!-- END scald=472174 --><\/div>\n<p><h6 class=\"meta\"><!--copyright=472174-->Ator Francisco Rabal no filme Cabe\u00e7as Cortadas (1970), de Glauber Rocha. Foto:\u00a0<strong>FlixOl\u00e9<\/strong><!--END copyright=472174--><\/h6>\n<\/p>\n<\/div>\n<h2>Quebra de padr\u00f5es<\/h2>\n<p>Controverso e enigm\u00e1tico, <em>Cabe\u00e7as Cortados<\/em> pode ser de dif\u00edcil compreens\u00e3o para quem n\u00e3o conhece o contexto latino e, talvez, por isso, n\u00e3o tenha agradado ao p\u00fablico menos habituado \u00e0 est\u00e9tica de Glauber, que rompia com padr\u00f5es comerciais do cinema Hollywoodiano.<\/p>\n<p>No entanto, despertou a aten\u00e7\u00e3o de cr\u00edticos e realizadores mais jovens que se puseram a defender a obra, feita durante o ex\u00edlio do cineasta brasileiro por causa da persegui\u00e7\u00e3o do regime militar no Brasil.<\/p>\n<p>Para o diretor e cr\u00edtico de cinema Cavi Borges, <em>Cabe\u00e7as Cortadas<\/em>\u00a0\u00e9 uma obra cl\u00e1ssica, tanto pelo tema, que reflete sobre a domina\u00e7\u00e3o norte-americana, o racismo e o fascismo, quanto pelo rompimento est\u00e9tico com os padr\u00f5es do cinema comercial.<\/p>\n<p>&#8220;O filme de Glauber e o que ele representa v\u00e3o na contram\u00e3o do momento em que vivemos, em que o cinema norte-americano e seu <em>streaming <\/em>(exibi\u00e7\u00e3o online) crescem e dominam toda a ind\u00fastria, ou seja, produzem, distribuem e exibem os conte\u00fados, ignorando o valor do autor e monopolizando o mercado&#8221;, avaliou Borges, \u00e0 <strong>Ag\u00eancia Brasil<\/strong>.<\/p>\n<p><strong>Para o diretor brasileiro, \u00e9 importante que uma nova gera\u00e7\u00e3o tenha acesso \u00e0 obra de Glauber<\/strong>, que ele classificou ainda como \u00fanica e especial.<\/p>\n<blockquote>\n<p>&#8220;Esse \u00e9 um dos \u00faltimos filmes do Glauber que ainda n\u00e3o tinham sido restaurados, uma obra internacional que celebra o cinema anti-imperialista&#8221;, completou.<\/p>\n<\/blockquote>\n<p>\u00a0<\/p>\n<div class=\"dnd-widget-wrapper context-cheio_8colunas type-image\">\n<div class=\"dnd-atom-rendered\"><!-- scald=472171:cheio_8colunas --><br \/>\n            <img data-recalc-dims=\"1\" decoding=\"async\" src=\"https:\/\/i0.wp.com\/imagens.ebc.com.br\/3iUcTCmRb1gLUJrw7iOJeJh07No%3D\/754x0\/smart\/https%3A\/\/agenciabrasil.ebc.com.br\/sites\/default\/files\/thumbnails\/image\/2026\/08\/19\/cabezas_cortadas_1.jpg?w=696&#038;ssl=1\" alt=\" Filme Cabe\u00e7as Cortadas (1970), de Glauber Rocha. Foto: FlixOl\u00e9\n\" title=\"FlixOl\u00e9\" \/><br \/>\n        <img data-recalc-dims=\"1\" decoding=\"async\" src=\"https:\/\/i0.wp.com\/imagens.ebc.com.br\/3iUcTCmRb1gLUJrw7iOJeJh07No%3D\/754x0\/smart\/https%3A\/\/agenciabrasil.ebc.com.br\/sites\/default\/files\/thumbnails\/image\/2026\/08\/19\/cabezas_cortadas_1.jpg?w=696&#038;ssl=1\" alt=\" Filme Cabe\u00e7as Cortadas (1970), de Glauber Rocha. Foto: FlixOl\u00e9\n\" title=\"FlixOl\u00e9\" \/><br \/>\n    <!-- END scald=472171 --><\/div>\n<p><h6 class=\"meta\"><!--copyright=472171-->Filme Cabe\u00e7as Cortadas (1970), de Glauber Rocha. Foto:\u00a0<strong>FlixOl\u00e9<\/strong><!--END copyright=472171--><\/h6>\n<\/p>\n<\/div>\n<h2>&#8220;Joia rara&#8221;<\/h2>\n<p>Em vers\u00e3o restaurada, <em>Cabe\u00e7as Cortadas<\/em> retornar\u00e1 digitalizado em 4k, com corre\u00e7\u00e3o de cor, imagem e som. O projeto re\u00fane a Escola de Cinema de Madrid (Ecam), a V\u00eddeo Mercury Films e a FlixOl\u00e9, distribuidora e plataforma de streaming especializada no cinema espanhol. A Ecam e as empresas\u00a0t\u00eam se dedicado\u00a0\u00e0 digitaliza\u00e7\u00e3o e restaura\u00e7\u00e3o de obras-primas do cinema mundial.<\/p>\n<p>As organiza\u00e7\u00f5es, em nota conjunta, afirmaram que a iniciativa devolve <em>Cabe\u00e7as Cortadas,<\/em> uma obra &#8220;\u00fanica da filmografia de Glauber&#8221;, ao seu devido lugar na hist\u00f3ria do cinema:<\/p>\n<p>&#8220;O\u00a0de uma joia rara do cinema espanhol que, ligada \u00e0 Am\u00e9rica Latina e \u00e0 vanguarda europeia, se conecta a um cinema teatral, hist\u00f3rica e politicamente revolucion\u00e1rio&#8221;.<\/p>\n<p>Representante da FlixOl\u00e9 e da Video Mercury Films,\u00a0Miguel L\u00f3pez disse que se trata de &#8220;um filme completamente esquecido e inacess\u00edvel\u201d, o que o projeto pretende mudar.<\/p>\n<p>&#8220;\u00c9 uma oportunidade para que seja novamente apresentado ao p\u00fablico gra\u00e7as \u00e0 nova c\u00f3pia digital&#8221;, disse.<\/p>\n<p>O projeto de revitaliza\u00e7\u00e3o tamb\u00e9m incluiu um website para que o p\u00fablico possa acompanhar o processo e conhecer mais a obra. L\u00e1, est\u00e3o depoimentos de artistas que participaram da filmagem, como Paco Rabal;\u00a0bastidores das grava\u00e7\u00f5es, que enfrentaram o os fortes ventos da Tramontana; al\u00e9m de relatos sobre o jeito peculiar de Glauber de filmar. A improvisa\u00e7\u00e3o de cenas\u00a0era parte da liberdade criativa do autor, figura chave do Cinema Novo Brasileiro.<\/p>\n<p>Para Glauber, que explicou sua ideia com o filme no encarte de divulga\u00e7\u00e3o, <em>Cabe\u00e7as Cortadas<\/em> \u00e9 um filme do &#8220;Terceiro Mundo sobre o Terceiro Mundo&#8221;.<\/p>\n<blockquote>\n<p>&#8220;\u00c9 um filme que procura uma comunica\u00e7\u00e3o com a sensibilidade do espectador, usando uma linguagem diferente da do cinema tradicional&#8221;, disse. \u00a0<\/p>\n<\/blockquote>\n<p>&#8220;Nesse caso, o espectador deve aceitar o filme como quem l\u00ea um poema, ouve uma m\u00fasica ou v\u00ea uma exposi\u00e7\u00e3o de pintura&#8221;, avisou o cineasta, conhecido por obras como <em>Deus e o diabo na terra do sol<\/em>\u00a0(1964) e <em>Terra em transe<\/em>\u00a0(1967). Glauber\u00a0Rocha morreu em 1981, aos 42 anos.<\/p>\n<p>      <!-- Relacionada --><\/p>\n<p>            <!-- Relacionada -->\n    <\/div>\n<p><br \/>\n<br \/><a href=\"https:\/\/agenciabrasil.ebc.com.br\/cultura\/noticia\/2026-08\/cabecas-cortadas-de-glauber-rocha-voltara-em-versao-restaurada\" rel=\"noopener\">Informa\u00e7\u00f5es com a Ag\u00eancia Brasil<\/a><\/p>\n","protected":false},"excerpt":{"rendered":"<p>\u201cCabe\u00e7as Cortadas \u00e9 um filme que est\u00e1 entre o teatro e a poesia&#8221;, explicou Glauber Rocha sobre a obra, uma produ\u00e7\u00e3o hispano-brasileira rodada em 1970, na Catalunha, no norte da Espanha. Com\u00a0uma met\u00e1fora sobre a decad\u00eancia das ditaduras tanto na Am\u00e9rica Latina quanto na Pen\u00ednsula Ib\u00e9rica, o longa-metragem ganhar\u00e1\u00a0vers\u00e3o 4k\u00a0em 2027,\u00a045 anos depois da morte [&hellip;]<\/p>\n","protected":false},"author":1,"featured_media":75136,"comment_status":"closed","ping_status":"open","sticky":false,"template":"","format":"standard","meta":{"_jetpack_newsletter_access":"","_jetpack_dont_email_post_to_subs":false,"_jetpack_newsletter_tier_id":0,"_jetpack_memberships_contains_paywalled_content":false,"_mbp_banners":[],"_jetpack_feature_clip_id":0,"_jetpack_memberships_contains_paid_content":false,"footnotes":"","jetpack_publicize_message":"","jetpack_publicize_feature_enabled":true,"jetpack_social_post_already_shared":true,"jetpack_social_options":{"image_generator_settings":{"template":"highway","default_image_id":0,"font":"","enabled":false},"version":2},"jetpack_post_was_ever_published":false},"categories":[22],"tags":[],"class_list":["post-75135","post","type-post","status-publish","format-standard","has-post-thumbnail","category-nacional"],"jetpack_publicize_connections":[],"jetpack-related-posts":[],"jetpack_shortlink":"https:\/\/wp.me\/p7Eq1F-jxR","jetpack_sharing_enabled":true,"jetpack_featured_media_url":"https:\/\/i0.wp.com\/guialimeira.com.br\/news\/wp-content\/uploads\/2026\/08\/cabezas_cortadas_2.jpg?fit=1600%2C800&ssl=1","_links":{"self":[{"href":"https:\/\/guialimeira.com.br\/news\/wp-json\/wp\/v2\/posts\/75135","targetHints":{"allow":["GET"]}}],"collection":[{"href":"https:\/\/guialimeira.com.br\/news\/wp-json\/wp\/v2\/posts"}],"about":[{"href":"https:\/\/guialimeira.com.br\/news\/wp-json\/wp\/v2\/types\/post"}],"author":[{"embeddable":true,"href":"https:\/\/guialimeira.com.br\/news\/wp-json\/wp\/v2\/users\/1"}],"replies":[{"embeddable":true,"href":"https:\/\/guialimeira.com.br\/news\/wp-json\/wp\/v2\/comments?post=75135"}],"version-history":[{"count":1,"href":"https:\/\/guialimeira.com.br\/news\/wp-json\/wp\/v2\/posts\/75135\/revisions"}],"predecessor-version":[{"id":75137,"href":"https:\/\/guialimeira.com.br\/news\/wp-json\/wp\/v2\/posts\/75135\/revisions\/75137"}],"wp:featuredmedia":[{"embeddable":true,"href":"https:\/\/guialimeira.com.br\/news\/wp-json\/wp\/v2\/media\/75136"}],"wp:attachment":[{"href":"https:\/\/guialimeira.com.br\/news\/wp-json\/wp\/v2\/media?parent=75135"}],"wp:term":[{"taxonomy":"category","embeddable":true,"href":"https:\/\/guialimeira.com.br\/news\/wp-json\/wp\/v2\/categories?post=75135"},{"taxonomy":"post_tag","embeddable":true,"href":"https:\/\/guialimeira.com.br\/news\/wp-json\/wp\/v2\/tags?post=75135"}],"curies":[{"name":"wp","href":"https:\/\/api.w.org\/{rel}","templated":true}]}}