{"id":75125,"date":"2026-08-22T01:17:51","date_gmt":"2026-08-22T04:17:51","guid":{"rendered":"https:\/\/guialimeira.com.br\/?p=75125"},"modified":"2026-08-22T01:17:51","modified_gmt":"2026-08-22T04:17:51","slug":"moraes-determina-cassacao-da-aposentadoria-de-ex-diretor-da-prf","status":"publish","type":"post","link":"https:\/\/guialimeira.com.br\/news\/moraes-determina-cassacao-da-aposentadoria-de-ex-diretor-da-prf\/","title":{"rendered":"Moraes determina cassa\u00e7\u00e3o da aposentadoria de ex-diretor da PRF"},"content":{"rendered":"<p> <br \/>\n<\/p>\n<div>\n<p><strong>O ministro Alexandre de Moraes, do Supremo Tribunal Federal (STF), determinou nesta sexta-feira (21) a cassa\u00e7\u00e3o da aposentadoria do ex-diretor da Pol\u00edcia Rodovi\u00e1ria Federal (PRF) Silvinei Vasques.<\/strong><img data-recalc-dims=\"1\" decoding=\"async\" src=\"https:\/\/i0.wp.com\/agenciabrasil.ebc.com.br\/ebc.png?w=696&#038;ssl=1\" style=\"width:1px;height:1px;display:inline\" \/><img data-recalc-dims=\"1\" decoding=\"async\" src=\"https:\/\/i0.wp.com\/agenciabrasil.ebc.com.br\/ebc.gif?w=696&#038;ssl=1\" style=\"width:1px;height:1px;display:inline\" \/><\/p>\n<p>No ano passado, Silvinei foi <a href=\"https:\/\/agenciabrasil.ebc.com.br\/justica\/noticia\/2025-12\/reus-do-nucleo-2-da-trama-golpista-recebem-penas-entre-8-e-26-anos\" target=\"_blank\" rel=\"noopener\">condenado pelo Supremo a 24 anos e seis\u00a0meses de pris\u00e3o<\/a> em um dos processos da trama golpista ocorrida no governo Jair Bolsonaro.<\/p>\n<p>Al\u00e9m do tempo de pris\u00e3o a cumprir, o ex-diretor foi condenado \u00e0\u00a0perda do cargo em fun\u00e7\u00e3o da condena\u00e7\u00e3o. Contudo, em 2022, antes da decis\u00e3o do STF, Silvinei conseguiu <a href=\"https:\/\/agenciabrasil.ebc.com.br\/geral\/noticia\/2022-12\/prf-concede-aposentadoria-ex-diretor-silvinei-vasques\" target=\"_blank\" rel=\"noopener\">se aposentar aos 47 anos<\/a>.<\/p>\n<p>Na decis\u00e3o, <strong>Moraes disse que o entendimento do Supremo sobre a perda de cargo p\u00fablico em fun\u00e7\u00e3o de condena\u00e7\u00e3o criminal alcan\u00e7a os inativos, ou seja, acarreta a cassa\u00e7\u00e3o da aposentadoria.<\/strong><\/p>\n<p>\u201cDiante de todo o exposto, nos termos do art. 21 do RISTF, remeta-se o ac\u00f3rd\u00e3o dos embargos de declara\u00e7\u00e3o \u00e0 Advocacia Geral da Uni\u00e3o, determinado o imediato cumprimento da san\u00e7\u00e3o de perda do cargo p\u00fablico imposta a Silvinei Vasques, mediante a cassa\u00e7\u00e3o de sua aposentadoria no cargo de policial rodovi\u00e1rio federal&#8221;, decidiu.<\/p>\n<p>Conforme a acusa\u00e7\u00e3o feita pela Procuradoria-Geral da Rep\u00fablica (PGR), Silvinei atuou para barrar o deslocamento de eleitores do presidente Luiz In\u00e1cio Lula da Silva, no segundo turno das elei\u00e7\u00f5es de 2022, por meio de<em> blitze\u00a0<\/em>em rodovias do Nordeste.<\/p>\n<p>Durante o julgamento do caso, a defesa de Silvinei negou a atua\u00e7\u00e3o do ex-diretor para barrar o deslocamento de eleitores e disse que ele foi alvo de uma &#8220;tempestade midi\u00e1tica&#8221; e de not\u00edcias falsas nas redes sociais.<\/p>\n<p>      <!-- Relacionada --><\/p>\n<p>            <!-- Relacionada -->\n    <\/div>\n<p><br \/>\n<br \/><a href=\"https:\/\/agenciabrasil.ebc.com.br\/justica\/noticia\/2026-08\/moraes-determina-cassacao-da-aposentadoria-de-ex-diretor-da-prf\" rel=\"noopener\">Informa\u00e7\u00f5es com a Ag\u00eancia Brasil<\/a><\/p>\n","protected":false},"excerpt":{"rendered":"<p>O ministro Alexandre de Moraes, do Supremo Tribunal Federal (STF), determinou nesta sexta-feira (21) a cassa\u00e7\u00e3o da aposentadoria do ex-diretor da Pol\u00edcia Rodovi\u00e1ria Federal (PRF) Silvinei Vasques. No ano passado, Silvinei foi condenado pelo Supremo a 24 anos e seis\u00a0meses de pris\u00e3o em um dos processos da trama golpista ocorrida no governo Jair Bolsonaro. Al\u00e9m [&hellip;]<\/p>\n","protected":false},"author":1,"featured_media":75126,"comment_status":"closed","ping_status":"open","sticky":false,"template":"","format":"standard","meta":{"_jetpack_newsletter_access":"","_jetpack_dont_email_post_to_subs":false,"_jetpack_newsletter_tier_id":0,"_jetpack_memberships_contains_paywalled_content":false,"_mbp_banners":[],"_jetpack_feature_clip_id":0,"_jetpack_memberships_contains_paid_content":false,"footnotes":"","jetpack_publicize_message":"","jetpack_publicize_feature_enabled":true,"jetpack_social_post_already_shared":true,"jetpack_social_options":{"image_generator_settings":{"template":"highway","default_image_id":0,"font":"","enabled":false},"version":2},"jetpack_post_was_ever_published":false},"categories":[22],"tags":[],"class_list":["post-75125","post","type-post","status-publish","format-standard","has-post-thumbnail","category-nacional"],"jetpack_publicize_connections":[],"jetpack-related-posts":[],"jetpack_shortlink":"https:\/\/wp.me\/p7Eq1F-jxH","jetpack_sharing_enabled":true,"jetpack_featured_media_url":"https:\/\/i0.wp.com\/guialimeira.com.br\/news\/wp-content\/uploads\/2026\/08\/lula9054-16_0.jpg?fit=1600%2C800&ssl=1","_links":{"self":[{"href":"https:\/\/guialimeira.com.br\/news\/wp-json\/wp\/v2\/posts\/75125","targetHints":{"allow":["GET"]}}],"collection":[{"href":"https:\/\/guialimeira.com.br\/news\/wp-json\/wp\/v2\/posts"}],"about":[{"href":"https:\/\/guialimeira.com.br\/news\/wp-json\/wp\/v2\/types\/post"}],"author":[{"embeddable":true,"href":"https:\/\/guialimeira.com.br\/news\/wp-json\/wp\/v2\/users\/1"}],"replies":[{"embeddable":true,"href":"https:\/\/guialimeira.com.br\/news\/wp-json\/wp\/v2\/comments?post=75125"}],"version-history":[{"count":1,"href":"https:\/\/guialimeira.com.br\/news\/wp-json\/wp\/v2\/posts\/75125\/revisions"}],"predecessor-version":[{"id":75127,"href":"https:\/\/guialimeira.com.br\/news\/wp-json\/wp\/v2\/posts\/75125\/revisions\/75127"}],"wp:featuredmedia":[{"embeddable":true,"href":"https:\/\/guialimeira.com.br\/news\/wp-json\/wp\/v2\/media\/75126"}],"wp:attachment":[{"href":"https:\/\/guialimeira.com.br\/news\/wp-json\/wp\/v2\/media?parent=75125"}],"wp:term":[{"taxonomy":"category","embeddable":true,"href":"https:\/\/guialimeira.com.br\/news\/wp-json\/wp\/v2\/categories?post=75125"},{"taxonomy":"post_tag","embeddable":true,"href":"https:\/\/guialimeira.com.br\/news\/wp-json\/wp\/v2\/tags?post=75125"}],"curies":[{"name":"wp","href":"https:\/\/api.w.org\/{rel}","templated":true}]}}