{"id":75121,"date":"2026-08-21T23:15:56","date_gmt":"2026-08-22T02:15:56","guid":{"rendered":"https:\/\/guialimeira.com.br\/?p=75121"},"modified":"2026-08-21T23:15:56","modified_gmt":"2026-08-22T02:15:56","slug":"veja-como-foi-a-sexta-feira-21-dos-candidatos-a-presidente","status":"publish","type":"post","link":"https:\/\/guialimeira.com.br\/news\/veja-como-foi-a-sexta-feira-21-dos-candidatos-a-presidente\/","title":{"rendered":"Veja como foi a sexta-feira (21) dos candidatos a presidente"},"content":{"rendered":"<p> <br \/>\n<\/p>\n<div>\n<p>A agenda dos candidatos \u00e0 Presid\u00eancia da Rep\u00fablica nesta sexta-feira (21) incluiu debates, atos de campanha, entrevistas \u00e0 imprensa e encontros com representantes de diferentes setores da sociedade.<img data-recalc-dims=\"1\" decoding=\"async\" src=\"https:\/\/i0.wp.com\/agenciabrasil.ebc.com.br\/ebc.png?w=696&#038;ssl=1\" style=\"width:1px;height:1px;display:inline\" \/><img data-recalc-dims=\"1\" decoding=\"async\" src=\"https:\/\/i0.wp.com\/agenciabrasil.ebc.com.br\/ebc.gif?w=696&#038;ssl=1\" style=\"width:1px;height:1px;display:inline\" \/><\/p>\n<h2>&gt;&gt; Veja como foi o dia dos presidenci\u00e1veis:<\/h2>\n<p><strong>Clariana Bar\u00e3o (DC)<\/strong><br \/>A agenda da candidata Clariana Bar\u00e3o na Pra\u00e7a Marechal Rondon, em Cuiab\u00e1, foi cancelada.\u00a0A candidata publicou um v\u00eddeo nas\u00a0redes sociais tratando do combate \u00e0\u00a0viol\u00eancia de g\u00eanero.<\/p>\n<p><strong>Edmilson Costa (PCB)<\/strong><br \/>A agenda do candidato prev\u00ea, na noite de hoje,\u00a0encontro com jovens junto com o\u00a0deputado federal Glauber Braga (PSOL),\u00a0no Rio de Janeiro.<\/p>\n<p><strong>Fl\u00e1vio Bolsonaro (PL)<\/strong><br \/>O candidato Fl\u00e1vio Bolsonaro teve compromissos de campanha nas cidades de Nova Igua\u00e7u e Duque de Caxias, na Baixada Fluminense.<\/p>\n<p>Em Nova Igua\u00e7u, o candidato disse\u00a0que, se eleito, combater\u00e1\u00a0fac\u00e7\u00f5es criminosas, como o PCC, CV, milicianos e outros grupos, que ser\u00e3o tratados como narcoterroristas.<\/p>\n<p>Em seguida, o candidato participou de uma carreata com eleitores em Duque de Caxias.<\/p>\n<p><strong>Hertz Dias (PSTU)<\/strong><br \/>O candidato Hertz Dias cumpriu agenda de campanha em Congonhas (MG), onde realizou um ato p\u00fabico no sindicato que representa trabalhadores em minera\u00e7\u00e3o.<\/p>\n<p>Ele defendeu a valoriza\u00e7\u00e3o de empregados do setor, respeito a normas ambientais e o controle p\u00fablico das riquezas minerais do pa\u00eds. O candidato pediu ainda a reestatiza\u00e7\u00e3o da mineradora Vale, privatizada em 1997.<\/p>\n<p><strong>Luiz In\u00e1cio Lula da Silva (PT)<\/strong><br \/>Candidato \u00e0\u00a0reelei\u00e7\u00e3o, o presidente Luiz In\u00e1cio Lula da Silva desembarcou em Belo Horizonte para o lan\u00e7amento da campanha em Minas Gerais, ao lado do candidato ao governo estadual, Patrus Ananias.<\/p>\n<p>Depois, visitou obras de duplica\u00e7\u00e3o da Ponte do S\u00e3o Raimundo\/BR-116, em Governador Valadares (MG).<\/p>\n<p>\u00c0 noite, Lula participou de um ato de campanha na Pra\u00e7a da Esta\u00e7\u00e3o, no Centro.<\/p>\n<p><strong>Renan Santos (Miss\u00e3o)<\/strong><br \/>O candidato Renan Santos passou o dia em Macei\u00f3. Ele foi \u00e0 Favela do Munda\u00fa, onde conversou com um grupo resgata\u00a0animais abandonados.<\/p>\n<p>Durante a visita, o candidato preparou um v\u00eddeo de campanha no qual pede a moradores da capital alagoana\u00a0que ajudem a encontrar novos lares para os animais abandonados.<\/p>\n<p><strong>Romeu Zema (Novo)<\/strong><br \/>O candidato Romeu Zema conversou com comerciantes da Rua 25 de Mar\u00e7o, no centro de S\u00e3o Paulo.<\/p>\n<p>Ele afirmou ser a favor que o funcion\u00e1rio escolha qual escala de trabalho quer fazer, al\u00e9m de defender austeridade fiscal, privatiza\u00e7\u00f5es, reforma administrativa e novas regras trabalhistas.<\/p>\n<p><strong>Ronaldo Caiado (PSD)<\/strong><br \/>O candidato Ronaldo Caiado visitou o Mercado Municipal, na capital paulista.<\/p>\n<p>Ele prop\u00f4s combate ao endividamento das fam\u00edlias com a redu\u00e7\u00e3o da taxa de juros.<\/p>\n<p>O candidato reuniu-se tamb\u00e9m com representantes do agroneg\u00f3cio.<\/p>\n<p><strong>Rui Costa Pimental (PCO)<\/strong><br \/>O candidato Rui Costa Pimenta\u00a0teve agenda em Bras\u00edlia.<\/p>\n<p>Ele concedeu entrevista \u00e0 imprensa, reuniu-se com o candidato ao governo do Distrito Federal pelo PCO, Expedito Mendon\u00e7a, e foi recebido pelo embaixador de Cuba no Brasil, Victor Manuel Cairo Palomo.<\/p>\n<p><strong>Samara Martins (UP)<\/strong><br \/>A candidata Samara Martins teve\u00a0compromissos de campanha em Minas Gerais. Pela manh\u00e3, reuniu-se com estudantes da Universidade Federal de Minas Gerais (UFMG).<\/p>\n<p>Depois, participou da\u00a0comemora\u00e7\u00e3o do Dia Nacional da Moradia na Pra\u00e7a Sete. No in\u00edcio da noite, conversou\u00a0com jovens\u00a0da Ocupa\u00e7\u00e3o Maria do Amaral.<\/p>\n<p>Samara Martins defendeu que espa\u00e7os abandonados nas cidades sejam destinados \u00e0 constru\u00e7\u00e3o de moradia popular.<\/p>\n<p><strong>Wilson Grassi (Democrata)<\/strong><br \/>O candidato Wilson Grassi teve encontros com membros do\u00a0partido e equipes de campanha em S\u00e3o Paulo.<\/p>\n<p><strong>Augusto Cury (Avante)<\/strong><br \/>O candidato Augusto Cury participou de\u00a0debate promovido pela Associa\u00e7\u00e3o Nacional de Magistrados Evang\u00e9licos (Anamel), em S\u00e3o Paulo.<\/p>\n<p>Ele defendeu uma nova postura dos professores em sala de aula, menos tempo de tela para crian\u00e7as e regulamenta\u00e7\u00e3o das bets.\u00a0<\/p>\n<p>\u00a0<\/p>\n<p>Ap\u00f3s decis\u00e3o do Tribunal Superior Eleitoral (TSE), o candidato Pablo Mar\u00e7al (PRTB)\u00a0est\u00e1 proibido de fazer campanha eleitoral, comparecer a debates e participar do hor\u00e1rio eleitoral no r\u00e1dio e na TV.<\/p>\n<p><em>* Colaboraram Bruno de Freitas Moura e Douglas Corr\u00eaa\u00a0(Rio de Janeiro), Pedro Peduzzi (Bras\u00edlia), Luciano Nascimento (S\u00e3o Lu\u00eds), Bruno Bocchini (S\u00e3o Paulo) e TV Brasil.\u00a0<\/em><\/p>\n<p>      <!-- Relacionada --><\/p>\n<p>            <!-- Relacionada -->\n    <\/div>\n<p><br \/>\n<br \/><a href=\"https:\/\/agenciabrasil.ebc.com.br\/politica\/noticia\/2026-08\/veja-como-foi-sexta-feira-21-dos-candidatos-presidente\" rel=\"noopener\">Informa\u00e7\u00f5es com a Ag\u00eancia Brasil<\/a><\/p>\n","protected":false},"excerpt":{"rendered":"<p>A agenda dos candidatos \u00e0 Presid\u00eancia da Rep\u00fablica nesta sexta-feira (21) incluiu debates, atos de campanha, entrevistas \u00e0 imprensa e encontros com representantes de diferentes setores da sociedade. &gt;&gt; Veja como foi o dia dos presidenci\u00e1veis: Clariana Bar\u00e3o (DC)A agenda da candidata Clariana Bar\u00e3o na Pra\u00e7a Marechal Rondon, em Cuiab\u00e1, foi cancelada.\u00a0A candidata publicou um [&hellip;]<\/p>\n","protected":false},"author":1,"featured_media":73550,"comment_status":"closed","ping_status":"open","sticky":false,"template":"","format":"standard","meta":{"_jetpack_newsletter_access":"","_jetpack_dont_email_post_to_subs":false,"_jetpack_newsletter_tier_id":0,"_jetpack_memberships_contains_paywalled_content":false,"_mbp_banners":[],"_jetpack_feature_clip_id":0,"_jetpack_memberships_contains_paid_content":false,"footnotes":"","jetpack_publicize_message":"","jetpack_publicize_feature_enabled":true,"jetpack_social_post_already_shared":true,"jetpack_social_options":{"image_generator_settings":{"template":"highway","default_image_id":0,"font":"","enabled":false},"version":2},"jetpack_post_was_ever_published":false},"categories":[22],"tags":[],"class_list":["post-75121","post","type-post","status-publish","format-standard","has-post-thumbnail","category-nacional"],"jetpack_publicize_connections":[],"jetpack-related-posts":[],"jetpack_shortlink":"https:\/\/wp.me\/p7Eq1F-jxD","jetpack_sharing_enabled":true,"jetpack_featured_media_url":"https:\/\/i0.wp.com\/guialimeira.com.br\/news\/wp-content\/uploads\/2026\/08\/eleicoes-2026-banner.png?fit=1600%2C800&ssl=1","_links":{"self":[{"href":"https:\/\/guialimeira.com.br\/news\/wp-json\/wp\/v2\/posts\/75121","targetHints":{"allow":["GET"]}}],"collection":[{"href":"https:\/\/guialimeira.com.br\/news\/wp-json\/wp\/v2\/posts"}],"about":[{"href":"https:\/\/guialimeira.com.br\/news\/wp-json\/wp\/v2\/types\/post"}],"author":[{"embeddable":true,"href":"https:\/\/guialimeira.com.br\/news\/wp-json\/wp\/v2\/users\/1"}],"replies":[{"embeddable":true,"href":"https:\/\/guialimeira.com.br\/news\/wp-json\/wp\/v2\/comments?post=75121"}],"version-history":[{"count":1,"href":"https:\/\/guialimeira.com.br\/news\/wp-json\/wp\/v2\/posts\/75121\/revisions"}],"predecessor-version":[{"id":75122,"href":"https:\/\/guialimeira.com.br\/news\/wp-json\/wp\/v2\/posts\/75121\/revisions\/75122"}],"wp:featuredmedia":[{"embeddable":true,"href":"https:\/\/guialimeira.com.br\/news\/wp-json\/wp\/v2\/media\/73550"}],"wp:attachment":[{"href":"https:\/\/guialimeira.com.br\/news\/wp-json\/wp\/v2\/media?parent=75121"}],"wp:term":[{"taxonomy":"category","embeddable":true,"href":"https:\/\/guialimeira.com.br\/news\/wp-json\/wp\/v2\/categories?post=75121"},{"taxonomy":"post_tag","embeddable":true,"href":"https:\/\/guialimeira.com.br\/news\/wp-json\/wp\/v2\/tags?post=75121"}],"curies":[{"name":"wp","href":"https:\/\/api.w.org\/{rel}","templated":true}]}}