{"id":75118,"date":"2026-08-21T22:35:57","date_gmt":"2026-08-22T01:35:57","guid":{"rendered":"https:\/\/guialimeira.com.br\/bruna-marquezine-e-shawn-mendes-conhecem-projeto-social-em-angola-e-participam-de-acoes-humanitarias\/"},"modified":"2026-08-21T22:35:57","modified_gmt":"2026-08-22T01:35:57","slug":"bruna-marquezine-e-shawn-mendes-conhecem-projeto-social-em-angola-e-participam-de-acoes-humanitarias","status":"publish","type":"post","link":"https:\/\/guialimeira.com.br\/news\/bruna-marquezine-e-shawn-mendes-conhecem-projeto-social-em-angola-e-participam-de-acoes-humanitarias\/","title":{"rendered":"Bruna Marquezine e Shawn Mendes conhecem projeto social em Angola e participam de a\u00e7\u00f5es humanit\u00e1rias"},"content":{"rendered":"<p>Bruna Marquezine e Shawn Mendes viveram uma experi\u00eancia diferente durante uma passagem por Angola. Os dois visitaram a Aldeia Nissi, projeto social que desenvolve trabalhos voltados a crian\u00e7as e comunidades locais, e acompanharam de perto algumas das atividades realizadas pela institui\u00e7\u00e3o.<\/p>\n<p>A visita foi registrada por Caique Oliveira, fundador da iniciativa. Nas redes sociais, ele compartilhou imagens dos artistas durante a passagem pelo projeto e aproveitou para agradecer a presen\u00e7a deles. Ao falar sobre Bruna, Caique tamb\u00e9m destacou a rela\u00e7\u00e3o constru\u00edda com a atriz ao longo dos anos.<\/p>\n<p>A presen\u00e7a do casal chamou aten\u00e7\u00e3o dos seguidores, mas o foco da visita esteve nas a\u00e7\u00f5es desenvolvidas pela organiza\u00e7\u00e3o. Bruna e Shawn conheceram espa\u00e7os da institui\u00e7\u00e3o e tiveram contato com pessoas atendidas pelo projeto.<\/p>\n<h3 class=\"wp-block-heading\">Bruna j\u00e1 conhecia o trabalho<\/h3>\n<p>De acordo com Caique Oliveira, a rela\u00e7\u00e3o entre Bruna Marquezine e a Aldeia Nissi \u00e9 antiga. A atriz j\u00e1 conhecia o trabalho realizado pela organiza\u00e7\u00e3o e manteve proximidade com a iniciativa ao longo do tempo.<\/p>\n<p>Por isso, a visita teve um significado especial para o fundador. Al\u00e9m de receber novamente algu\u00e9m que j\u00e1 acompanhava o projeto, Caique p\u00f4de apresentar as atividades a Shawn Mendes.<\/p>\n<p>A participa\u00e7\u00e3o de Bruna tamb\u00e9m contribui para ampliar a visibilidade da iniciativa. A atriz possui uma grande audi\u00eancia e, ao compartilhar ou participar de a\u00e7\u00f5es sociais, consegue despertar o interesse de pessoas que talvez ainda n\u00e3o conhecessem o trabalho desenvolvido pela institui\u00e7\u00e3o.<\/p>\n<h3 class=\"wp-block-heading\">Shawn Mendes acompanha a atriz<\/h3>\n<p>Shawn Mendes tamb\u00e9m participou da visita e conheceu de perto a realidade do projeto. O cantor canadense apareceu ao lado de Bruna durante os registros feitos no local.<\/p>\n<p>A experi\u00eancia permitiu que o artista tivesse contato com uma iniciativa social diferente das a\u00e7\u00f5es que normalmente aparecem associadas \u00e0 sua carreira musical. Ao lado da atriz, ele acompanhou atividades e conheceu parte da estrutura mantida pela organiza\u00e7\u00e3o.<\/p>\n<p>A presen\u00e7a dos dois tamb\u00e9m gerou repercuss\u00e3o entre os f\u00e3s, que rapidamente comentaram os registros publicados por Caique.<\/p>\n<h3 class=\"wp-block-heading\">Aldeia Nissi atua com comunidades<\/h3>\n<p>A Aldeia Nissi mant\u00e9m projetos voltados ao atendimento de pessoas em situa\u00e7\u00e3o de vulnerabilidade. Entre as iniciativas est\u00e3o a\u00e7\u00f5es direcionadas \u00e0s crian\u00e7as e trabalhos desenvolvidos junto \u00e0s comunidades.<\/p>\n<p>O objetivo \u00e9 oferecer apoio e criar oportunidades por meio de atividades sociais e educacionais. Para manter esse tipo de trabalho, a institui\u00e7\u00e3o conta com a mobiliza\u00e7\u00e3o de colaboradores, parceiros e pessoas interessadas em contribuir.<\/p>\n<p>A visita de artistas conhecidos pode ajudar justamente nesse aspecto, aumentando a aten\u00e7\u00e3o sobre as necessidades das comunidades atendidas.<\/p>\n<h3 class=\"wp-block-heading\">Fundador agradece presen\u00e7a<\/h3>\n<p>Caique Oliveira fez quest\u00e3o de registrar o encontro e agradecer publicamente aos artistas. Ao comentar a passagem de Bruna, ressaltou o v\u00ednculo de longa data que mant\u00e9m com a atriz e a import\u00e2ncia de sua participa\u00e7\u00e3o.<\/p>\n<p>A mensagem tamb\u00e9m serviu para apresentar aos seguidores alguns momentos da visita. As imagens mostram Bruna e Shawn em contato com o projeto e com pessoas envolvidas nas atividades.<\/p>\n<p>Mais do que uma apari\u00e7\u00e3o p\u00fablica, a presen\u00e7a dos dois ajudou a colocar os holofotes sobre uma iniciativa que atua longe dos grandes centros de entretenimento.<\/p>\n<h3 class=\"wp-block-heading\">A\u00e7\u00e3o ganhou repercuss\u00e3o nas redes<\/h3>\n<p>A publica\u00e7\u00e3o do fundador rapidamente despertou a curiosidade dos internautas. A presen\u00e7a de Bruna e Shawn em Angola j\u00e1 seria suficiente para chamar aten\u00e7\u00e3o, mas o car\u00e1ter social da viagem acrescentou outro elemento \u00e0 repercuss\u00e3o.<\/p>\n<p>Para os admiradores da atriz e do cantor, os registros mostraram um lado menos relacionado \u00e0 fama e mais voltado ao contato com uma realidade diferente.<\/p>\n<p>Bruna, por sua vez, refor\u00e7ou uma rela\u00e7\u00e3o que j\u00e1 existia com a Aldeia Nissi. Shawn teve a oportunidade de conhecer o projeto e acompanhar a companheira durante a experi\u00eancia.<\/p>\n<p>Ao final, a visita acabou servindo para aproximar duas grandes celebridades de uma iniciativa social que busca transformar a vida das pessoas atendidas. Com o agradecimento de Caique Oliveira e os registros compartilhados nas redes, a passagem de Bruna Marquezine e Shawn Mendes pela Aldeia Nissi ganhou destaque e ajudou a ampliar a aten\u00e7\u00e3o sobre o trabalho desenvolvido em Angola.<\/p>\n<p><\/p>\n","protected":false},"excerpt":{"rendered":"<p>Bruna Marquezine e Shawn Mendes viveram uma experi\u00eancia diferente durante uma passagem por Angola. Os dois visitaram a Aldeia Nissi, projeto social que desenvolve trabalhos voltados a crian\u00e7as e comunidades locais, e acompanharam de perto algumas das atividades realizadas pela institui\u00e7\u00e3o. A visita foi registrada por Caique Oliveira, fundador da iniciativa. Nas redes sociais, ele [\u2026]<\/p>\n","protected":false},"author":5,"featured_media":0,"comment_status":"","ping_status":"open","sticky":false,"template":"","format":"standard","meta":{"_jetpack_newsletter_access":"","_jetpack_dont_email_post_to_subs":false,"_jetpack_newsletter_tier_id":0,"_jetpack_memberships_contains_paywalled_content":false,"_mbp_banners":[],"_jetpack_feature_clip_id":0,"_jetpack_memberships_contains_paid_content":false,"footnotes":"","jetpack_publicize_message":"","jetpack_publicize_feature_enabled":true,"jetpack_social_post_already_shared":true,"jetpack_social_options":{"image_generator_settings":{"template":"highway","default_image_id":0,"font":"","enabled":false},"version":2},"jetpack_post_was_ever_published":false},"categories":[],"tags":[],"class_list":["post-75118","post","type-post","status-publish","format-standard"],"jetpack_publicize_connections":[],"jetpack-related-posts":[],"jetpack_shortlink":"https:\/\/wp.me\/p7Eq1F-jxA","jetpack_sharing_enabled":true,"jetpack_featured_media_url":"","_links":{"self":[{"href":"https:\/\/guialimeira.com.br\/news\/wp-json\/wp\/v2\/posts\/75118","targetHints":{"allow":["GET"]}}],"collection":[{"href":"https:\/\/guialimeira.com.br\/news\/wp-json\/wp\/v2\/posts"}],"about":[{"href":"https:\/\/guialimeira.com.br\/news\/wp-json\/wp\/v2\/types\/post"}],"author":[{"embeddable":true,"href":"https:\/\/guialimeira.com.br\/news\/wp-json\/wp\/v2\/users\/5"}],"replies":[{"embeddable":true,"href":"https:\/\/guialimeira.com.br\/news\/wp-json\/wp\/v2\/comments?post=75118"}],"version-history":[{"count":0,"href":"https:\/\/guialimeira.com.br\/news\/wp-json\/wp\/v2\/posts\/75118\/revisions"}],"wp:attachment":[{"href":"https:\/\/guialimeira.com.br\/news\/wp-json\/wp\/v2\/media?parent=75118"}],"wp:term":[{"taxonomy":"category","embeddable":true,"href":"https:\/\/guialimeira.com.br\/news\/wp-json\/wp\/v2\/categories?post=75118"},{"taxonomy":"post_tag","embeddable":true,"href":"https:\/\/guialimeira.com.br\/news\/wp-json\/wp\/v2\/tags?post=75118"}],"curies":[{"name":"wp","href":"https:\/\/api.w.org\/{rel}","templated":true}]}}