{"id":75116,"date":"2026-08-21T22:30:05","date_gmt":"2026-08-22T01:30:05","guid":{"rendered":"https:\/\/guialimeira.com.br\/belo-e-gracyanne-barbosa-fazem-acordo-com-mp-apos-processo-envolvendo-imovel-alugado\/"},"modified":"2026-08-21T22:30:05","modified_gmt":"2026-08-22T01:30:05","slug":"belo-e-gracyanne-barbosa-fazem-acordo-com-mp-apos-processo-envolvendo-imovel-alugado","status":"publish","type":"post","link":"https:\/\/guialimeira.com.br\/news\/belo-e-gracyanne-barbosa-fazem-acordo-com-mp-apos-processo-envolvendo-imovel-alugado\/","title":{"rendered":"Belo e Gracyanne Barbosa fazem acordo com MP ap\u00f3s processo envolvendo im\u00f3vel alugado"},"content":{"rendered":"<p>Belo e Gracyanne Barbosa chegaram a um acordo com o Minist\u00e9rio P\u00fablico em uma a\u00e7\u00e3o criminal que teve origem em uma disputa relacionada a um im\u00f3vel alugado. O casal havia sido acusado de apropria\u00e7\u00e3o ind\u00e9bita depois de uma den\u00fancia envolvendo o desaparecimento de bens durante o per\u00edodo de loca\u00e7\u00e3o.<\/p>\n<p>A negocia\u00e7\u00e3o representa um novo cap\u00edtulo em um caso que come\u00e7ou a partir de um desacordo sobre objetos que estariam no im\u00f3vel. Ap\u00f3s o encerramento do contrato, houve uma contesta\u00e7\u00e3o relacionada aos bens, o que levou a uma den\u00fancia e posteriormente \u00e0 abertura do processo criminal.<\/p>\n<p>Com o acordo firmado, a situa\u00e7\u00e3o passa a ser conduzida de acordo com as condi\u00e7\u00f5es estabelecidas entre os envolvidos e submetidas \u00e0 Justi\u00e7a. O procedimento evita que a disputa necessariamente siga pelo caminho tradicional de uma a\u00e7\u00e3o penal at\u00e9 uma eventual senten\u00e7a, desde que os requisitos definidos sejam cumpridos.<\/p>\n<h3 class=\"wp-block-heading\">Como come\u00e7ou o caso<\/h3>\n<p>A situa\u00e7\u00e3o teve origem durante a rela\u00e7\u00e3o de loca\u00e7\u00e3o de um im\u00f3vel utilizado pelo casal. Depois do t\u00e9rmino do contrato, surgiu uma diverg\u00eancia sobre bens que estariam vinculados \u00e0 propriedade.<\/p>\n<p>A acusa\u00e7\u00e3o apontou que determinados objetos teriam desaparecido e que n\u00e3o teriam sido devolvidos como esperado. A partir dessa alega\u00e7\u00e3o, Belo e Gracyanne passaram a ser investigados por uma poss\u00edvel apropria\u00e7\u00e3o ind\u00e9bita.<\/p>\n<p>O crime ocorre, em termos gerais, quando algu\u00e9m recebe legitimamente um bem de outra pessoa e posteriormente passa a agir como se fosse seu, deixando de devolv\u00ea-lo ou destin\u00e1-lo conforme deveria. A caracteriza\u00e7\u00e3o depende das circunst\u00e2ncias espec\u00edficas e da an\u00e1lise das provas.<\/p>\n<h3 class=\"wp-block-heading\">Acordo muda os rumos do processo<\/h3>\n<p>A decis\u00e3o de buscar um acordo com o Minist\u00e9rio P\u00fablico alterou o andamento do caso. Em vez de prolongar a discuss\u00e3o exclusivamente por meio de uma a\u00e7\u00e3o criminal convencional, as partes passaram a seguir uma solu\u00e7\u00e3o negociada, dentro das possibilidades previstas pela legisla\u00e7\u00e3o.<\/p>\n<p>O acordo estabelece obriga\u00e7\u00f5es que devem ser observadas pelos envolvidos. O cumprimento dessas condi\u00e7\u00f5es \u00e9 fundamental para que o desfecho previsto seja alcan\u00e7ado.<\/p>\n<p>\u00c9 importante ressaltar que o fato de Belo e Gracyanne terem sido denunciados n\u00e3o representa uma condena\u00e7\u00e3o. A den\u00fancia corresponde \u00e0 acusa\u00e7\u00e3o formal apresentada no processo, enquanto a responsabilidade criminal depende da an\u00e1lise judicial.<\/p>\n<h3 class=\"wp-block-heading\">Disputa envolveu bens do im\u00f3vel<\/h3>\n<p>O centro da controv\u00e9rsia foi a situa\u00e7\u00e3o dos bens relacionados ao im\u00f3vel. Em contratos de loca\u00e7\u00e3o, quest\u00f5es envolvendo m\u00f3veis, equipamentos e outros objetos podem gerar conflitos quando h\u00e1 diverg\u00eancias sobre quem \u00e9 o respons\u00e1vel pela retirada, conserva\u00e7\u00e3o ou devolu\u00e7\u00e3o.<\/p>\n<p>Foi justamente uma situa\u00e7\u00e3o desse tipo que acabou ganhando dimens\u00e3o judicial. O que inicialmente envolvia uma rela\u00e7\u00e3o contratual passou a ter tamb\u00e9m uma discuss\u00e3o na esfera criminal diante da acusa\u00e7\u00e3o de apropria\u00e7\u00e3o ind\u00e9bita.<\/p>\n<p>O acordo agora cria um caminho para solucionar o caso sem que a disputa permane\u00e7a indefinidamente em discuss\u00e3o.<\/p>\n<h3 class=\"wp-block-heading\">Pr\u00f3ximos passos<\/h3>\n<p>Com a negocia\u00e7\u00e3o, o processo passa a depender do cumprimento das condi\u00e7\u00f5es estabelecidas. A Justi\u00e7a dever\u00e1 acompanhar o procedimento conforme os termos definidos no acordo.<\/p>\n<p>Para Belo e Gracyanne, a medida representa uma tentativa de colocar fim a mais uma quest\u00e3o judicial que ganhou repercuss\u00e3o p\u00fablica. O casal j\u00e1 enfrentou diferentes momentos de exposi\u00e7\u00e3o ao longo da vida pessoal e profissional, mas, neste caso, a origem da disputa est\u00e1 ligada especificamente ao contrato de loca\u00e7\u00e3o e aos bens que estavam no im\u00f3vel.<\/p>\n<p>O caso tamb\u00e9m mostra como conflitos patrimoniais podem assumir diferentes dimens\u00f5es quando envolvem acusa\u00e7\u00f5es de natureza criminal. Uma diverg\u00eancia sobre objetos e responsabilidades pode acabar chegando aos tribunais, especialmente quando n\u00e3o h\u00e1 consenso entre as partes.<\/p>\n<p>Agora, com o acordo firmado com o Minist\u00e9rio P\u00fablico, o epis\u00f3dio entra em uma nova fase. O cumprimento das obriga\u00e7\u00f5es definidas ser\u00e1 determinante para o encerramento da a\u00e7\u00e3o e para que Belo e Gracyanne possam deixar para tr\u00e1s a disputa que come\u00e7ou com o desaparecimento de bens durante a loca\u00e7\u00e3o.<\/p>\n<p><\/p>\n","protected":false},"excerpt":{"rendered":"<p>Belo e Gracyanne Barbosa chegaram a um acordo com o Minist\u00e9rio P\u00fablico em uma a\u00e7\u00e3o criminal que teve origem em uma disputa relacionada a um im\u00f3vel alugado. O casal havia sido acusado de apropria\u00e7\u00e3o ind\u00e9bita depois de uma den\u00fancia envolvendo o desaparecimento de bens durante o per\u00edodo de loca\u00e7\u00e3o. A negocia\u00e7\u00e3o representa um novo cap\u00edtulo [\u2026]<\/p>\n","protected":false},"author":5,"featured_media":0,"comment_status":"","ping_status":"open","sticky":false,"template":"","format":"standard","meta":{"_jetpack_newsletter_access":"","_jetpack_dont_email_post_to_subs":false,"_jetpack_newsletter_tier_id":0,"_jetpack_memberships_contains_paywalled_content":false,"_mbp_banners":[],"_jetpack_feature_clip_id":0,"_jetpack_memberships_contains_paid_content":false,"footnotes":"","jetpack_publicize_message":"","jetpack_publicize_feature_enabled":true,"jetpack_social_post_already_shared":true,"jetpack_social_options":{"image_generator_settings":{"template":"highway","default_image_id":0,"font":"","enabled":false},"version":2},"jetpack_post_was_ever_published":false},"categories":[],"tags":[],"class_list":["post-75116","post","type-post","status-publish","format-standard"],"jetpack_publicize_connections":[],"jetpack-related-posts":[],"jetpack_shortlink":"https:\/\/wp.me\/p7Eq1F-jxy","jetpack_sharing_enabled":true,"jetpack_featured_media_url":"","_links":{"self":[{"href":"https:\/\/guialimeira.com.br\/news\/wp-json\/wp\/v2\/posts\/75116","targetHints":{"allow":["GET"]}}],"collection":[{"href":"https:\/\/guialimeira.com.br\/news\/wp-json\/wp\/v2\/posts"}],"about":[{"href":"https:\/\/guialimeira.com.br\/news\/wp-json\/wp\/v2\/types\/post"}],"author":[{"embeddable":true,"href":"https:\/\/guialimeira.com.br\/news\/wp-json\/wp\/v2\/users\/5"}],"replies":[{"embeddable":true,"href":"https:\/\/guialimeira.com.br\/news\/wp-json\/wp\/v2\/comments?post=75116"}],"version-history":[{"count":0,"href":"https:\/\/guialimeira.com.br\/news\/wp-json\/wp\/v2\/posts\/75116\/revisions"}],"wp:attachment":[{"href":"https:\/\/guialimeira.com.br\/news\/wp-json\/wp\/v2\/media?parent=75116"}],"wp:term":[{"taxonomy":"category","embeddable":true,"href":"https:\/\/guialimeira.com.br\/news\/wp-json\/wp\/v2\/categories?post=75116"},{"taxonomy":"post_tag","embeddable":true,"href":"https:\/\/guialimeira.com.br\/news\/wp-json\/wp\/v2\/tags?post=75116"}],"curies":[{"name":"wp","href":"https:\/\/api.w.org\/{rel}","templated":true}]}}