{"id":75109,"date":"2026-08-21T21:13:49","date_gmt":"2026-08-22T00:13:49","guid":{"rendered":"https:\/\/guialimeira.com.br\/?p=75109"},"modified":"2026-08-21T21:13:49","modified_gmt":"2026-08-22T00:13:49","slug":"ministros-do-brasil-e-eua-vao-retomar-negociacao-comercial","status":"publish","type":"post","link":"https:\/\/guialimeira.com.br\/news\/ministros-do-brasil-e-eua-vao-retomar-negociacao-comercial\/","title":{"rendered":"Ministros do Brasil e EUA v\u00e3o retomar negocia\u00e7\u00e3o comercial"},"content":{"rendered":"<p> <br \/>\n<\/p>\n<div>\n<p><strong>O ministro do Desenvolvimento, Ind\u00fastria, Com\u00e9rcio e Servi\u00e7os, M\u00e1rcio Elias Rosa, e representantes do Minist\u00e9rio das Rela\u00e7\u00f5es Exteriores (MRE) dever\u00e3o se reunir na pr\u00f3xima semana com o Escrit\u00f3rio do Representante Comercial dos Estados Unidos (USTR) para retomar as negocia\u00e7\u00f5es comerciais entre os dois pa\u00edses.<\/strong><img data-recalc-dims=\"1\" decoding=\"async\" src=\"https:\/\/i0.wp.com\/agenciabrasil.ebc.com.br\/ebc.png?w=696&#038;ssl=1\" style=\"width:1px;height:1px;display:inline\" \/><img data-recalc-dims=\"1\" decoding=\"async\" src=\"https:\/\/i0.wp.com\/agenciabrasil.ebc.com.br\/ebc.gif?w=696&#038;ssl=1\" style=\"width:1px;height:1px;display:inline\" \/><\/p>\n<p>A reuni\u00e3o ainda ter\u00e1 a data acertada pelas equipes dos dois governos.<strong> O Mdic confirmou ter recebido contato do representante comercial dos Estados Unidos, Jamieson Greer, depois da <a href=\"https:\/\/agenciabrasil.ebc.com.br\/internacional\/noticia\/2026-08\/lula-liga-para-trump-e-diz-que-alegacoes-para-tarifaco-sao-infundadas\" target=\"_blank\" rel=\"noopener\">conversa telef\u00f4nica<\/a> desta sexta-feira (21) entre o presidente Luiz In\u00e1cio Lula da Silva e o presidente estadunidense, Donald Trump.<\/strong><\/p>\n<p>A retomada das tratativas abre um novo canal de di\u00e1logo entre Bras\u00edlia e Washington em meio \u00e0 disputa comercial provocada pelas tarifas impostas pelos Estados Unidos sobre produtos brasileiros.<\/p>\n<h2>Liga\u00e7\u00e3o de Lula<\/h2>\n<p><strong>Lula telefonou para Trump na manh\u00e3 desta sexta-feira.<\/strong> A conversa durou uma hora e 20 minutos e, segundo o Pal\u00e1cio do Planalto, ocorreu de forma cordial.<\/p>\n<p>O presidente brasileiro defendeu a retomada das negocia\u00e7\u00f5es comerciais e afirmou que as justificativas apresentadas pelo governo norte-americano para a ado\u00e7\u00e3o das novas tarifas s\u00e3o infundadas.<\/p>\n<p>Entre os argumentos utilizados pelos Estados Unidos para fundamentar as medidas est\u00e3o quest\u00f5es relacionadas a desmatamento, acordos preferenciais, propriedade intelectual, combate \u00e0 corrup\u00e7\u00e3o, Pix, etanol e importa\u00e7\u00f5es de produtos associados a trabalho for\u00e7ado.<\/p>\n<p><strong>Lula afirmou que as tarifas prejudicam tanto o Brasil quanto os Estados Unidos e defendeu o di\u00e1logo como caminho para preservar a rela\u00e7\u00e3o comercial entre os dois pa\u00edses.<\/strong><\/p>\n<p><strong>Trump concordou com a necessidade de manter os v\u00ednculos comerciais e sinalizou a retomada do contato entre as equipes dos dois governos.<\/strong><\/p>\n<h2>Novo canal<\/h2>\n<p>A reuni\u00e3o dever\u00e1 envolver M\u00e1rcio Elias Rosa, integrantes do MRE e representantes do USTR. \u00a0<strong>Em nota conjunta, o Mdic e o MRE consideram que a sinaliza\u00e7\u00e3o dos dois presidentes cria uma nova oportunidade para a busca de uma solu\u00e7\u00e3o negociada para o impasse comercial.<\/strong><\/p>\n<h2>Coopera\u00e7\u00e3o contra crime<\/h2>\n<p>Al\u00e9m das tarifas, Lula e Trump discutiram seguran\u00e7a e coopera\u00e7\u00e3o no combate ao crime organizado.<\/p>\n<p>O presidente brasileiro defendeu uma atua\u00e7\u00e3o conjunta dos dois pa\u00edses e afirmou que as organiza\u00e7\u00f5es criminosas exercem press\u00e3o sobre popula\u00e7\u00f5es vulner\u00e1veis, mas n\u00e3o devem ser equiparadas a organiza\u00e7\u00f5es terroristas.<\/p>\n<p>Lula tamb\u00e9m apresentou a\u00e7\u00f5es adotadas pelo Brasil para combater essas estruturas, incluindo medidas de asfixia financeira, que resultaram na apreens\u00e3o de aproximadamente R$ 17 bilh\u00f5es.<\/p>\n<p>Entre as iniciativas citadas est\u00e3o a Lei Antifac\u00e7\u00e3o e a cria\u00e7\u00e3o do Centro de Coopera\u00e7\u00e3o Policial Internacional da Amaz\u00f4nia, em Manaus.<\/p>\n<p>Trump, segundo o Planalto, manifestou disposi\u00e7\u00e3o para ampliar a coopera\u00e7\u00e3o e afirmou que indicar\u00e1 integrantes de alto escal\u00e3o para dar continuidade \u00e0s tratativas.<\/p>\n<h2>Conflitos internacionais<\/h2>\n<p>Os presidentes tamb\u00e9m trataram das guerras na Ucr\u00e2nia e no Oriente M\u00e9dio.<\/p>\n<p>Sobre o conflito entre R\u00fassia e Ucr\u00e2nia, os dois defenderam a necessidade de uma solu\u00e7\u00e3o negociada. Lula tamb\u00e9m criticou a falta de atua\u00e7\u00e3o do Conselho de Seguran\u00e7a das Na\u00e7\u00f5es Unidas diante dos conflitos internacionais.<\/p>\n<p>O presidente brasileiro sugeriu a convoca\u00e7\u00e3o de uma reuni\u00e3o extraordin\u00e1ria do \u00f3rg\u00e3o para discutir alternativas diplom\u00e1ticas.<\/p>\n<p>Durante a conversa, Trump tamb\u00e9m abordou as perspectivas do governo norte-americano para o conflito com o Ir\u00e3.<\/p>\n<p>Ao defender a busca por solu\u00e7\u00f5es diplom\u00e1ticas, Lula afirmou: \u201cOs grandes l\u00edderes n\u00e3o s\u00e3o aqueles que iniciam guerras, mas aqueles que p\u00f5em fim aos conflitos\u201d.<\/p>\n<p>      <!-- Relacionada --><\/p>\n<p>            <!-- Relacionada -->\n    <\/div>\n<p><br \/>\n<br \/><a href=\"https:\/\/agenciabrasil.ebc.com.br\/internacional\/noticia\/2026-08\/ministros-do-brasil-e-eua-vao-retomar-negociacao-comercial\" rel=\"noopener\">Informa\u00e7\u00f5es com a Ag\u00eancia Brasil<\/a><\/p>\n","protected":false},"excerpt":{"rendered":"<p>O ministro do Desenvolvimento, Ind\u00fastria, Com\u00e9rcio e Servi\u00e7os, M\u00e1rcio Elias Rosa, e representantes do Minist\u00e9rio das Rela\u00e7\u00f5es Exteriores (MRE) dever\u00e3o se reunir na pr\u00f3xima semana com o Escrit\u00f3rio do Representante Comercial dos Estados Unidos (USTR) para retomar as negocia\u00e7\u00f5es comerciais entre os dois pa\u00edses. A reuni\u00e3o ainda ter\u00e1 a data acertada pelas equipes dos dois [&hellip;]<\/p>\n","protected":false},"author":1,"featured_media":73965,"comment_status":"closed","ping_status":"open","sticky":false,"template":"","format":"standard","meta":{"_jetpack_newsletter_access":"","_jetpack_dont_email_post_to_subs":false,"_jetpack_newsletter_tier_id":0,"_jetpack_memberships_contains_paywalled_content":false,"_mbp_banners":[],"_jetpack_feature_clip_id":0,"_jetpack_memberships_contains_paid_content":false,"footnotes":"","jetpack_publicize_message":"","jetpack_publicize_feature_enabled":true,"jetpack_social_post_already_shared":true,"jetpack_social_options":{"image_generator_settings":{"template":"highway","default_image_id":0,"font":"","enabled":false},"version":2},"jetpack_post_was_ever_published":false},"categories":[22],"tags":[],"class_list":["post-75109","post","type-post","status-publish","format-standard","has-post-thumbnail","category-nacional"],"jetpack_publicize_connections":[],"jetpack-related-posts":[],"jetpack_shortlink":"https:\/\/wp.me\/p7Eq1F-jxr","jetpack_sharing_enabled":true,"jetpack_featured_media_url":"https:\/\/i0.wp.com\/guialimeira.com.br\/news\/wp-content\/uploads\/2026\/08\/pzzb74033_9.jpg?fit=1600%2C800&ssl=1","_links":{"self":[{"href":"https:\/\/guialimeira.com.br\/news\/wp-json\/wp\/v2\/posts\/75109","targetHints":{"allow":["GET"]}}],"collection":[{"href":"https:\/\/guialimeira.com.br\/news\/wp-json\/wp\/v2\/posts"}],"about":[{"href":"https:\/\/guialimeira.com.br\/news\/wp-json\/wp\/v2\/types\/post"}],"author":[{"embeddable":true,"href":"https:\/\/guialimeira.com.br\/news\/wp-json\/wp\/v2\/users\/1"}],"replies":[{"embeddable":true,"href":"https:\/\/guialimeira.com.br\/news\/wp-json\/wp\/v2\/comments?post=75109"}],"version-history":[{"count":1,"href":"https:\/\/guialimeira.com.br\/news\/wp-json\/wp\/v2\/posts\/75109\/revisions"}],"predecessor-version":[{"id":75110,"href":"https:\/\/guialimeira.com.br\/news\/wp-json\/wp\/v2\/posts\/75109\/revisions\/75110"}],"wp:featuredmedia":[{"embeddable":true,"href":"https:\/\/guialimeira.com.br\/news\/wp-json\/wp\/v2\/media\/73965"}],"wp:attachment":[{"href":"https:\/\/guialimeira.com.br\/news\/wp-json\/wp\/v2\/media?parent=75109"}],"wp:term":[{"taxonomy":"category","embeddable":true,"href":"https:\/\/guialimeira.com.br\/news\/wp-json\/wp\/v2\/categories?post=75109"},{"taxonomy":"post_tag","embeddable":true,"href":"https:\/\/guialimeira.com.br\/news\/wp-json\/wp\/v2\/tags?post=75109"}],"curies":[{"name":"wp","href":"https:\/\/api.w.org\/{rel}","templated":true}]}}