{"id":75106,"date":"2026-08-21T20:12:53","date_gmt":"2026-08-21T23:12:53","guid":{"rendered":"https:\/\/guialimeira.com.br\/?p=75106"},"modified":"2026-08-21T20:12:53","modified_gmt":"2026-08-21T23:12:53","slug":"rafael-matos-e-orlando-luz-vao-a-semi-de-duplas-do-atp-de-cincinnati","status":"publish","type":"post","link":"https:\/\/guialimeira.com.br\/news\/rafael-matos-e-orlando-luz-vao-a-semi-de-duplas-do-atp-de-cincinnati\/","title":{"rendered":"Rafael Matos e Orlando Luz v\u00e3o \u00e0 semi de duplas do ATP de Cincinnati"},"content":{"rendered":"<p> <br \/>\n<\/p>\n<div>\n<p>Rec\u00e9m-campe\u00f5es em Montreal (Canad\u00e1), os tenistas brasileiros Rafael Matos e Orlando Luz avan\u00e7aram nesta sexta-feira (21) \u00e0s semifinais do Masters 1000 de Cincinnati (Estados Unidos), torneio preparat\u00f3rio para o US Open, \u00faltimo Grand Slam do ano. Os ga\u00fachos se classificaram com vit\u00f3ria sobre os atuais campe\u00f5es do Masters de Miami e Roma, os italianos Simone Bolelli e Andrea Vavassori, cabe\u00e7as de chave n\u00famero 4. Rafael e Orlando cravaram 2 sets a 0, com parciais de 7\/6 (9-7) e 6\/3.<img data-recalc-dims=\"1\" decoding=\"async\" src=\"https:\/\/i0.wp.com\/agenciabrasil.ebc.com.br\/ebc.png?w=696&#038;ssl=1\" style=\"width:1px;height:1px;display:inline\" \/><img data-recalc-dims=\"1\" decoding=\"async\" src=\"https:\/\/i0.wp.com\/agenciabrasil.ebc.com.br\/ebc.gif?w=696&#038;ssl=1\" style=\"width:1px;height:1px;display:inline\" \/><\/p>\n<p>A semifinal ocorrer\u00e1 neste s\u00e1bado (23), a partir das 13h30 (hor\u00e1rio de Bras\u00edlia). Rafael e Orlando enfrentar\u00e3o a dupla do monegasco Hugo Nys com o franc\u00eas Edouard Roger-Vasselin, que ganharam de virada dos compatriotas Sadio Doumbia e Fabien Reboul por 2 sets a 1, com parciais de 4\/6, 7\/6 (7-5) e 11\/9.<\/p>\n<blockquote class=\"instagram-media\" data-instgrm-captioned=\"\" data-instgrm-permalink=\"https:\/\/www.instagram.com\/p\/DcHcZiHkTDI\/?utm_source=ig_embed&amp;utm_campaign=loading\" data-instgrm-version=\"14\" style=\"background:#FFF;border:0;border-radius:3px;margin: 1px;max-width:540px;min-width:326px;padding:0;width:99.375%;width:-webkit-calc(100% - 2px);width:calc(100% - 2px)\">\n<\/blockquote>\n<p>O triunfo de hoje foi o terceiro dos ga\u00fachos em Cincinnati. Na estreia, eles superaram por 2 sets a 1 a dupla do brit\u00e2nico Neal Skupski com o norte-americano Christian Harrison. Depois, nas oitavas, derrotam a dupla do compatriota Marcelo Melo com o alem\u00e3o Alexander Zverev, por 2 sets a 0.\u00a0<\/p>\n<p>Rafael e Orlando seguem embalados\u00a0ap\u00f3s a conquista do Masters 1000 de Montreal (Canad\u00e1), h\u00e1 pouco mais de uma semana. Eles\u00a0ocupam atualmente o oitavo lugar na temporada e visam subir ainda mais na classifica\u00e7\u00e3o com o objetivo de disputar o ATP Finals. O torneio\u00a0re\u00fane as oito melhores duplas do ano\u00a0e est\u00e1 programado para ocorrer em novembro, em Turim (It\u00e1lia).<\/p>\n<p>      <!-- Relacionada --><\/p>\n<p>            <!-- Relacionada -->\n    <\/div>\n<p><a href=\"\/\/www.instagram.com\/embed.js\">\/\/www.instagram.com\/embed.js<\/a><br \/>\n<br \/><br \/>\n<br \/><a href=\"https:\/\/agenciabrasil.ebc.com.br\/esportes\/noticia\/2026-08\/rafael-matos-e-orlando-luz-vao-semi-de-duplas-do-atp-de-cincinnati\" rel=\"noopener\">Informa\u00e7\u00f5es com a Ag\u00eancia Brasil<\/a><\/p>\n","protected":false},"excerpt":{"rendered":"<p>Rec\u00e9m-campe\u00f5es em Montreal (Canad\u00e1), os tenistas brasileiros Rafael Matos e Orlando Luz avan\u00e7aram nesta sexta-feira (21) \u00e0s semifinais do Masters 1000 de Cincinnati (Estados Unidos), torneio preparat\u00f3rio para o US Open, \u00faltimo Grand Slam do ano. Os ga\u00fachos se classificaram com vit\u00f3ria sobre os atuais campe\u00f5es do Masters de Miami e Roma, os italianos Simone [&hellip;]<\/p>\n","protected":false},"author":1,"featured_media":75107,"comment_status":"closed","ping_status":"open","sticky":false,"template":"","format":"standard","meta":{"_jetpack_newsletter_access":"","_jetpack_dont_email_post_to_subs":false,"_jetpack_newsletter_tier_id":0,"_jetpack_memberships_contains_paywalled_content":false,"_mbp_banners":[],"_jetpack_feature_clip_id":0,"_jetpack_memberships_contains_paid_content":false,"footnotes":"","jetpack_publicize_message":"","jetpack_publicize_feature_enabled":true,"jetpack_social_post_already_shared":true,"jetpack_social_options":{"image_generator_settings":{"template":"highway","default_image_id":0,"font":"","enabled":false},"version":2},"jetpack_post_was_ever_published":false},"categories":[22],"tags":[],"class_list":["post-75106","post","type-post","status-publish","format-standard","has-post-thumbnail","category-nacional"],"jetpack_publicize_connections":[],"jetpack-related-posts":[],"jetpack_shortlink":"https:\/\/wp.me\/p7Eq1F-jxo","jetpack_sharing_enabled":true,"jetpack_featured_media_url":"https:\/\/i0.wp.com\/guialimeira.com.br\/news\/wp-content\/uploads\/2026\/08\/rafael_matos_e_orlando_luz_atp_500_de_munique_2026.jpg?fit=1600%2C800&ssl=1","_links":{"self":[{"href":"https:\/\/guialimeira.com.br\/news\/wp-json\/wp\/v2\/posts\/75106","targetHints":{"allow":["GET"]}}],"collection":[{"href":"https:\/\/guialimeira.com.br\/news\/wp-json\/wp\/v2\/posts"}],"about":[{"href":"https:\/\/guialimeira.com.br\/news\/wp-json\/wp\/v2\/types\/post"}],"author":[{"embeddable":true,"href":"https:\/\/guialimeira.com.br\/news\/wp-json\/wp\/v2\/users\/1"}],"replies":[{"embeddable":true,"href":"https:\/\/guialimeira.com.br\/news\/wp-json\/wp\/v2\/comments?post=75106"}],"version-history":[{"count":1,"href":"https:\/\/guialimeira.com.br\/news\/wp-json\/wp\/v2\/posts\/75106\/revisions"}],"predecessor-version":[{"id":75108,"href":"https:\/\/guialimeira.com.br\/news\/wp-json\/wp\/v2\/posts\/75106\/revisions\/75108"}],"wp:featuredmedia":[{"embeddable":true,"href":"https:\/\/guialimeira.com.br\/news\/wp-json\/wp\/v2\/media\/75107"}],"wp:attachment":[{"href":"https:\/\/guialimeira.com.br\/news\/wp-json\/wp\/v2\/media?parent=75106"}],"wp:term":[{"taxonomy":"category","embeddable":true,"href":"https:\/\/guialimeira.com.br\/news\/wp-json\/wp\/v2\/categories?post=75106"},{"taxonomy":"post_tag","embeddable":true,"href":"https:\/\/guialimeira.com.br\/news\/wp-json\/wp\/v2\/tags?post=75106"}],"curies":[{"name":"wp","href":"https:\/\/api.w.org\/{rel}","templated":true}]}}