{"id":75101,"date":"2026-08-21T18:10:59","date_gmt":"2026-08-21T21:10:59","guid":{"rendered":"https:\/\/guialimeira.com.br\/?p=75101"},"modified":"2026-08-21T18:10:59","modified_gmt":"2026-08-21T21:10:59","slug":"stf-marca-para-setembro-retomada-do-julgamento-da-lei-da-ficha-limpa","status":"publish","type":"post","link":"https:\/\/guialimeira.com.br\/news\/stf-marca-para-setembro-retomada-do-julgamento-da-lei-da-ficha-limpa\/","title":{"rendered":"STF marca para setembro retomada do julgamento da Lei da Ficha Limpa"},"content":{"rendered":"<p> <br \/>\n<\/p>\n<div>\n<p><strong>O Supremo Tribunal Federal (STF) marcou para o dia 11 de setembro a retomada do julgamento virtual que vai decidir sobre a validade das altera\u00e7\u00f5es feitas pelo Congresso para flexibilizar a Lei da Ficha Limpa. <\/strong>A norma impede a candidatura de pol\u00edticos condenados nas elei\u00e7\u00f5es.<img data-recalc-dims=\"1\" decoding=\"async\" src=\"https:\/\/i0.wp.com\/agenciabrasil.ebc.com.br\/ebc.png?w=696&#038;ssl=1\" style=\"width:1px;height:1px;display:inline\" \/><img data-recalc-dims=\"1\" decoding=\"async\" src=\"https:\/\/i0.wp.com\/agenciabrasil.ebc.com.br\/ebc.gif?w=696&#038;ssl=1\" style=\"width:1px;height:1px;display:inline\" \/><\/p>\n<p>O julgamento do caso foi suspenso em junho deste ano por um pedido de vista do ministro Gilmar Mendes, que devolveu o processo para julgamento nesta sexta-feira (21).<\/p>\n<p><strong>At\u00e9 o momento, o placar da vota\u00e7\u00e3o est\u00e1 2 votos a 0 contra as altera\u00e7\u00f5es.<\/strong> Os votos foram proferidos pela ministra C\u00e1rmen L\u00facia e Luiz Fux.<\/p>\n<p>A Corte julgar\u00e1 uma a\u00e7\u00e3o protocolada pela Rede Sustentabilidade para derrubar a Lei Complementar 219 de 2025, que reduziu a contagem dos prazos de inelegibilidade.\u00a0Entre as principais mudan\u00e7as, a lei unificou em 12 anos o prazo m\u00e1ximo de inelegibilidade para pol\u00edticos condenados em diversas a\u00e7\u00f5es por improbidade administrativa.<\/p>\n<p>A lei tamb\u00e9m mudou o marco de contagem do prazo de inelegibilidade de oito anos para pol\u00edticos condenados. Pelo texto aprovado pelo Congresso, os oito anos devem contar a partir da condena\u00e7\u00e3o, e n\u00e3o ap\u00f3s o cumprimento da pena, como ocorre atualmente.\u00a0<\/p>\n<p><strong>Se esses dispositivos forem validados pela Corte, a decis\u00e3o pode liberar as candidaturas de Jos\u00e9 Roberto Arruda ao governo do Direito Federal, de Eduardo Cunha para o cargo de deputado federal por Minas Gerais e de Anthony Garotinho, candidato ao governo do Rio de Janeiro.\u00a0<\/strong><\/p>\n<p>      <!-- Relacionada --><\/p>\n<p>            <!-- Relacionada -->\n    <\/div>\n<p><br \/>\n<br \/><a href=\"https:\/\/agenciabrasil.ebc.com.br\/justica\/noticia\/2026-08\/stf-marca-para-setembro-retomada-do-julgamento-da-lei-da-ficha-limpa\" rel=\"noopener\">Informa\u00e7\u00f5es com a Ag\u00eancia Brasil<\/a><\/p>\n","protected":false},"excerpt":{"rendered":"<p>O Supremo Tribunal Federal (STF) marcou para o dia 11 de setembro a retomada do julgamento virtual que vai decidir sobre a validade das altera\u00e7\u00f5es feitas pelo Congresso para flexibilizar a Lei da Ficha Limpa. A norma impede a candidatura de pol\u00edticos condenados nas elei\u00e7\u00f5es. O julgamento do caso foi suspenso em junho deste ano [&hellip;]<\/p>\n","protected":false},"author":1,"featured_media":70877,"comment_status":"closed","ping_status":"open","sticky":false,"template":"","format":"standard","meta":{"_jetpack_newsletter_access":"","_jetpack_dont_email_post_to_subs":false,"_jetpack_newsletter_tier_id":0,"_jetpack_memberships_contains_paywalled_content":false,"_mbp_banners":[],"_jetpack_feature_clip_id":0,"_jetpack_memberships_contains_paid_content":false,"footnotes":"","jetpack_publicize_message":"","jetpack_publicize_feature_enabled":true,"jetpack_social_post_already_shared":true,"jetpack_social_options":{"image_generator_settings":{"template":"highway","default_image_id":0,"font":"","enabled":false},"version":2},"jetpack_post_was_ever_published":false},"categories":[22],"tags":[],"class_list":["post-75101","post","type-post","status-publish","format-standard","has-post-thumbnail","category-nacional"],"jetpack_publicize_connections":[],"jetpack-related-posts":[],"jetpack_shortlink":"https:\/\/wp.me\/p7Eq1F-jxj","jetpack_sharing_enabled":true,"jetpack_featured_media_url":"https:\/\/i0.wp.com\/guialimeira.com.br\/news\/wp-content\/uploads\/2026\/06\/11042023-pzzb9211.jpg?fit=1600%2C800&ssl=1","_links":{"self":[{"href":"https:\/\/guialimeira.com.br\/news\/wp-json\/wp\/v2\/posts\/75101","targetHints":{"allow":["GET"]}}],"collection":[{"href":"https:\/\/guialimeira.com.br\/news\/wp-json\/wp\/v2\/posts"}],"about":[{"href":"https:\/\/guialimeira.com.br\/news\/wp-json\/wp\/v2\/types\/post"}],"author":[{"embeddable":true,"href":"https:\/\/guialimeira.com.br\/news\/wp-json\/wp\/v2\/users\/1"}],"replies":[{"embeddable":true,"href":"https:\/\/guialimeira.com.br\/news\/wp-json\/wp\/v2\/comments?post=75101"}],"version-history":[{"count":1,"href":"https:\/\/guialimeira.com.br\/news\/wp-json\/wp\/v2\/posts\/75101\/revisions"}],"predecessor-version":[{"id":75102,"href":"https:\/\/guialimeira.com.br\/news\/wp-json\/wp\/v2\/posts\/75101\/revisions\/75102"}],"wp:featuredmedia":[{"embeddable":true,"href":"https:\/\/guialimeira.com.br\/news\/wp-json\/wp\/v2\/media\/70877"}],"wp:attachment":[{"href":"https:\/\/guialimeira.com.br\/news\/wp-json\/wp\/v2\/media?parent=75101"}],"wp:term":[{"taxonomy":"category","embeddable":true,"href":"https:\/\/guialimeira.com.br\/news\/wp-json\/wp\/v2\/categories?post=75101"},{"taxonomy":"post_tag","embeddable":true,"href":"https:\/\/guialimeira.com.br\/news\/wp-json\/wp\/v2\/tags?post=75101"}],"curies":[{"name":"wp","href":"https:\/\/api.w.org\/{rel}","templated":true}]}}