{"id":75093,"date":"2026-08-21T17:09:49","date_gmt":"2026-08-21T20:09:49","guid":{"rendered":"https:\/\/guialimeira.com.br\/?p=75093"},"modified":"2026-08-21T17:09:49","modified_gmt":"2026-08-21T20:09:49","slug":"com-autorizacao-de-moraes-bolsonaro-podera-voltar-a-receber-visitas","status":"publish","type":"post","link":"https:\/\/guialimeira.com.br\/news\/com-autorizacao-de-moraes-bolsonaro-podera-voltar-a-receber-visitas\/","title":{"rendered":"Com autoriza\u00e7\u00e3o de Moraes, Bolsonaro poder\u00e1 voltar a receber visitas"},"content":{"rendered":"<p> <br \/>\n<\/p>\n<div>\n<p><strong>O ministro Alexandre de Moraes, do Supremo Tribunal Federal (STF), autorizou nesta sexta-feira (21) o ex-presidente Jair Bolsonaro a voltar a receber vistas na pris\u00e3o domiciliar.<\/strong><img data-recalc-dims=\"1\" decoding=\"async\" src=\"https:\/\/i0.wp.com\/agenciabrasil.ebc.com.br\/ebc.png?w=696&#038;ssl=1\" style=\"width:1px;height:1px;display:inline\" \/><img data-recalc-dims=\"1\" decoding=\"async\" src=\"https:\/\/i0.wp.com\/agenciabrasil.ebc.com.br\/ebc.gif?w=696&#038;ssl=1\" style=\"width:1px;height:1px;display:inline\" \/><\/p>\n<p>O benef\u00edcio ficou suspenso pelos \u00faltimos 30 dias ap\u00f3s o senador Fl\u00e1vio Bolsonaro (PL-RJ) publicar nas redes sociais uma carta escrita pelo ex-presidente. <strong>Bolsonaro tem contra ele uma restri\u00e7\u00e3o que o pro\u00edbe de usar a internet, inclusive por meio de terceiros.<\/strong><\/p>\n<p>Com a decis\u00e3o, os filhos Carlos e Jair Renan poder\u00e3o voltar a frequentar a casa do ex-presidente de forma permanente. Contudo, as demais visitas v\u00e3o precisar de autoriza\u00e7\u00e3o pr\u00e9via do ministro. <strong>Fl\u00e1vio continua proibido de visitar o pai pelo prazo de 90 dias. A medida foi imposta em 13 de julho.<\/strong><\/p>\n<p>Moraes manteve as proibi\u00e7\u00f5es fixadas em decis\u00f5es anteriores que impedem Bolsonaro de receber visitas com &#8220;finalidade pol\u00edtico-eleitoral&#8221; e de fazer divulga\u00e7\u00e3o de &#8220;manifestos pol\u00edticos-eleitorais&#8221;, inclusive por terceiros.<\/p>\n<p>No ano passado, <a href=\"https:\/\/agenciabrasil.ebc.com.br\/justica\/noticia\/2025-09\/stf-condena-bolsonaro-27-anos-e-tres-meses-de-prisao\" target=\"_blank\" rel=\"noopener\">Bolsonaro foi condenado a 27 anos<\/a> e tr\u00eas meses de pris\u00e3o no processo de trama golpista. Em seguida, ap\u00f3s passar por uma cirurgia, ele ganhou o <a href=\"https:\/\/agenciabrasil.ebc.com.br\/justica\/noticia\/2026-03\/alexandre-de-moraes-concede-prisao-domiciliar-bolsonaro\" target=\"_blank\" rel=\"noopener\">direito de cumprir pris\u00e3o domiciliar<\/a>.\u00a0<\/p>\n<p>      <!-- Relacionada --><\/p>\n<p>            <!-- Relacionada -->\n    <\/div>\n<p><br \/>\n<br \/><a href=\"https:\/\/agenciabrasil.ebc.com.br\/justica\/noticia\/2026-08\/com-autorizacao-de-moraes-bolsonaro-podera-voltar-receber-visitas\" rel=\"noopener\">Informa\u00e7\u00f5es com a Ag\u00eancia Brasil<\/a><\/p>\n","protected":false},"excerpt":{"rendered":"<p>O ministro Alexandre de Moraes, do Supremo Tribunal Federal (STF), autorizou nesta sexta-feira (21) o ex-presidente Jair Bolsonaro a voltar a receber vistas na pris\u00e3o domiciliar. O benef\u00edcio ficou suspenso pelos \u00faltimos 30 dias ap\u00f3s o senador Fl\u00e1vio Bolsonaro (PL-RJ) publicar nas redes sociais uma carta escrita pelo ex-presidente. Bolsonaro tem contra ele uma restri\u00e7\u00e3o [&hellip;]<\/p>\n","protected":false},"author":1,"featured_media":71747,"comment_status":"closed","ping_status":"open","sticky":false,"template":"","format":"standard","meta":{"_jetpack_newsletter_access":"","_jetpack_dont_email_post_to_subs":false,"_jetpack_newsletter_tier_id":0,"_jetpack_memberships_contains_paywalled_content":false,"_mbp_banners":[],"_jetpack_feature_clip_id":0,"_jetpack_memberships_contains_paid_content":false,"footnotes":"","jetpack_publicize_message":"","jetpack_publicize_feature_enabled":true,"jetpack_social_post_already_shared":true,"jetpack_social_options":{"image_generator_settings":{"template":"highway","default_image_id":0,"font":"","enabled":false},"version":2},"jetpack_post_was_ever_published":false},"categories":[22],"tags":[],"class_list":["post-75093","post","type-post","status-publish","format-standard","has-post-thumbnail","category-nacional"],"jetpack_publicize_connections":[],"jetpack-related-posts":[],"jetpack_shortlink":"https:\/\/wp.me\/p7Eq1F-jxb","jetpack_sharing_enabled":true,"jetpack_featured_media_url":"https:\/\/i0.wp.com\/guialimeira.com.br\/news\/wp-content\/uploads\/2026\/07\/20250911_180150bp.jpg?fit=1600%2C800&ssl=1","_links":{"self":[{"href":"https:\/\/guialimeira.com.br\/news\/wp-json\/wp\/v2\/posts\/75093","targetHints":{"allow":["GET"]}}],"collection":[{"href":"https:\/\/guialimeira.com.br\/news\/wp-json\/wp\/v2\/posts"}],"about":[{"href":"https:\/\/guialimeira.com.br\/news\/wp-json\/wp\/v2\/types\/post"}],"author":[{"embeddable":true,"href":"https:\/\/guialimeira.com.br\/news\/wp-json\/wp\/v2\/users\/1"}],"replies":[{"embeddable":true,"href":"https:\/\/guialimeira.com.br\/news\/wp-json\/wp\/v2\/comments?post=75093"}],"version-history":[{"count":1,"href":"https:\/\/guialimeira.com.br\/news\/wp-json\/wp\/v2\/posts\/75093\/revisions"}],"predecessor-version":[{"id":75094,"href":"https:\/\/guialimeira.com.br\/news\/wp-json\/wp\/v2\/posts\/75093\/revisions\/75094"}],"wp:featuredmedia":[{"embeddable":true,"href":"https:\/\/guialimeira.com.br\/news\/wp-json\/wp\/v2\/media\/71747"}],"wp:attachment":[{"href":"https:\/\/guialimeira.com.br\/news\/wp-json\/wp\/v2\/media?parent=75093"}],"wp:term":[{"taxonomy":"category","embeddable":true,"href":"https:\/\/guialimeira.com.br\/news\/wp-json\/wp\/v2\/categories?post=75093"},{"taxonomy":"post_tag","embeddable":true,"href":"https:\/\/guialimeira.com.br\/news\/wp-json\/wp\/v2\/tags?post=75093"}],"curies":[{"name":"wp","href":"https:\/\/api.w.org\/{rel}","templated":true}]}}