{"id":75086,"date":"2026-08-21T16:08:54","date_gmt":"2026-08-21T19:08:54","guid":{"rendered":"https:\/\/guialimeira.com.br\/?p=75086"},"modified":"2026-08-21T16:08:54","modified_gmt":"2026-08-21T19:08:54","slug":"lula-liga-para-trump-e-diz-que-alegacoes-para-tarifaco-sao-infundadas","status":"publish","type":"post","link":"https:\/\/guialimeira.com.br\/news\/lula-liga-para-trump-e-diz-que-alegacoes-para-tarifaco-sao-infundadas\/","title":{"rendered":"Lula liga para Trump e diz que alega\u00e7\u00f5es para tarifa\u00e7o s\u00e3o infundadas"},"content":{"rendered":"<p> <br \/>\n<\/p>\n<div>\n<p>O presidente Luiz In\u00e1cio Lula da Silva telefonou, na manh\u00e3 desta sexta-feira (21), para o presidente dos Estados Unidos, Donald Trump, para defender a retomada das negocia\u00e7\u00f5es comerciais bilaterais e discutir a conten\u00e7\u00e3o de conflitos internacionais.<img data-recalc-dims=\"1\" decoding=\"async\" src=\"https:\/\/i0.wp.com\/agenciabrasil.ebc.com.br\/ebc.png?w=696&#038;ssl=1\" style=\"width:1px;height:1px;display:inline\" \/><img data-recalc-dims=\"1\" decoding=\"async\" src=\"https:\/\/i0.wp.com\/agenciabrasil.ebc.com.br\/ebc.gif?w=696&#038;ssl=1\" style=\"width:1px;height:1px;display:inline\" \/><\/p>\n<p>Durante a conversa de 1 hora e 20 minutos, classificada pelo Planalto como cordial, <strong>Lula afirmou que as alega\u00e7\u00f5es americanas que motivaram a recente imposi\u00e7\u00e3o de novas tarifas contra o Brasil s\u00e3o infundadas\u00a0<\/strong> O governo norte-americano fundamentou as medidas alegando desmatamento, acordos preferenciais, propriedade intelectual, combate \u00e0 corrup\u00e7\u00e3o, Pix, etanol e importa\u00e7\u00f5es de produtos com trabalho for\u00e7ado.\u00a0<\/p>\n<p>Lula afirmou que as tarifas afetam negativamente\u00a0o Brasil\u00a0e os Estados Unidos\u00a0e enfatizou que o di\u00e1logo \u00e9 o melhor caminho para ambos os pa\u00edses. Trump concordou com a necessidade de preservar os v\u00ednculos comerciais fortes e prop\u00f4s o reencontro breve de suas equipes diplom\u00e1ticas.<\/p>\n<p>Na pauta de seguran\u00e7a, Lula reiterou o interesse brasileiro na coopera\u00e7\u00e3o com os Estados Unidos no combate ao crime organizado. O presidente argumentou que grupos criminosos exercem terror cotidiano sobre as popula\u00e7\u00f5es mais carentes, mas n\u00e3o se confundem com organiza\u00e7\u00f5es terroristas.<\/p>\n<p>Ele afirmou ainda que o Brasil tem instrumentos para enfrentar essas organiza\u00e7\u00f5es. Entre as estrat\u00e9gias est\u00e1 a asfixia financeira que j\u00e1 resultou na apreens\u00e3o de cerca de R$ 17 bilh\u00f5es.\u00a0Lula\u00a0apresentou ainda os avan\u00e7os brasileiros no combate ao crime organizado \u2014 destacando a Lei Antifac\u00e7\u00e3o e a cria\u00e7\u00e3o do Centro de Coopera\u00e7\u00e3o Policial Internacional da Amaz\u00f4nia, em Manaus. Trump se disp\u00f4s a refor\u00e7ar a coopera\u00e7\u00e3o bilateral e afirmou que indicar\u00e1 funcion\u00e1rios de alto escal\u00e3o para dar andamento \u00e0s tratativas.<\/p>\n<p>Os dois presidentes tamb\u00e9m conversaram sobre os principais conflitos globais, em especial as guerras na Ucr\u00e2nia e no Oriente M\u00e9dio. Ambos concordaram sobre a urg\u00eancia de encontrar uma solu\u00e7\u00e3o negociada para o conflito entre R\u00fassia e Ucr\u00e2nia, que j\u00e1 se estende por quase cinco anos. J\u00e1 o presidente Trump teceu considera\u00e7\u00f5es sobre as perspectivas estadunidenses de resolu\u00e7\u00e3o do conflito com o Ir\u00e3.\u00a0<\/p>\n<p>O presidente brasileiro lamentou a inoper\u00e2ncia do Conselho de Seguran\u00e7a da ONU diante dos conflitos e sugeriu a convoca\u00e7\u00e3o de uma reuni\u00e3o extraordin\u00e1ria do \u00f3rg\u00e3o para buscar sa\u00eddas diplom\u00e1ticas. &#8220;Os grandes l\u00edderes n\u00e3o s\u00e3o aqueles que iniciam guerras, mas aqueles que p\u00f5em fim aos conflitos&#8221;, declarou Lula.<\/p>\n<p>      <!-- Relacionada --><\/p>\n<p>            <!-- Relacionada -->\n    <\/div>\n<p><br \/>\n<br \/><a href=\"https:\/\/agenciabrasil.ebc.com.br\/internacional\/noticia\/2026-08\/lula-liga-para-trump-e-diz-que-alegacoes-para-tarifaco-sao-infundadas\" rel=\"noopener\">Informa\u00e7\u00f5es com a Ag\u00eancia Brasil<\/a><\/p>\n","protected":false},"excerpt":{"rendered":"<p>O presidente Luiz In\u00e1cio Lula da Silva telefonou, na manh\u00e3 desta sexta-feira (21), para o presidente dos Estados Unidos, Donald Trump, para defender a retomada das negocia\u00e7\u00f5es comerciais bilaterais e discutir a conten\u00e7\u00e3o de conflitos internacionais. Durante a conversa de 1 hora e 20 minutos, classificada pelo Planalto como cordial, Lula afirmou que as alega\u00e7\u00f5es [&hellip;]<\/p>\n","protected":false},"author":1,"featured_media":75087,"comment_status":"closed","ping_status":"open","sticky":false,"template":"","format":"standard","meta":{"_jetpack_newsletter_access":"","_jetpack_dont_email_post_to_subs":false,"_jetpack_newsletter_tier_id":0,"_jetpack_memberships_contains_paywalled_content":false,"_mbp_banners":[],"_jetpack_feature_clip_id":0,"_jetpack_memberships_contains_paid_content":false,"footnotes":"","jetpack_publicize_message":"","jetpack_publicize_feature_enabled":true,"jetpack_social_post_already_shared":true,"jetpack_social_options":{"image_generator_settings":{"template":"highway","default_image_id":0,"font":"","enabled":false},"version":2},"jetpack_post_was_ever_published":false},"categories":[22],"tags":[],"class_list":["post-75086","post","type-post","status-publish","format-standard","has-post-thumbnail","category-nacional"],"jetpack_publicize_connections":[],"jetpack-related-posts":[],"jetpack_shortlink":"https:\/\/wp.me\/p7Eq1F-jx4","jetpack_sharing_enabled":true,"jetpack_featured_media_url":"https:\/\/i0.wp.com\/guialimeira.com.br\/news\/wp-content\/uploads\/2026\/08\/2026-08-21t162600z_1_lynxmpem7k16e_rtroptp_4_asean-summit.jpg?fit=1600%2C800&ssl=1","_links":{"self":[{"href":"https:\/\/guialimeira.com.br\/news\/wp-json\/wp\/v2\/posts\/75086","targetHints":{"allow":["GET"]}}],"collection":[{"href":"https:\/\/guialimeira.com.br\/news\/wp-json\/wp\/v2\/posts"}],"about":[{"href":"https:\/\/guialimeira.com.br\/news\/wp-json\/wp\/v2\/types\/post"}],"author":[{"embeddable":true,"href":"https:\/\/guialimeira.com.br\/news\/wp-json\/wp\/v2\/users\/1"}],"replies":[{"embeddable":true,"href":"https:\/\/guialimeira.com.br\/news\/wp-json\/wp\/v2\/comments?post=75086"}],"version-history":[{"count":1,"href":"https:\/\/guialimeira.com.br\/news\/wp-json\/wp\/v2\/posts\/75086\/revisions"}],"predecessor-version":[{"id":75088,"href":"https:\/\/guialimeira.com.br\/news\/wp-json\/wp\/v2\/posts\/75086\/revisions\/75088"}],"wp:featuredmedia":[{"embeddable":true,"href":"https:\/\/guialimeira.com.br\/news\/wp-json\/wp\/v2\/media\/75087"}],"wp:attachment":[{"href":"https:\/\/guialimeira.com.br\/news\/wp-json\/wp\/v2\/media?parent=75086"}],"wp:term":[{"taxonomy":"category","embeddable":true,"href":"https:\/\/guialimeira.com.br\/news\/wp-json\/wp\/v2\/categories?post=75086"},{"taxonomy":"post_tag","embeddable":true,"href":"https:\/\/guialimeira.com.br\/news\/wp-json\/wp\/v2\/tags?post=75086"}],"curies":[{"name":"wp","href":"https:\/\/api.w.org\/{rel}","templated":true}]}}