{"id":75085,"date":"2026-08-21T15:44:03","date_gmt":"2026-08-21T18:44:03","guid":{"rendered":"https:\/\/guialimeira.com.br\/pereira-alvim-assume-a-gestao-e-a-execucao-do-loteamento-terra-de-gaia-em-bonfim-paulista\/"},"modified":"2026-08-21T15:44:03","modified_gmt":"2026-08-21T18:44:03","slug":"pereira-alvim-assume-a-gestao-e-a-execucao-do-loteamento-terra-de-gaia-em-bonfim-paulista","status":"publish","type":"post","link":"https:\/\/guialimeira.com.br\/news\/pereira-alvim-assume-a-gestao-e-a-execucao-do-loteamento-terra-de-gaia-em-bonfim-paulista\/","title":{"rendered":"Pereira Alvim assume a gest\u00e3o e a execu\u00e7\u00e3o do loteamento Terra de Gaia em Bonfim Paulista"},"content":{"rendered":"<p>Com 32 anos de atua\u00e7\u00e3o no mercado imobili\u00e1rio, o Grupo Pereira Alvim assume a gest\u00e3o e a execu\u00e7\u00e3o do loteamento Terra de Gaia, em Bonfim Paulista, zona Sul de Ribeir\u00e3o Preto. A nova fase \u00e9 resultado de uma parceria estrat\u00e9gica firmada com a SPE Terra de Gaia Empreendimento Imobili\u00e1rio Ltda. Pelo acordo, a empresa passa a integrar a sociedade respons\u00e1vel pelo projeto e ficar\u00e1 \u00e0 frente das atividades operacionais de implanta\u00e7\u00e3o, da gest\u00e3o comercial e da administra\u00e7\u00e3o da carteira de clientes j\u00e1 existente.\u00a0<\/p>\n<p>As obras est\u00e3o em andamento e t\u00eam previs\u00e3o de entrega em 36 meses. Concebido como um bairro planejado de uso misto, o Terra de Gaia re\u00fane 725 lotes, distribu\u00eddos entre \u00e1reas residenciais e comerciais, al\u00e9m de mais de 90 mil metros quadrados de \u00e1reas p\u00fablicas destinadas ao lazer e \u00e0 conviv\u00eancia.\u00a0<\/p>\n<p>A gest\u00e3o comercial ficar\u00e1 a cargo da Guapor\u00e9 Espa\u00e7o de Neg\u00f3cios, empresa do Grupo Pereira Alvim respons\u00e1vel pelo atendimento aos clientes e pela condu\u00e7\u00e3o das vendas. Com mais de 60 empreendimentos entregues, a empresa consolida sua atua\u00e7\u00e3o no desenvolvimento de projetos residenciais, comerciais e de uso misto em munic\u00edpios do interior paulista, como Ribeir\u00e3o Preto, Cravinhos, Araraquara, Mat\u00e3o e Santa Cruz do Rio Pardo.<\/p>\n<p>(<em>Cr\u00e9ditos da imagem: Divulga\u00e7\u00e3o\/Pereira Alvim<\/em>)<\/p>\n<p><\/p>\n","protected":false},"excerpt":{"rendered":"<p>Parceria com a SPE Terra de Gaia Empreendimento Imobili\u00e1rio Ltda. marca uma nova etapa do projeto, que est\u00e1 com as obras em andamento e previs\u00e3o de entrega em 36 meses<\/p>\n","protected":false},"author":5,"featured_media":0,"comment_status":"","ping_status":"open","sticky":false,"template":"","format":"standard","meta":{"_jetpack_newsletter_access":"","_jetpack_dont_email_post_to_subs":false,"_jetpack_newsletter_tier_id":0,"_jetpack_memberships_contains_paywalled_content":false,"_mbp_banners":[],"_jetpack_feature_clip_id":0,"_jetpack_memberships_contains_paid_content":false,"footnotes":"","jetpack_publicize_message":"","jetpack_publicize_feature_enabled":true,"jetpack_social_post_already_shared":true,"jetpack_social_options":{"image_generator_settings":{"template":"highway","default_image_id":0,"font":"","enabled":false},"version":2},"jetpack_post_was_ever_published":false},"categories":[],"tags":[],"class_list":["post-75085","post","type-post","status-publish","format-standard"],"jetpack_publicize_connections":[],"jetpack-related-posts":[],"jetpack_shortlink":"https:\/\/wp.me\/p7Eq1F-jx3","jetpack_sharing_enabled":true,"jetpack_featured_media_url":"","_links":{"self":[{"href":"https:\/\/guialimeira.com.br\/news\/wp-json\/wp\/v2\/posts\/75085","targetHints":{"allow":["GET"]}}],"collection":[{"href":"https:\/\/guialimeira.com.br\/news\/wp-json\/wp\/v2\/posts"}],"about":[{"href":"https:\/\/guialimeira.com.br\/news\/wp-json\/wp\/v2\/types\/post"}],"author":[{"embeddable":true,"href":"https:\/\/guialimeira.com.br\/news\/wp-json\/wp\/v2\/users\/5"}],"replies":[{"embeddable":true,"href":"https:\/\/guialimeira.com.br\/news\/wp-json\/wp\/v2\/comments?post=75085"}],"version-history":[{"count":0,"href":"https:\/\/guialimeira.com.br\/news\/wp-json\/wp\/v2\/posts\/75085\/revisions"}],"wp:attachment":[{"href":"https:\/\/guialimeira.com.br\/news\/wp-json\/wp\/v2\/media?parent=75085"}],"wp:term":[{"taxonomy":"category","embeddable":true,"href":"https:\/\/guialimeira.com.br\/news\/wp-json\/wp\/v2\/categories?post=75085"},{"taxonomy":"post_tag","embeddable":true,"href":"https:\/\/guialimeira.com.br\/news\/wp-json\/wp\/v2\/tags?post=75085"}],"curies":[{"name":"wp","href":"https:\/\/api.w.org\/{rel}","templated":true}]}}