{"id":75075,"date":"2026-08-21T14:05:27","date_gmt":"2026-08-21T17:05:27","guid":{"rendered":"https:\/\/guialimeira.com.br\/?p=75075"},"modified":"2026-08-21T14:05:27","modified_gmt":"2026-08-21T17:05:27","slug":"passagem-de-frente-fria-pelo-estado-de-sp-pode-causar-temporais","status":"publish","type":"post","link":"https:\/\/guialimeira.com.br\/news\/passagem-de-frente-fria-pelo-estado-de-sp-pode-causar-temporais\/","title":{"rendered":"Passagem de frente fria pelo estado de SP pode causar temporais"},"content":{"rendered":"<p> <br \/>\n<\/p>\n<div>\n<p>A passagem de uma frente fria no estado de S\u00e3o Paulo ao longo desta sexta-feira (21) provocar\u00e1 mudan\u00e7a no tempo, com possibilidade de tempestades, raios e granizo em \u00e1reas isoladas, segundo a Defesa Civil estadual.<img data-recalc-dims=\"1\" decoding=\"async\" src=\"https:\/\/i0.wp.com\/agenciabrasil.ebc.com.br\/ebc.png?w=696&#038;ssl=1\" style=\"width:1px;height:1px;display:inline\" \/><img data-recalc-dims=\"1\" decoding=\"async\" src=\"https:\/\/i0.wp.com\/agenciabrasil.ebc.com.br\/ebc.gif?w=696&#038;ssl=1\" style=\"width:1px;height:1px;display:inline\" \/><\/p>\n<p><strong>As\u00a0rajadas de vento podem superar os 75 km\/h em parte do estado, principalmente nas faixas sul, leste e central<\/strong>. \u00a0<\/p>\n<p>Devido \u00e0 sequ\u00eancia de dias muito secos e \u00e0 presen\u00e7a de grande quantidade de poeira e material particulado sobre a superf\u00edcie, a intensifica\u00e7\u00e3o dos ventos poder\u00e1 favorecer a forma\u00e7\u00e3o de tempestades de poeira, principalmente em \u00e1reas do interior paulista.\u00a0<\/p>\n<h2>Tempo na capital<\/h2>\n<p>A temperatura na cidade de S\u00e3o Paulo deve cair gradualmente na noite desta sexta-feira (21) e chegar a 15 graus Celsius (\u00baC), prev\u00ea\u00a0o Centro de Gerenciamento de Emerg\u00eancias da prefeitura de S\u00e3o Paulo (CGE).\u00a0N\u00e3o h\u00e1 previs\u00e3o de chuva, mas a\u00a0frente fria fraca\u00a0deve\u00a0provocar rajadas de vento com at\u00e9 45 Km\/h.<\/p>\n<p>A manh\u00e3 desta sexta terminou com c\u00e9u nublado, sol entre muitas nuvens, temperaturas agrad\u00e1veis e umidade relativa do ar em \u00edndices confort\u00e1veis na capital paulista.<\/p>\n<p>Segundo o CGE, os term\u00f4metros marcavam 24,5\u00b0C em m\u00e9dia no in\u00edcio da tarde, e a m\u00e1xima pode chegar aos 25\u00b0C. A umidade relativa do ar oscila em torno de 53% e pode marcar at\u00e9 45%. \u00a0<\/p>\n<p>At\u00e9 o momento, agosto acumula 27,2 mil\u00edmetros\u00a0(mm) de chuva, o que corresponde a 91,6% da m\u00e9dia do m\u00eas, que \u00e9 de 29,7mm.<\/p>\n<h2>Frio no fim de semana\u00a0<\/h2>\n<p>O s\u00e1bado (22) ser\u00e1 de muitas nuvens, per\u00edodos de sol e queda da temperatura, mas sem previs\u00e3o de chuva. Os term\u00f4metros devem oscilar entre a m\u00ednima de 13\u00b0C, na madrugada, e a m\u00e1xima de 21\u00b0C, \u00e0 tarde. Os menores percentuais de umidade se aproximam dos 60%.\u00a0<\/p>\n<p>No domingo (23), o per\u00edodo da manh\u00e3 ter\u00e1 nuvens e forma\u00e7\u00e3o de n\u00e9voa \u00famida, com o sol aparecendo at\u00e9 o final da manh\u00e3 e permitindo a eleva\u00e7\u00e3o da temperatura. A m\u00ednima deve ser de 12\u00b0C, na madrugada, e a m\u00e1xima de 22\u00b0C, no in\u00edcio da tarde. O dia termina com aumento de nuvens e queda da temperatura. A umidade do ar ser\u00e1 superior a 50%, e n\u00e3o h\u00e1 previs\u00e3o de chuva.\u00a0<\/p>\n<p>      <!-- Relacionada --><\/p>\n<p>            <!-- Relacionada -->\n    <\/div>\n<p><br \/>\n<br \/><a href=\"https:\/\/agenciabrasil.ebc.com.br\/meio-ambiente\/noticia\/2026-08\/passagem-de-frente-fria-pelo-estado-de-sp-pode-causar-temporais\" rel=\"noopener\">Informa\u00e7\u00f5es com a Ag\u00eancia Brasil<\/a><\/p>\n","protected":false},"excerpt":{"rendered":"<p>A passagem de uma frente fria no estado de S\u00e3o Paulo ao longo desta sexta-feira (21) provocar\u00e1 mudan\u00e7a no tempo, com possibilidade de tempestades, raios e granizo em \u00e1reas isoladas, segundo a Defesa Civil estadual. As\u00a0rajadas de vento podem superar os 75 km\/h em parte do estado, principalmente nas faixas sul, leste e central. \u00a0 [&hellip;]<\/p>\n","protected":false},"author":1,"featured_media":73885,"comment_status":"closed","ping_status":"open","sticky":false,"template":"","format":"standard","meta":{"_jetpack_newsletter_access":"","_jetpack_dont_email_post_to_subs":false,"_jetpack_newsletter_tier_id":0,"_jetpack_memberships_contains_paywalled_content":false,"_mbp_banners":[],"_jetpack_feature_clip_id":0,"_jetpack_memberships_contains_paid_content":false,"footnotes":"","jetpack_publicize_message":"","jetpack_publicize_feature_enabled":true,"jetpack_social_post_already_shared":true,"jetpack_social_options":{"image_generator_settings":{"template":"highway","default_image_id":0,"font":"","enabled":false},"version":2},"jetpack_post_was_ever_published":false},"categories":[22],"tags":[],"class_list":["post-75075","post","type-post","status-publish","format-standard","has-post-thumbnail","category-nacional"],"jetpack_publicize_connections":[],"jetpack-related-posts":[],"jetpack_shortlink":"https:\/\/wp.me\/p7Eq1F-jwT","jetpack_sharing_enabled":true,"jetpack_featured_media_url":"https:\/\/i0.wp.com\/guialimeira.com.br\/news\/wp-content\/uploads\/2026\/08\/v0030538.jpg?fit=1600%2C800&ssl=1","_links":{"self":[{"href":"https:\/\/guialimeira.com.br\/news\/wp-json\/wp\/v2\/posts\/75075","targetHints":{"allow":["GET"]}}],"collection":[{"href":"https:\/\/guialimeira.com.br\/news\/wp-json\/wp\/v2\/posts"}],"about":[{"href":"https:\/\/guialimeira.com.br\/news\/wp-json\/wp\/v2\/types\/post"}],"author":[{"embeddable":true,"href":"https:\/\/guialimeira.com.br\/news\/wp-json\/wp\/v2\/users\/1"}],"replies":[{"embeddable":true,"href":"https:\/\/guialimeira.com.br\/news\/wp-json\/wp\/v2\/comments?post=75075"}],"version-history":[{"count":1,"href":"https:\/\/guialimeira.com.br\/news\/wp-json\/wp\/v2\/posts\/75075\/revisions"}],"predecessor-version":[{"id":75076,"href":"https:\/\/guialimeira.com.br\/news\/wp-json\/wp\/v2\/posts\/75075\/revisions\/75076"}],"wp:featuredmedia":[{"embeddable":true,"href":"https:\/\/guialimeira.com.br\/news\/wp-json\/wp\/v2\/media\/73885"}],"wp:attachment":[{"href":"https:\/\/guialimeira.com.br\/news\/wp-json\/wp\/v2\/media?parent=75075"}],"wp:term":[{"taxonomy":"category","embeddable":true,"href":"https:\/\/guialimeira.com.br\/news\/wp-json\/wp\/v2\/categories?post=75075"},{"taxonomy":"post_tag","embeddable":true,"href":"https:\/\/guialimeira.com.br\/news\/wp-json\/wp\/v2\/tags?post=75075"}],"curies":[{"name":"wp","href":"https:\/\/api.w.org\/{rel}","templated":true}]}}