{"id":75068,"date":"2026-08-21T13:04:32","date_gmt":"2026-08-21T16:04:32","guid":{"rendered":"https:\/\/guialimeira.com.br\/?p=75068"},"modified":"2026-08-21T13:04:32","modified_gmt":"2026-08-21T16:04:32","slug":"artistas-de-diferentes-geracoes-interpretam-classicos-de-chico-buarque","status":"publish","type":"post","link":"https:\/\/guialimeira.com.br\/news\/artistas-de-diferentes-geracoes-interpretam-classicos-de-chico-buarque\/","title":{"rendered":"Artistas de diferentes gera\u00e7\u00f5es interpretam cl\u00e1ssicos de Chico Buarque"},"content":{"rendered":"<p> <br \/>\n<\/p>\n<div>\n<p><strong>Artistas de diferentes gera\u00e7\u00f5es e g\u00eaneros da m\u00fasica brasileira se reuniram em um projeto para reinterpretar e incluir novas batidas em cl\u00e1ssicos de Chico Buarque.\u00a0<\/strong>A audi\u00e7\u00e3o de Chico 2.0\u00a0ocorreu nesta\u00a0quinta-feira (20),\u00a0na Barra da Tijuca, no Rio de Janeiro.<img data-recalc-dims=\"1\" decoding=\"async\" src=\"https:\/\/i0.wp.com\/agenciabrasil.ebc.com.br\/ebc.png?w=696&#038;ssl=1\" style=\"width:1px;height:1px;display:inline\" \/><img data-recalc-dims=\"1\" decoding=\"async\" src=\"https:\/\/i0.wp.com\/agenciabrasil.ebc.com.br\/ebc.gif?w=696&#038;ssl=1\" style=\"width:1px;height:1px;display:inline\" \/><\/p>\n<p>A iniciativa re\u00fane\u00a0Central \u00danica das Favelas (Cufa), FRecords, Tha House e Universal Music Brasil. A produ\u00e7\u00e3o musical \u00e9 de Felipe Poeta e Al\u00ea Siqueira.<\/p>\n<p><strong>Entre as can\u00e7\u00f5es revisitadas est\u00e3o <em>Constru\u00e7\u00e3o<\/em>, <em>C\u00e1lice<\/em>, <em>Roda Viva<\/em>\u00a0e <em>Geni e o Zepelim<\/em>. As novas vers\u00f5es incorporam elementos de <em>rap<\/em>, <em>trap<\/em>,<em> funk<\/em>, R&amp;B, samba, soul e nova MPB.<\/strong><\/p>\n<div class=\"dnd-widget-wrapper context-medio_4colunas type-image atom-align-right\">\n<div class=\"dnd-atom-rendered\"><!-- scald=472343:medio_4colunas {\"additionalClasses\":\"\"} --><br \/>\n            <img data-recalc-dims=\"1\" decoding=\"async\" src=\"https:\/\/i0.wp.com\/imagens.ebc.com.br\/duLs3uBNQR9MI3X49KYUp2_i5tg%3D\/365x0\/smart\/https%3A\/\/agenciabrasil.ebc.com.br\/sites\/default\/files\/thumbnails\/image\/2026\/08\/21\/album_de_regravacoes_do_chico_buarque01.jpg?w=696&#038;ssl=1\" alt=\"Bras\u00edlia (DF), 21\/08\/2026 - \u00c1lbum de regrava\u00e7\u00f5es do Chico Buarque.\nFrame Universal Music\" title=\"Frame Universal Music\" \/><br \/>\n        <img data-recalc-dims=\"1\" decoding=\"async\" src=\"https:\/\/i0.wp.com\/imagens.ebc.com.br\/duLs3uBNQR9MI3X49KYUp2_i5tg%3D\/365x0\/smart\/https%3A\/\/agenciabrasil.ebc.com.br\/sites\/default\/files\/thumbnails\/image\/2026\/08\/21\/album_de_regravacoes_do_chico_buarque01.jpg?w=696&#038;ssl=1\" alt=\"Bras\u00edlia (DF), 21\/08\/2026 - \u00c1lbum de regrava\u00e7\u00f5es do Chico Buarque.\nFrame Universal Music\" title=\"Frame Universal Music\" \/><br \/>\n    <!-- END scald=472343 --><\/div>\n<p><h6 class=\"meta\">\u00a0Audi\u00e7\u00f5es nos est\u00fadios da Universal Music\u00a0&#8211; <strong>Frame Universal Music<\/strong><!--END copyright=472343--><\/h6>\n<\/p>\n<\/div>\n<p>Para Felipe Poeta, diretor musical do projeto, a proposta \u00e9 criar uma ponte entre a obra de Chico Buarque e a m\u00fasica urbana atual.<\/p>\n<p>\u201cDesde o come\u00e7o, a ideia foi criar essa ponte entre a obra do Chico e a m\u00fasica urbana de hoje. Mesmo sendo letras escritas em outros contextos, as hist\u00f3rias, os amores e os temas que ele aborda continuam muito atuais&#8221;, destaca.<\/p>\n<p>&#8220;Trazer essas m\u00fasicas para artistas de diferentes gera\u00e7\u00f5es e estilos fez muito sentido. A gente quis inovar sonoramente, mas sempre com muito respeito pela obra, principalmente pelas harmonias e melodias do Chico. Acho que o mais legal \u00e9 justamente conseguir levar essas hist\u00f3rias, que j\u00e1 s\u00e3o t\u00e3o conhecidas, para uma gera\u00e7\u00e3o mais nova que acompanha a m\u00fasica urbana\u201d, completa Felipe Poeta.<\/p>\n<p>Entre as novas vers\u00f5es est\u00e1 <em>O Que Ser\u00e1 (\u00c0 Flor da Terra)<\/em>, interpretada pelos rappers Vandal\u00a0e Don L. A faixa tamb\u00e9m conta com a participa\u00e7\u00e3o de Milton Nascimento e do pr\u00f3prio Chico Buarque.\u00a0\u00a0<\/p>\n<p>\u201cEstou de cora\u00e7\u00e3o preenchido e grato por participar de um projeto t\u00e3o importante, ao lado de nomes t\u00e3o relevantes da m\u00fasica brasileira. O que mais me toca \u00e9 poder interpretar uma faixa com Milton Nascimento e o pr\u00f3prio Chico Buarque. Tamb\u00e9m fico muito feliz em dividir esse momento com Don L, uma voz nordestina que admiro&#8221;, afirma Vandal, m\u00fasico nascido em Salvador.<\/p>\n<p>&#8220;Essa conex\u00e3o entre dois artistas do Nordeste era muito esperada e, para mim, representa uma entrega muito especial ao nosso povo\u201d, destaca o rapper.<\/p>\n<p><strong>A aproxima\u00e7\u00e3o entre diferentes gera\u00e7\u00f5es e territ\u00f3rios da m\u00fasica brasileira \u00e9 uma das marcas do projeto. Participam ainda Dexter, MC Livinho, X\u00eania Fran\u00e7a, MC Cabelinho, Budah, J\u00falia Mestre, TZ da Coronel, Tasha &amp; Tracie, Grag Queen, Bela Maria e Maur\u00edcio Pazz.<\/strong><\/p>\n<p>A ideia de levar a obra de Chico para novos p\u00fablicos partiu, entre outros articuladores, de Celso Athayde, fundador da Cufa e um dos idealizadores do projeto:<\/p>\n<blockquote>\n<p>\u201cDirigir artisticamente o projeto Chico 2.0 \u00e9 uma responsabilidade imensa com a hist\u00f3ria da nossa m\u00fasica. Os grandes cl\u00e1ssicos do g\u00eanero sempre beberam na fonte da cultura popular. O que estamos fazendo aqui \u00e9 dar continuidade a essa linhagem, garantindo que a nova gera\u00e7\u00e3o de artistas e ouvintes ocupe esse espa\u00e7o com propriedade, qualidade t\u00e9cnica e autonomia narrativa\u201d, afirma Athayde.<\/p>\n<\/blockquote>\n<p>Para Athayde, o projeto representa uma forma de dar continuidade \u00e0 tradi\u00e7\u00e3o da m\u00fasica popular brasileira por meio de novos artistas e linguagens.<\/p>\n<h2>Servi\u00e7o<\/h2>\n<ul>\n<li><strong>\u00c1lbum:\u00a0<\/strong><em>Chico 2.0<\/em><\/li>\n<li><strong>Lan\u00e7amento:<\/strong> 21 de agosto, \u00e0 meia-noite<\/li>\n<li><strong>Segunda parte:<\/strong> prevista para outubro<\/li>\n<li><strong>Onde ouvir:<\/strong> Chico 2.0 \u2013 plataformas digitais<\/li>\n<li><strong>Clipe:<\/strong> <em>O Que Ser\u00e1 (\u00c0 Flor da Terra)<\/em>\u00a0\u2013 YouTube<\/li>\n<li><strong>Faixas:<\/strong> <em>Constru\u00e7\u00e3o<\/em>, <em>O Que Ser\u00e1 (\u00c0 Flor da Terra)<\/em>,<em> Ol\u00ea, Ol\u00e1,<\/em> <em>Meu Caro Amigo<\/em>, <em>Pivete<\/em>, <em>Roda Viva<\/em>,<em> Jo\u00e3o e Maria<\/em>, <em>Deus Lhe Pague<\/em>, <em>C\u00e1lice<\/em>\u00a0e Geni e o <em>Zepelim<\/em>.<\/li>\n<\/ul>\n<p>      <!-- Relacionada --><\/p>\n<p>            <!-- Relacionada -->\n    <\/div>\n<p><br \/>\n<br \/><a href=\"https:\/\/agenciabrasil.ebc.com.br\/cultura\/noticia\/2026-08\/artistas-de-diferentes-geracoes-interpretam-classicos-de-chicobuarque\" rel=\"noopener\">Informa\u00e7\u00f5es com a Ag\u00eancia Brasil<\/a><\/p>\n","protected":false},"excerpt":{"rendered":"<p>Artistas de diferentes gera\u00e7\u00f5es e g\u00eaneros da m\u00fasica brasileira se reuniram em um projeto para reinterpretar e incluir novas batidas em cl\u00e1ssicos de Chico Buarque.\u00a0A audi\u00e7\u00e3o de Chico 2.0\u00a0ocorreu nesta\u00a0quinta-feira (20),\u00a0na Barra da Tijuca, no Rio de Janeiro. A iniciativa re\u00fane\u00a0Central \u00danica das Favelas (Cufa), FRecords, Tha House e Universal Music Brasil. A produ\u00e7\u00e3o musical [&hellip;]<\/p>\n","protected":false},"author":1,"featured_media":75069,"comment_status":"closed","ping_status":"open","sticky":false,"template":"","format":"standard","meta":{"_jetpack_newsletter_access":"","_jetpack_dont_email_post_to_subs":false,"_jetpack_newsletter_tier_id":0,"_jetpack_memberships_contains_paywalled_content":false,"_mbp_banners":[],"_jetpack_feature_clip_id":0,"_jetpack_memberships_contains_paid_content":false,"footnotes":"","jetpack_publicize_message":"","jetpack_publicize_feature_enabled":true,"jetpack_social_post_already_shared":true,"jetpack_social_options":{"image_generator_settings":{"template":"highway","default_image_id":0,"font":"","enabled":false},"version":2},"jetpack_post_was_ever_published":false},"categories":[22],"tags":[],"class_list":["post-75068","post","type-post","status-publish","format-standard","has-post-thumbnail","category-nacional"],"jetpack_publicize_connections":[],"jetpack-related-posts":[],"jetpack_shortlink":"https:\/\/wp.me\/p7Eq1F-jwM","jetpack_sharing_enabled":true,"jetpack_featured_media_url":"https:\/\/i0.wp.com\/guialimeira.com.br\/news\/wp-content\/uploads\/2026\/08\/album_de_regravacoes_do_chico_buarque02.jpg?fit=1600%2C800&ssl=1","_links":{"self":[{"href":"https:\/\/guialimeira.com.br\/news\/wp-json\/wp\/v2\/posts\/75068","targetHints":{"allow":["GET"]}}],"collection":[{"href":"https:\/\/guialimeira.com.br\/news\/wp-json\/wp\/v2\/posts"}],"about":[{"href":"https:\/\/guialimeira.com.br\/news\/wp-json\/wp\/v2\/types\/post"}],"author":[{"embeddable":true,"href":"https:\/\/guialimeira.com.br\/news\/wp-json\/wp\/v2\/users\/1"}],"replies":[{"embeddable":true,"href":"https:\/\/guialimeira.com.br\/news\/wp-json\/wp\/v2\/comments?post=75068"}],"version-history":[{"count":1,"href":"https:\/\/guialimeira.com.br\/news\/wp-json\/wp\/v2\/posts\/75068\/revisions"}],"predecessor-version":[{"id":75070,"href":"https:\/\/guialimeira.com.br\/news\/wp-json\/wp\/v2\/posts\/75068\/revisions\/75070"}],"wp:featuredmedia":[{"embeddable":true,"href":"https:\/\/guialimeira.com.br\/news\/wp-json\/wp\/v2\/media\/75069"}],"wp:attachment":[{"href":"https:\/\/guialimeira.com.br\/news\/wp-json\/wp\/v2\/media?parent=75068"}],"wp:term":[{"taxonomy":"category","embeddable":true,"href":"https:\/\/guialimeira.com.br\/news\/wp-json\/wp\/v2\/categories?post=75068"},{"taxonomy":"post_tag","embeddable":true,"href":"https:\/\/guialimeira.com.br\/news\/wp-json\/wp\/v2\/tags?post=75068"}],"curies":[{"name":"wp","href":"https:\/\/api.w.org\/{rel}","templated":true}]}}