{"id":75064,"date":"2026-08-21T11:01:05","date_gmt":"2026-08-21T14:01:05","guid":{"rendered":"https:\/\/guialimeira.com.br\/?p=75064"},"modified":"2026-08-21T11:01:05","modified_gmt":"2026-08-21T14:01:05","slug":"confira-a-agenda-dos-candidatos-a-presidencia-nesta-sexta-feira","status":"publish","type":"post","link":"https:\/\/guialimeira.com.br\/news\/confira-a-agenda-dos-candidatos-a-presidencia-nesta-sexta-feira\/","title":{"rendered":"Confira a agenda dos candidatos \u00e0 Presid\u00eancia nesta sexta-feira"},"content":{"rendered":"<p> <br \/>\n<\/p>\n<div>\n<p>A agenda dos candidatos \u00e0 Presid\u00eancia da Rep\u00fablica nesta sexta-feira (21) inclui debates, atos de campanha, entrevistas \u00e0 imprensa e encontros com representantes de diferentes setores da sociedade.<img data-recalc-dims=\"1\" decoding=\"async\" src=\"https:\/\/i0.wp.com\/agenciabrasil.ebc.com.br\/ebc.png?w=696&#038;ssl=1\" style=\"width:1px;height:1px;display:inline\" \/><img data-recalc-dims=\"1\" decoding=\"async\" src=\"https:\/\/i0.wp.com\/agenciabrasil.ebc.com.br\/ebc.gif?w=696&#038;ssl=1\" style=\"width:1px;height:1px;display:inline\" \/><\/p>\n<p>Os presidenci\u00e1veis tamb\u00e9m participam de atividades em S\u00e3o Paulo (SP), Belo Horizonte (MG), Congonhas (MG), Ara\u00e7atuba (SP) e Rio de Janeiro (RJ), al\u00e9m de reuni\u00f5es internas e compromissos partid\u00e1rios.<\/p>\n<p><strong>Confira a agenda dos presidenci\u00e1veis nesta sexta-feira (21):<\/strong><\/p>\n<p><strong>Augusto Cury (Avante)<\/strong><br \/>Das 9h \u00e0s 11h30 &#8211; Participa de\u00a0debate promovido pela Associa\u00e7\u00e3o Nacional de Magistrados Evang\u00e9licos (Anamel), no Audit\u00f3rio Ruy Barbosa, do Instituto Presbiteriano Mackenzie, em S\u00e3o Paulo. O evento re\u00fane autoridades do Judici\u00e1rio, representantes de institui\u00e7\u00f5es jur\u00eddicas e acad\u00eamicos para discutir o tema <em>Justi\u00e7a Servidora: Di\u00e1logo, Inclus\u00e3o e Pacifica\u00e7\u00e3o Social<\/em>.<\/p>\n<p><strong>Clariana Bar\u00e3o (DC)<\/strong><br \/>19h &#8211; Participa de panfletagem na Pra\u00e7a Marechal Rondon, em Cuiab\u00e1.<\/p>\n<p><strong>Edmilson Costa (PCB)<\/strong><br \/>21h &#8211; Vai ao\u00a0encontro do deputado federal Glauber Braga com jovens, no Rio de Janeiro.<\/p>\n<p><strong>Hertz Dias (PSTU)<\/strong><br \/>Passa o dia em Congonhas (MG), onde participa de entrevistas \u00e0 imprensa local, reuni\u00e3o com representantes de entidades sindicais e encontro com apoiadores no Sindicato Metabase Inconfidentes.<\/p>\n<p><strong>Luiz In\u00e1cio Lula da Silva (PT)<\/strong><br \/>19h\u00a0&#8211; Participa\u00a0de ato de campanha na Pra\u00e7a da Esta\u00e7\u00e3o, no centro de Belo Horizonte (MG).<\/p>\n<p><strong>Renan Santos (Miss\u00e3o)<\/strong><br \/>Cumpre agenda p\u00fablica em Macei\u00f3, onde participa de atividade na Favela do Munda\u00fa pela manh\u00e3. No fim do dia, em S\u00e3o Paulo, participa de panfletagem\u00a0com apoiadores no Mackenzie.<\/p>\n<p><strong>Romeu Zema (Novo)<\/strong><br \/>Participa de a\u00e7\u00e3o na Rua 25 de Mar\u00e7o, no centro de S\u00e3o Paulo, para falar sobre as dificuldades enfrentadas pelos empreendedores.<\/p>\n<p><strong>Ronaldo Caiado (PSD)<\/strong><br \/>Cumpre agenda em Ara\u00e7atuba (SP). \u00c0s 16h30, concede entrevista coletiva no Sindicato Rural da Alta Noroeste (Siran). \u00c0s 17h, participa de encontro com empres\u00e1rios do agroneg\u00f3cio.<\/p>\n<p><strong>Rui Costa (PCO)<\/strong><br \/>Tem reuni\u00f5es internas pela manh\u00e3. \u00c0s 17h, concede entrevista para o Poder360 e, mais tarde, \u00e0 Folha de S.Paulo.<\/p>\n<p><strong>Samara Martins (UP)<\/strong><br \/>11h30 &#8211; Vai a debate com estudantes na Universidade Federal de Minas Gerais (UFMG). \u00c0s 15h, participa de ato pelo Dia Nacional da Moradia, na Pra\u00e7a 7. \u00c0s 18h, tem encontro com a juventude na Ocupa\u00e7\u00e3o Maria do Arraial, seguido de caminhada pelo centro da cidade.<\/p>\n<p><strong>Wilson Grassi (Democrata)<\/strong><br \/>Retorna a S\u00e3o Paulo ap\u00f3s cumprir compromissos de campanha em Salvador. Ao meio-dia, almo\u00e7a com membros do Partido Democrata. \u00c0s 15h, participa de reuni\u00e3o com a equipe de marketing da campanha e de sess\u00e3o de fotos.<\/p>\n<p>O candidato Fl\u00e1vio Bolsonaro (PL) n\u00e3o divulgou compromissos p\u00fablicos oficiais at\u00e9 o momento desta publica\u00e7\u00e3o.\u00a0<\/p>\n<p>Ap\u00f3s decis\u00e3o do Tribunal Superior Eleitoral (TSE), o candidato Pablo Mar\u00e7al (PRTB) <a href=\"http:\/\/https:\/\/agenciabrasil.ebc.com.br\/justica\/noticia\/2026-08\/tse-proibe-pablo-marcal-de-fazer-campanha-e-ir-debates\" target=\"_blank\">est\u00e1 proibido de fazer campanha eleitoral<\/a>, comparecer a debates e participar do hor\u00e1rio eleitoral no r\u00e1dio e na TV.<\/p>\n<p>      <!-- Relacionada --><\/p>\n<p>            <!-- Relacionada -->\n    <\/div>\n<p><br \/>\n<br \/><a href=\"https:\/\/agenciabrasil.ebc.com.br\/politica\/noticia\/2026-08\/confira-agenda-dos-candidatos-presidencia-nesta-sexta-feira\" rel=\"noopener\">Informa\u00e7\u00f5es com a Ag\u00eancia Brasil<\/a><\/p>\n","protected":false},"excerpt":{"rendered":"<p>A agenda dos candidatos \u00e0 Presid\u00eancia da Rep\u00fablica nesta sexta-feira (21) inclui debates, atos de campanha, entrevistas \u00e0 imprensa e encontros com representantes de diferentes setores da sociedade. Os presidenci\u00e1veis tamb\u00e9m participam de atividades em S\u00e3o Paulo (SP), Belo Horizonte (MG), Congonhas (MG), Ara\u00e7atuba (SP) e Rio de Janeiro (RJ), al\u00e9m de reuni\u00f5es internas e [&hellip;]<\/p>\n","protected":false},"author":1,"featured_media":74965,"comment_status":"closed","ping_status":"open","sticky":false,"template":"","format":"standard","meta":{"_jetpack_newsletter_access":"","_jetpack_dont_email_post_to_subs":false,"_jetpack_newsletter_tier_id":0,"_jetpack_memberships_contains_paywalled_content":false,"_mbp_banners":[],"_jetpack_feature_clip_id":0,"_jetpack_memberships_contains_paid_content":false,"footnotes":"","jetpack_publicize_message":"","jetpack_publicize_feature_enabled":true,"jetpack_social_post_already_shared":true,"jetpack_social_options":{"image_generator_settings":{"template":"highway","default_image_id":0,"font":"","enabled":false},"version":2},"jetpack_post_was_ever_published":false},"categories":[22],"tags":[],"class_list":["post-75064","post","type-post","status-publish","format-standard","has-post-thumbnail","category-nacional"],"jetpack_publicize_connections":[],"jetpack-related-posts":[],"jetpack_shortlink":"https:\/\/wp.me\/p7Eq1F-jwI","jetpack_sharing_enabled":true,"jetpack_featured_media_url":"https:\/\/i0.wp.com\/guialimeira.com.br\/news\/wp-content\/uploads\/2026\/08\/banner_agenda_-_1170x700.png?fit=1600%2C800&ssl=1","_links":{"self":[{"href":"https:\/\/guialimeira.com.br\/news\/wp-json\/wp\/v2\/posts\/75064","targetHints":{"allow":["GET"]}}],"collection":[{"href":"https:\/\/guialimeira.com.br\/news\/wp-json\/wp\/v2\/posts"}],"about":[{"href":"https:\/\/guialimeira.com.br\/news\/wp-json\/wp\/v2\/types\/post"}],"author":[{"embeddable":true,"href":"https:\/\/guialimeira.com.br\/news\/wp-json\/wp\/v2\/users\/1"}],"replies":[{"embeddable":true,"href":"https:\/\/guialimeira.com.br\/news\/wp-json\/wp\/v2\/comments?post=75064"}],"version-history":[{"count":1,"href":"https:\/\/guialimeira.com.br\/news\/wp-json\/wp\/v2\/posts\/75064\/revisions"}],"predecessor-version":[{"id":75065,"href":"https:\/\/guialimeira.com.br\/news\/wp-json\/wp\/v2\/posts\/75064\/revisions\/75065"}],"wp:featuredmedia":[{"embeddable":true,"href":"https:\/\/guialimeira.com.br\/news\/wp-json\/wp\/v2\/media\/74965"}],"wp:attachment":[{"href":"https:\/\/guialimeira.com.br\/news\/wp-json\/wp\/v2\/media?parent=75064"}],"wp:term":[{"taxonomy":"category","embeddable":true,"href":"https:\/\/guialimeira.com.br\/news\/wp-json\/wp\/v2\/categories?post=75064"},{"taxonomy":"post_tag","embeddable":true,"href":"https:\/\/guialimeira.com.br\/news\/wp-json\/wp\/v2\/tags?post=75064"}],"curies":[{"name":"wp","href":"https:\/\/api.w.org\/{rel}","templated":true}]}}