{"id":75061,"date":"2026-08-21T09:59:51","date_gmt":"2026-08-21T12:59:51","guid":{"rendered":"https:\/\/guialimeira.com.br\/?p=75061"},"modified":"2026-08-21T09:59:51","modified_gmt":"2026-08-21T12:59:51","slug":"frio-avanca-sobre-centro-sul-do-pais-com-minimas-abaixo-de-10oc","status":"publish","type":"post","link":"https:\/\/guialimeira.com.br\/news\/frio-avanca-sobre-centro-sul-do-pais-com-minimas-abaixo-de-10oc\/","title":{"rendered":"Frio avan\u00e7a sobre centro-sul do pa\u00eds com m\u00ednimas abaixo de 10\u00baC"},"content":{"rendered":"<p> <br \/>\n<\/p>\n<div>\n<p>Uma massa de ar seco e frio avan\u00e7a sobre o centro-sul do Brasil, fazendo com que o frio fique mais intenso no Rio Grande do Sul e avance sobre Mato Grosso do Sul e partes do Sudeste, com m\u00ednimas abaixo de 10\u00b0C.<img data-recalc-dims=\"1\" decoding=\"async\" src=\"https:\/\/i0.wp.com\/agenciabrasil.ebc.com.br\/ebc.png?w=696&#038;ssl=1\" style=\"width:1px;height:1px;display:inline\" \/><img data-recalc-dims=\"1\" decoding=\"async\" src=\"https:\/\/i0.wp.com\/agenciabrasil.ebc.com.br\/ebc.gif?w=696&#038;ssl=1\" style=\"width:1px;height:1px;display:inline\" \/><\/p>\n<p>Pela manh\u00e3, no Rio Grande do Sul, a previs\u00e3o \u00e9 de chuvas isoladas. At\u00e9 o fim do dia\u00a0as nuvens permanecem concentradas entre o Rio Grande do Sul e o litoral sul de Santa Catarina. \u00c0\u00a0noite, a faixa leste da regi\u00e3o segue com muitas nuvens, mas no interior a massa de ar frio deixa o c\u00e9u com poucas nuvens e temperaturas baixas.<\/p>\n<p><strong>A temperatura m\u00ednima nas capitais da Regi\u00e3o Sul ser\u00e1 de 10\u00b0C em Porto Alegre.\u00a0Florian\u00f3polis deve registrar m\u00e1xima de\u00a021\u00b0C.<\/strong><\/p>\n<p><strong>No Sudeste do pa\u00eds, S\u00e3o Paulo, o sul de Minas e o Rio de Janeiro amanhecem com muitas nuvens<\/strong>. No leste de S\u00e3o Paulo e na capital paulista, a\u00a0previs\u00e3o \u00e9 de pancadas de chuva e chuva isolada durante a tarde entre o leste de S\u00e3o Paulo, sul de Minas Gerais e Rio de Janeiro.<\/p>\n<p>A temperatura m\u00e1xima prevista \u00e9 de 33\u00b0C em Belo Horizonte e no Rio de Janeiro, e a m\u00ednima de 12\u00b0C em S\u00e3o Paulo.<\/p>\n<p><strong>No Centro-Oeste, h\u00e1 aviso laranja de perigo para baixa umidade do ar no norte e leste de Mato Grosso, grande parte de Mato Grosso do Sul, Goi\u00e1s e Distrito Federal.<\/strong> A baixa umidade do ar \u00e9 menos intensa nas demais \u00e1reas da regi\u00e3o, onde permanece o aviso amarelo de perigo potencial.<\/p>\n<p>H\u00e1 previs\u00e3o de pancadas de chuva e trovoadas isoladas na regi\u00e3o centro-oeste de Mato Grosso do Sul e possibilidade de chuva isolada no norte e noroeste do estado.<\/p>\n<p>Os term\u00f4metros das capitais marcam m\u00ednima de 13\u00b0C em Campo Grande e m\u00e1xima de 33\u00b0C em Goi\u00e2nia.<\/p>\n<p><strong>Na Regi\u00e3o Norte, o dia ser\u00e1 de tempo inst\u00e1vel, com chuva e trovoadas no centro-oeste do Acre, oeste e noroeste do Amazonas e\u00a0norte de Roraima<\/strong>. A instabilidade aumenta ao longo do dia na regi\u00e3o, com chuva e trovoadas no oeste do Acre, oeste e norte do Amazonas, em Roraima, noroeste do Par\u00e1 e no Amap\u00e1.<\/p>\n<p>O aviso laranja de perigo para baixa umidade do ar tamb\u00e9m alcan\u00e7a o sul do Par\u00e1 e o centro-sul do\u00a0Tocantins, incluindo a capital Palmas. Nas demais \u00e1reas de Tocantins, no centro do Par\u00e1 e no leste do Amazonas, incluindo a capital Manaus, tamb\u00e9m h\u00e1 aviso amarelo de perigo potencial para baixa umidade do ar.<\/p>\n<p>A temperatura m\u00ednima nas capitais ser\u00e1 de 21\u00b0C em Rio Branco e a m\u00e1xima\u00a0de 39\u00b0C em Palmas.<\/p>\n<p><strong>Na Regi\u00e3o Nordeste, o aviso laranja de perigo para baixa umidade do ar alcan\u00e7a o sul do Piau\u00ed e o oeste da Bahia<\/strong>. J\u00e1 o amarelo, que aponta perigo potencial para baixa umidade do ar, vai at\u00e9 o centro-sul do Maranh\u00e3o, grande parte do Piau\u00ed, centro-sul do Cear\u00e1, sudoeste do Rio Grande do Norte, oeste da Para\u00edba e de Pernambuco e\u00a0norte e centro da Bahia.<\/p>\n<p>Durante o dia pode ocorrer chuva isolada entre o litoral norte da Bahia, Sergipe, Alagoas e Pernambuco.<\/p>\n<p>As capitais registram temperatura m\u00ednima de 20\u00b0C em Teresina e m\u00e1xima de 33\u00b0C em S\u00e3o Lu\u00eds.<\/p>\n<p>      <!-- Relacionada --><\/p>\n<p>            <!-- Relacionada -->\n    <\/div>\n<p><br \/>\n<br \/><a href=\"https:\/\/agenciabrasil.ebc.com.br\/meio-ambiente\/noticia\/2026-08\/frio-avanca-sobre-centro-sul-do-pais-com-minimas-abaixo-de-10oc\" rel=\"noopener\">Informa\u00e7\u00f5es com a Ag\u00eancia Brasil<\/a><\/p>\n","protected":false},"excerpt":{"rendered":"<p>Uma massa de ar seco e frio avan\u00e7a sobre o centro-sul do Brasil, fazendo com que o frio fique mais intenso no Rio Grande do Sul e avance sobre Mato Grosso do Sul e partes do Sudeste, com m\u00ednimas abaixo de 10\u00b0C. Pela manh\u00e3, no Rio Grande do Sul, a previs\u00e3o \u00e9 de chuvas isoladas. [&hellip;]<\/p>\n","protected":false},"author":1,"featured_media":75062,"comment_status":"closed","ping_status":"open","sticky":false,"template":"","format":"standard","meta":{"_jetpack_newsletter_access":"","_jetpack_dont_email_post_to_subs":false,"_jetpack_newsletter_tier_id":0,"_jetpack_memberships_contains_paywalled_content":false,"_mbp_banners":[],"_jetpack_feature_clip_id":0,"_jetpack_memberships_contains_paid_content":false,"footnotes":"","jetpack_publicize_message":"","jetpack_publicize_feature_enabled":true,"jetpack_social_post_already_shared":true,"jetpack_social_options":{"image_generator_settings":{"template":"highway","default_image_id":0,"font":"","enabled":false},"version":2},"jetpack_post_was_ever_published":false},"categories":[22],"tags":[],"class_list":["post-75061","post","type-post","status-publish","format-standard","has-post-thumbnail","category-nacional"],"jetpack_publicize_connections":[],"jetpack-related-posts":[],"jetpack_shortlink":"https:\/\/wp.me\/p7Eq1F-jwF","jetpack_sharing_enabled":true,"jetpack_featured_media_url":"https:\/\/i0.wp.com\/guialimeira.com.br\/news\/wp-content\/uploads\/2026\/08\/pint4356.jpg?fit=1600%2C800&ssl=1","_links":{"self":[{"href":"https:\/\/guialimeira.com.br\/news\/wp-json\/wp\/v2\/posts\/75061","targetHints":{"allow":["GET"]}}],"collection":[{"href":"https:\/\/guialimeira.com.br\/news\/wp-json\/wp\/v2\/posts"}],"about":[{"href":"https:\/\/guialimeira.com.br\/news\/wp-json\/wp\/v2\/types\/post"}],"author":[{"embeddable":true,"href":"https:\/\/guialimeira.com.br\/news\/wp-json\/wp\/v2\/users\/1"}],"replies":[{"embeddable":true,"href":"https:\/\/guialimeira.com.br\/news\/wp-json\/wp\/v2\/comments?post=75061"}],"version-history":[{"count":1,"href":"https:\/\/guialimeira.com.br\/news\/wp-json\/wp\/v2\/posts\/75061\/revisions"}],"predecessor-version":[{"id":75063,"href":"https:\/\/guialimeira.com.br\/news\/wp-json\/wp\/v2\/posts\/75061\/revisions\/75063"}],"wp:featuredmedia":[{"embeddable":true,"href":"https:\/\/guialimeira.com.br\/news\/wp-json\/wp\/v2\/media\/75062"}],"wp:attachment":[{"href":"https:\/\/guialimeira.com.br\/news\/wp-json\/wp\/v2\/media?parent=75061"}],"wp:term":[{"taxonomy":"category","embeddable":true,"href":"https:\/\/guialimeira.com.br\/news\/wp-json\/wp\/v2\/categories?post=75061"},{"taxonomy":"post_tag","embeddable":true,"href":"https:\/\/guialimeira.com.br\/news\/wp-json\/wp\/v2\/tags?post=75061"}],"curies":[{"name":"wp","href":"https:\/\/api.w.org\/{rel}","templated":true}]}}