{"id":75051,"date":"2026-08-21T05:56:03","date_gmt":"2026-08-21T08:56:03","guid":{"rendered":"https:\/\/guialimeira.com.br\/?p=75051"},"modified":"2026-08-21T05:56:03","modified_gmt":"2026-08-21T08:56:03","slug":"brasil-envia-19-toneladas-de-arroz-a-colombia-apos-terremoto","status":"publish","type":"post","link":"https:\/\/guialimeira.com.br\/news\/brasil-envia-19-toneladas-de-arroz-a-colombia-apos-terremoto\/","title":{"rendered":"Brasil envia 19 toneladas de arroz \u00e0 Col\u00f4mbia ap\u00f3s terremoto"},"content":{"rendered":"<p> <br \/>\n<\/p>\n<div>\n<p><strong>O governo brasileiro informou, nesta quinta-feira (20), que enviou 19 toneladas de arroz \u00e0 Col\u00f4mbia em resposta ao pedido de assist\u00eancia humanit\u00e1ria feito pelas autoridades locais. No \u00faltimo dia 10, o pa\u00eds sofreu um forte<a href=\"https:\/\/agenciabrasil.ebc.com.br\/internacional\/noticia\/2026-08\/numero-de-mortos-em-terremoto-na-colombia-sobe-para-314\" target=\"_blank\" rel=\"noopener\"> terremoto<\/a> que matou mais de 300 pessoas.<\/strong><img data-recalc-dims=\"1\" decoding=\"async\" src=\"https:\/\/i0.wp.com\/agenciabrasil.ebc.com.br\/ebc.png?w=696&#038;ssl=1\" style=\"width:1px;height:1px;display:inline\" \/><img data-recalc-dims=\"1\" decoding=\"async\" src=\"https:\/\/i0.wp.com\/agenciabrasil.ebc.com.br\/ebc.gif?w=696&#038;ssl=1\" style=\"width:1px;height:1px;display:inline\" \/><\/p>\n<p>De acordo com nota, a carga segue a bordo de aeronave cargueira KC-390, da For\u00e7a A\u00e9rea Brasileira (FAB), que decolou \u00e0s 17h de hoje da Base A\u00e9rea de Canoas (RS) e desembarca amanh\u00e3 (21) na Col\u00f4mbia.<\/p>\n<blockquote>\n<p>\u201cOriundo dos estoques p\u00fablicos do Minist\u00e9rio do Desenvolvimento e Assist\u00eancia Social, Fam\u00edlia e Combate \u00e0 Fome (MDS), administrados pela Companhia Nacional de Abastecimento (Conab), o arroz doado n\u00e3o compromete o abastecimento nacional\u201d, esclareceu o comunicado.<\/p>\n<\/blockquote>\n<p>O governo ressaltou que \u201creitera sua solidariedade ao governo e ao povo colombianos diante do terremoto, bem como sua disposi\u00e7\u00e3o de colaborar, conforme suas capacidades, com as autoridades colombianas nas a\u00e7\u00f5es de resposta \u00e0 emerg\u00eancia\u201d.<\/p>\n<p>O terremoto de magnitude 7,4 teve seu epicentro em San Jos\u00e9 del Palmar, no Departamento de Choc\u00f3. O abalo s\u00edsmico derrubou pr\u00e9dios e danificou moradias, escolas, hospitais e rodovias, desde o porto de Buenaventura, no Oceano Pac\u00edfico, at\u00e9 cidades como Quibd\u00f3, Cali, Pereira e Manizales.<\/p>\n<p><em>*Com informa\u00e7\u00f5es da Reuters\u00a0<\/em><\/p>\n<p>      <!-- Relacionada --><\/p>\n<p>            <!-- Relacionada -->\n    <\/div>\n<p><br \/>\n<br \/><a href=\"https:\/\/agenciabrasil.ebc.com.br\/internacional\/noticia\/2026-08\/brasil-envia-19-toneladas-de-arroz-colombia-apos-terremoto\" rel=\"noopener\">Informa\u00e7\u00f5es com a Ag\u00eancia Brasil<\/a><\/p>\n","protected":false},"excerpt":{"rendered":"<p>O governo brasileiro informou, nesta quinta-feira (20), que enviou 19 toneladas de arroz \u00e0 Col\u00f4mbia em resposta ao pedido de assist\u00eancia humanit\u00e1ria feito pelas autoridades locais. No \u00faltimo dia 10, o pa\u00eds sofreu um forte terremoto que matou mais de 300 pessoas. De acordo com nota, a carga segue a bordo de aeronave cargueira KC-390, [&hellip;]<\/p>\n","protected":false},"author":1,"featured_media":75052,"comment_status":"closed","ping_status":"open","sticky":false,"template":"","format":"standard","meta":{"_jetpack_newsletter_access":"","_jetpack_dont_email_post_to_subs":false,"_jetpack_newsletter_tier_id":0,"_jetpack_memberships_contains_paywalled_content":false,"_mbp_banners":[],"_jetpack_feature_clip_id":0,"_jetpack_memberships_contains_paid_content":false,"footnotes":"","jetpack_publicize_message":"","jetpack_publicize_feature_enabled":true,"jetpack_social_post_already_shared":true,"jetpack_social_options":{"image_generator_settings":{"template":"highway","default_image_id":0,"font":"","enabled":false},"version":2},"jetpack_post_was_ever_published":false},"categories":[22],"tags":[],"class_list":["post-75051","post","type-post","status-publish","format-standard","has-post-thumbnail","category-nacional"],"jetpack_publicize_connections":[],"jetpack-related-posts":[],"jetpack_shortlink":"https:\/\/wp.me\/p7Eq1F-jwv","jetpack_sharing_enabled":true,"jetpack_featured_media_url":"https:\/\/i0.wp.com\/guialimeira.com.br\/news\/wp-content\/uploads\/2026\/08\/2026-08-03t215405z_1_lynxmpem721oi_rtroptp_4_venezuela-quake.jpg?fit=1600%2C800&ssl=1","_links":{"self":[{"href":"https:\/\/guialimeira.com.br\/news\/wp-json\/wp\/v2\/posts\/75051","targetHints":{"allow":["GET"]}}],"collection":[{"href":"https:\/\/guialimeira.com.br\/news\/wp-json\/wp\/v2\/posts"}],"about":[{"href":"https:\/\/guialimeira.com.br\/news\/wp-json\/wp\/v2\/types\/post"}],"author":[{"embeddable":true,"href":"https:\/\/guialimeira.com.br\/news\/wp-json\/wp\/v2\/users\/1"}],"replies":[{"embeddable":true,"href":"https:\/\/guialimeira.com.br\/news\/wp-json\/wp\/v2\/comments?post=75051"}],"version-history":[{"count":1,"href":"https:\/\/guialimeira.com.br\/news\/wp-json\/wp\/v2\/posts\/75051\/revisions"}],"predecessor-version":[{"id":75053,"href":"https:\/\/guialimeira.com.br\/news\/wp-json\/wp\/v2\/posts\/75051\/revisions\/75053"}],"wp:featuredmedia":[{"embeddable":true,"href":"https:\/\/guialimeira.com.br\/news\/wp-json\/wp\/v2\/media\/75052"}],"wp:attachment":[{"href":"https:\/\/guialimeira.com.br\/news\/wp-json\/wp\/v2\/media?parent=75051"}],"wp:term":[{"taxonomy":"category","embeddable":true,"href":"https:\/\/guialimeira.com.br\/news\/wp-json\/wp\/v2\/categories?post=75051"},{"taxonomy":"post_tag","embeddable":true,"href":"https:\/\/guialimeira.com.br\/news\/wp-json\/wp\/v2\/tags?post=75051"}],"curies":[{"name":"wp","href":"https:\/\/api.w.org\/{rel}","templated":true}]}}