{"id":75045,"date":"2026-08-21T03:51:23","date_gmt":"2026-08-21T06:51:23","guid":{"rendered":"https:\/\/guialimeira.com.br\/?p=75045"},"modified":"2026-08-21T03:51:23","modified_gmt":"2026-08-21T06:51:23","slug":"capital-paulista-vacinou-1-milhao-de-pessoas-contra-o-sarampo","status":"publish","type":"post","link":"https:\/\/guialimeira.com.br\/news\/capital-paulista-vacinou-1-milhao-de-pessoas-contra-o-sarampo\/","title":{"rendered":"Capital paulista vacinou 1 milh\u00e3o de pessoas contra o sarampo"},"content":{"rendered":"<p> <br \/>\n<\/p>\n<div>\n<p><strong>A cidade de S\u00e3o Paulo aplicou 1.045.758 doses da vacina de sarampo desde o dia 3 de agosto, in\u00edcio da campanha de multivacina\u00e7\u00e3o. A capital \u00e9 a cidade com mais casos de sarampo no pa\u00eds este ano, 20 dos 24 casos confirmados.<\/strong><img data-recalc-dims=\"1\" decoding=\"async\" src=\"https:\/\/i0.wp.com\/agenciabrasil.ebc.com.br\/ebc.png?w=696&#038;ssl=1\" style=\"width:1px;height:1px;display:inline\" \/><img data-recalc-dims=\"1\" decoding=\"async\" src=\"https:\/\/i0.wp.com\/agenciabrasil.ebc.com.br\/ebc.gif?w=696&#038;ssl=1\" style=\"width:1px;height:1px;display:inline\" \/><\/p>\n<p>O primeiro caso na capital, confirmado em fevereiro, foi importado da Bol\u00edvia. A confirma\u00e7\u00e3o do segundo ocorreu\u00a0em mar\u00e7o, importado da Guatemala. Os demais foram registrados em junho e julho, nos distritos de Vila Medeiros (oito), Vila Maria (dois), Cap\u00e3o Redondo (um), \u00c1gua Rasa (quatro), Sapopemba (dois) e Jabaquara (um).<\/p>\n<p>Embora sem novos casos confirmados desde o \u00faltimo dia 7, <strong>a cidade investiga 472 poss\u00edveis ocorr\u00eancias. <\/strong>Todas as pessoas de 6 meses a 59 anos devem receber uma nova dose da vacina contra o sarampo, independentemente do n\u00famero de doses recebidas anteriormente ou da situa\u00e7\u00e3o vacinal registrada.<\/p>\n<p>Para as crian\u00e7as com menos de 1 ano,\u00a0\u00e9 ainda mais importante, pois a vacina\u00e7\u00e3o normal para sarampo ocorre apenas ap\u00f3s o primeiro ano. Dez dos 20 casos confirmados atingiram esse grupo.\u00a0A chamada dose zero contra o sarampo segue dispon\u00edvel para crian\u00e7as de 6 a 11 meses de idade.<\/p>\n<p><strong>A campanha de multivacina\u00e7\u00e3o segue at\u00e9 1\u00ba de setembro.<\/strong>\u00a0As\u00a0vacinas est\u00e3o dispon\u00edveis nas 483 unidades b\u00e1sicas de sa\u00fade (UBSs) da cidade, de segunda a sexta-feira, das 7h \u00e0s 19h, e aos s\u00e1bados nas assist\u00eancias m\u00e9dicas ambulatoriais (AMAs\/UBSs Integradas), no mesmo hor\u00e1rio. A unidade mais pr\u00f3xima pode ser consultada na <a href=\"https:\/\/buscasaude.prefeitura.sp.gov.br\/\" target=\"_blank\" rel=\"noopener\">plataforma Busca Sa\u00fade<\/a>.<\/p>\n<p>      <!-- Relacionada --><\/p>\n<p>            <!-- Relacionada -->\n    <\/div>\n<p><br \/>\n<br \/><a href=\"https:\/\/agenciabrasil.ebc.com.br\/saude\/noticia\/2026-08\/capital-paulista-vacinou-1-milhao-de-pessoas-contra-o-sarampo\" rel=\"noopener\">Informa\u00e7\u00f5es com a Ag\u00eancia Brasil<\/a><\/p>\n","protected":false},"excerpt":{"rendered":"<p>A cidade de S\u00e3o Paulo aplicou 1.045.758 doses da vacina de sarampo desde o dia 3 de agosto, in\u00edcio da campanha de multivacina\u00e7\u00e3o. A capital \u00e9 a cidade com mais casos de sarampo no pa\u00eds este ano, 20 dos 24 casos confirmados. O primeiro caso na capital, confirmado em fevereiro, foi importado da Bol\u00edvia. A [&hellip;]<\/p>\n","protected":false},"author":1,"featured_media":75046,"comment_status":"closed","ping_status":"open","sticky":false,"template":"","format":"standard","meta":{"_jetpack_newsletter_access":"","_jetpack_dont_email_post_to_subs":false,"_jetpack_newsletter_tier_id":0,"_jetpack_memberships_contains_paywalled_content":false,"_mbp_banners":[],"_jetpack_feature_clip_id":0,"_jetpack_memberships_contains_paid_content":false,"footnotes":"","jetpack_publicize_message":"","jetpack_publicize_feature_enabled":true,"jetpack_social_post_already_shared":true,"jetpack_social_options":{"image_generator_settings":{"template":"highway","default_image_id":0,"font":"","enabled":false},"version":2},"jetpack_post_was_ever_published":false},"categories":[22],"tags":[],"class_list":["post-75045","post","type-post","status-publish","format-standard","has-post-thumbnail","category-nacional"],"jetpack_publicize_connections":[],"jetpack-related-posts":[],"jetpack_shortlink":"https:\/\/wp.me\/p7Eq1F-jwp","jetpack_sharing_enabled":true,"jetpack_featured_media_url":"https:\/\/i0.wp.com\/guialimeira.com.br\/news\/wp-content\/uploads\/2026\/08\/int1308.jpg?fit=1600%2C800&ssl=1","_links":{"self":[{"href":"https:\/\/guialimeira.com.br\/news\/wp-json\/wp\/v2\/posts\/75045","targetHints":{"allow":["GET"]}}],"collection":[{"href":"https:\/\/guialimeira.com.br\/news\/wp-json\/wp\/v2\/posts"}],"about":[{"href":"https:\/\/guialimeira.com.br\/news\/wp-json\/wp\/v2\/types\/post"}],"author":[{"embeddable":true,"href":"https:\/\/guialimeira.com.br\/news\/wp-json\/wp\/v2\/users\/1"}],"replies":[{"embeddable":true,"href":"https:\/\/guialimeira.com.br\/news\/wp-json\/wp\/v2\/comments?post=75045"}],"version-history":[{"count":1,"href":"https:\/\/guialimeira.com.br\/news\/wp-json\/wp\/v2\/posts\/75045\/revisions"}],"predecessor-version":[{"id":75047,"href":"https:\/\/guialimeira.com.br\/news\/wp-json\/wp\/v2\/posts\/75045\/revisions\/75047"}],"wp:featuredmedia":[{"embeddable":true,"href":"https:\/\/guialimeira.com.br\/news\/wp-json\/wp\/v2\/media\/75046"}],"wp:attachment":[{"href":"https:\/\/guialimeira.com.br\/news\/wp-json\/wp\/v2\/media?parent=75045"}],"wp:term":[{"taxonomy":"category","embeddable":true,"href":"https:\/\/guialimeira.com.br\/news\/wp-json\/wp\/v2\/categories?post=75045"},{"taxonomy":"post_tag","embeddable":true,"href":"https:\/\/guialimeira.com.br\/news\/wp-json\/wp\/v2\/tags?post=75045"}],"curies":[{"name":"wp","href":"https:\/\/api.w.org\/{rel}","templated":true}]}}