{"id":75037,"date":"2026-08-21T00:47:29","date_gmt":"2026-08-21T03:47:29","guid":{"rendered":"https:\/\/guialimeira.com.br\/?p=75037"},"modified":"2026-08-21T00:47:29","modified_gmt":"2026-08-21T03:47:29","slug":"arthur-elias-aprova-logistica-em-caminho-do-brasil-na-copa-feminina","status":"publish","type":"post","link":"https:\/\/guialimeira.com.br\/news\/arthur-elias-aprova-logistica-em-caminho-do-brasil-na-copa-feminina\/","title":{"rendered":"Arthur Elias aprova log\u00edstica em caminho do Brasil na Copa Feminina"},"content":{"rendered":"<p> <br \/>\n<\/p>\n<div>\n<p><strong>O Brasil sai na frente dos principais concorrentes ao t\u00edtulo da Copa do Mundo Feminina do ano que vem ao saber, com anteced\u00eancia, o caminho que ter\u00e1 pela frente. \u00c9 o que o t\u00e9cnico Arthur Elias disse nesta quinta-feira (20), ap\u00f3s a confirma\u00e7\u00e3o das sedes pelas quais a sele\u00e7\u00e3o passar\u00e1 na fase de grupos do Mundial e no prov\u00e1vel mata-mata<\/strong>.<img data-recalc-dims=\"1\" decoding=\"async\" src=\"https:\/\/i0.wp.com\/agenciabrasil.ebc.com.br\/ebc.png?w=696&#038;ssl=1\" style=\"width:1px;height:1px;display:inline\" \/><img data-recalc-dims=\"1\" decoding=\"async\" src=\"https:\/\/i0.wp.com\/agenciabrasil.ebc.com.br\/ebc.gif?w=696&#038;ssl=1\" style=\"width:1px;height:1px;display:inline\" \/><\/p>\n<p>\u201cA defini\u00e7\u00e3o foi importante, dentro do que a gente esperava. A log\u00edstica \u00e9 favor\u00e1vel e a gente vai se antecipar no planejamento. Nossa meta \u00e9 sempre se classificar em primeiro e, neste caso, \u00e9 ainda mais importante, porque nos d\u00e1 um dia a mais para prepara\u00e7\u00e3o do jogo da semifinal e da final\u201d, disse Arthur, em depoimento ao canal da Confedera\u00e7\u00e3o Brasileira de Futebol (CBF) no YouTube e ao site da entidade.<br \/>\u00a0<\/p>\n<div class=\"dnd-widget-wrapper context-cheio_8colunas type-image\">\n<div class=\"dnd-atom-rendered\"><!-- scald=472310:cheio_8colunas --><br \/>\n            <img data-recalc-dims=\"1\" decoding=\"async\" src=\"https:\/\/i0.wp.com\/imagens.ebc.com.br\/OpUctHJR1mjvBHe9iscPL0eeUnk%3D\/754x0\/smart\/https%3A\/\/agenciabrasil.ebc.com.br\/sites\/default\/files\/thumbnails\/image\/2026\/08\/20\/livia_villas_boas_-0636.jpg?w=696&#038;ssl=1\" alt=\"20\/08\/2026 - Arthur Elias aprova log\u00edstica em caminho do Brasil na Copa Feminina\nT\u00e9cnico destaca estreia no Maracan\u00e3 e hist\u00f3rico positivo em S\u00e3o Paulo. Foto: L\u00edvia Villas Boas\/Staff Images\/CBF\" title=\"L\u00edvia Villas Boas\/Staff Images\/CBF\" \/><br \/>\n        <img data-recalc-dims=\"1\" decoding=\"async\" src=\"https:\/\/i0.wp.com\/imagens.ebc.com.br\/OpUctHJR1mjvBHe9iscPL0eeUnk%3D\/754x0\/smart\/https%3A\/\/agenciabrasil.ebc.com.br\/sites\/default\/files\/thumbnails\/image\/2026\/08\/20\/livia_villas_boas_-0636.jpg?w=696&#038;ssl=1\" alt=\"20\/08\/2026 - Arthur Elias aprova log\u00edstica em caminho do Brasil na Copa Feminina\nT\u00e9cnico destaca estreia no Maracan\u00e3 e hist\u00f3rico positivo em S\u00e3o Paulo. Foto: L\u00edvia Villas Boas\/Staff Images\/CBF\" title=\"L\u00edvia Villas Boas\/Staff Images\/CBF\" \/><br \/>\n    <!-- END scald=472310 --><\/div>\n<div class=\"dnd-caption-wrapper\">\n<p><!--copyright=472310-->20\/08\/2026 &#8211; Arthur Elias aprova log\u00edstica em caminho do Brasil na Copa Feminina T\u00e9cnico destaca estreia no Maracan\u00e3 e hist\u00f3rico positivo em S\u00e3o Paulo. Foto: L\u00edvia Villas Boas\/Staff Images\/CBF &#8211; <strong>L\u00edvia Villas Boas\/Staff Images\/CBF<\/strong><!--END copyright=472310--><\/p>\n<\/div>\n<\/div>\n<p><strong>A estreia ser\u00e1 no dia 24 de junho, no Maracan\u00e3, na partida de abertura da competi\u00e7\u00e3o. Cinco dias depois, o Brasil vai a campo na Neo Qu\u00edmica Arena, em S\u00e3o Paulo. Em 4 de julho, por fim, o palco que receber\u00e1 as brasileiras \u00e9 o Man\u00e9 Garrincha, em Bras\u00edlia.<\/strong><\/p>\n<p>Passando de fase como l\u00edder do Grupo A, a sele\u00e7\u00e3o ter\u00e1 a seguinte sequ\u00eancia no mata-mata, caso chegue \u00e0 decis\u00e3o: oitavas de final na Arena Castel\u00e3o, em Fortaleza (10 de julho); quartas no Mineir\u00e3o, em Belo Horizonte (16 de julho) e semifinal em S\u00e3o Paulo.<\/p>\n<p>Se avan\u00e7ar em segundo, o Brasil jogar\u00e1 nos dias 11 de julho no Mineir\u00e3o (oitavas), 17 em Fortaleza (quartas) e 21 no Maracan\u00e3 (semifinal). A final ser\u00e1 no dia 25 de julho, tamb\u00e9m no Rio de Janeiro.<\/p>\n<p>A sele\u00e7\u00e3o feminina n\u00e3o atua no Maracan\u00e3 desde 2016, quando foi superada pela Su\u00e9cia na semifinal da Olimp\u00edada do Rio. A Neo Qu\u00edmica Arena, por sua vez, recebeu sete jogos das brasileiras desde a inaugura\u00e7\u00e3o, em 2014, com uma derrota e seis vit\u00f3rias seguidas &#8211; a \u00faltima delas em junho, por 2 a 1, contra os Estados Unidos. No Man\u00e9 Garrincha, por sua vez, o Brasil est\u00e1 invicto: sete triunfos e dois empates.<\/p>\n<p>&#8220;Espero que depois da Copa seja mais comum a sele\u00e7\u00e3o feminina atuar no Maracan\u00e3, nosso est\u00e1dio mais emblem\u00e1tico e conhecido mundialmente. Disputar o primeiro jogo ali \u00e9 uma vantagem, porque como o objetivo \u00e9 chegar na final, quanto mais jogamos no est\u00e1dio, mais testamos o gramado e a torcida&#8221;, avaliou Arthur, que, dos palcos da fase de grupos, trabalhou somente na Neo Qu\u00edmica Arena, tanto a frente do Brasil como do Corinthians, onde foi multicampe\u00e3o na modalidade.<\/p>\n<p>&#8220;L\u00e1, foram s\u00f3 vit\u00f3rias, tanto por clube como pela sele\u00e7\u00e3o. Ent\u00e3o, com certeza, ser\u00e1 um segundo jogo bastante especial, e no qual podemos encaminhar a classifica\u00e7\u00e3o para as oitavas. Importante tamb\u00e9m estimular o futebol de mulheres em Bras\u00edlia, que tem times e projetos da modalidade h\u00e1 um tempo&#8221;, finalizou o treinador.<\/p>\n<p>      <!-- Relacionada --><br \/>\n            <!-- Relacionada -->\n    <\/div>\n<p><br \/>\n<br \/><a href=\"https:\/\/agenciabrasil.ebc.com.br\/esportes\/noticia\/2026-08\/arthur-elias-aprova-logistica-em-caminho-do-brasil-na-copa-feminina\" rel=\"noopener\">Informa\u00e7\u00f5es com a Ag\u00eancia Brasil<\/a><\/p>\n","protected":false},"excerpt":{"rendered":"<p>O Brasil sai na frente dos principais concorrentes ao t\u00edtulo da Copa do Mundo Feminina do ano que vem ao saber, com anteced\u00eancia, o caminho que ter\u00e1 pela frente. \u00c9 o que o t\u00e9cnico Arthur Elias disse nesta quinta-feira (20), ap\u00f3s a confirma\u00e7\u00e3o das sedes pelas quais a sele\u00e7\u00e3o passar\u00e1 na fase de grupos do [&hellip;]<\/p>\n","protected":false},"author":1,"featured_media":75038,"comment_status":"closed","ping_status":"open","sticky":false,"template":"","format":"standard","meta":{"_jetpack_newsletter_access":"","_jetpack_dont_email_post_to_subs":false,"_jetpack_newsletter_tier_id":0,"_jetpack_memberships_contains_paywalled_content":false,"_mbp_banners":[],"_jetpack_feature_clip_id":0,"_jetpack_memberships_contains_paid_content":false,"footnotes":"","jetpack_publicize_message":"","jetpack_publicize_feature_enabled":true,"jetpack_social_post_already_shared":true,"jetpack_social_options":{"image_generator_settings":{"template":"highway","default_image_id":0,"font":"","enabled":false},"version":2},"jetpack_post_was_ever_published":false},"categories":[22],"tags":[],"class_list":["post-75037","post","type-post","status-publish","format-standard","has-post-thumbnail","category-nacional"],"jetpack_publicize_connections":[],"jetpack-related-posts":[],"jetpack_shortlink":"https:\/\/wp.me\/p7Eq1F-jwh","jetpack_sharing_enabled":true,"jetpack_featured_media_url":"https:\/\/i0.wp.com\/guialimeira.com.br\/news\/wp-content\/uploads\/2026\/08\/06-06-2026_-_brasil_vs_estados_unidos_-2946.jpg?fit=1600%2C800&ssl=1","_links":{"self":[{"href":"https:\/\/guialimeira.com.br\/news\/wp-json\/wp\/v2\/posts\/75037","targetHints":{"allow":["GET"]}}],"collection":[{"href":"https:\/\/guialimeira.com.br\/news\/wp-json\/wp\/v2\/posts"}],"about":[{"href":"https:\/\/guialimeira.com.br\/news\/wp-json\/wp\/v2\/types\/post"}],"author":[{"embeddable":true,"href":"https:\/\/guialimeira.com.br\/news\/wp-json\/wp\/v2\/users\/1"}],"replies":[{"embeddable":true,"href":"https:\/\/guialimeira.com.br\/news\/wp-json\/wp\/v2\/comments?post=75037"}],"version-history":[{"count":1,"href":"https:\/\/guialimeira.com.br\/news\/wp-json\/wp\/v2\/posts\/75037\/revisions"}],"predecessor-version":[{"id":75039,"href":"https:\/\/guialimeira.com.br\/news\/wp-json\/wp\/v2\/posts\/75037\/revisions\/75039"}],"wp:featuredmedia":[{"embeddable":true,"href":"https:\/\/guialimeira.com.br\/news\/wp-json\/wp\/v2\/media\/75038"}],"wp:attachment":[{"href":"https:\/\/guialimeira.com.br\/news\/wp-json\/wp\/v2\/media?parent=75037"}],"wp:term":[{"taxonomy":"category","embeddable":true,"href":"https:\/\/guialimeira.com.br\/news\/wp-json\/wp\/v2\/categories?post=75037"},{"taxonomy":"post_tag","embeddable":true,"href":"https:\/\/guialimeira.com.br\/news\/wp-json\/wp\/v2\/tags?post=75037"}],"curies":[{"name":"wp","href":"https:\/\/api.w.org\/{rel}","templated":true}]}}