{"id":75034,"date":"2026-08-20T23:46:40","date_gmt":"2026-08-21T02:46:40","guid":{"rendered":"https:\/\/guialimeira.com.br\/?p=75034"},"modified":"2026-08-20T23:46:40","modified_gmt":"2026-08-21T02:46:40","slug":"rn-vai-abrigar-supercomputador-brasileiro-de-inteligencia-artificial","status":"publish","type":"post","link":"https:\/\/guialimeira.com.br\/news\/rn-vai-abrigar-supercomputador-brasileiro-de-inteligencia-artificial\/","title":{"rendered":"RN vai abrigar supercomputador brasileiro de Intelig\u00eancia Artificial"},"content":{"rendered":"<p> <br \/>\n<\/p>\n<div>\n<p><strong>O Parque Cient\u00edfico e Tecnol\u00f3gico Augusto Severo, vinculado \u00e0 Universidade Federal do Rio Grande do Norte (UFRN), em Maca\u00edba, na regi\u00e3o metropolitana de Natal, foi escolhido para abrigar o novo supercomputador de intelig\u00eancia artificial (IA) que ser\u00e1 adquirido pelo governo federal ao custo de pouco mais de R$ 1 bilh\u00e3o.<\/strong><img data-recalc-dims=\"1\" decoding=\"async\" src=\"https:\/\/i0.wp.com\/agenciabrasil.ebc.com.br\/ebc.png?w=696&#038;ssl=1\" style=\"width:1px;height:1px;display:inline\" \/><img data-recalc-dims=\"1\" decoding=\"async\" src=\"https:\/\/i0.wp.com\/agenciabrasil.ebc.com.br\/ebc.gif?w=696&#038;ssl=1\" style=\"width:1px;height:1px;display:inline\" \/><\/p>\n<p>O edital p\u00fablico de concorr\u00eancia para a compra do supercomputador ser\u00e1 publicado no Di\u00e1rio Oficial da Uni\u00e3o (DOU), segundo o Minist\u00e9rio da Ci\u00eancia, Tecnologia e Inova\u00e7\u00e3o (MCTI). Os recursos s\u00e3o oriundos do Fundo Nacional de Desenvolvimento Cient\u00edfico e Tecnol\u00f3gico (FNDCT).<\/p>\n<p><strong>A infraestrutura dever\u00e1 alcan\u00e7ar 7.200 petaflops, cerca de 7,2 quintilh\u00f5es de opera\u00e7\u00f5es matem\u00e1ticas por segundo<\/strong>. Petaflop \u00e9 uma unidade usada para medir a capacidade de processamento de supercomputadores. Um petaflop corresponde a 1 quatrilh\u00e3o de opera\u00e7\u00f5es matem\u00e1ticas por segundo.<\/p>\n<p>Assim, uma m\u00e1quina de 7.200 petaflops pode realizar, em teoria, at\u00e9 7,2 quintilh\u00f5es de opera\u00e7\u00f5es de ponto flutuante por segundo. Para se ter uma ideia, a atual m\u00e1quina mais potente do pa\u00eds \u00e9 o supercomputador Santos Dumont, instalada no estado do Rio de Janeiro, que opera com 27 petaflops.<\/p>\n<p><strong>A capacidade do novo equipamento ser\u00e1 disponibilizada para empresas, universidades, institui\u00e7\u00f5es cient\u00edficas e governos para treinamento de modelos, pesquisa e desenvolvimento de aplica\u00e7\u00f5es de IA<\/strong>. A execu\u00e7\u00e3o ser\u00e1 feita pelo Laborat\u00f3rio Nacional de Computa\u00e7\u00e3o Cient\u00edfica (LNCC).<\/p>\n<p>O objetivo \u00e9 abrir espa\u00e7o para pesquisa, inova\u00e7\u00e3o, novos produtos, servi\u00e7os e neg\u00f3cios por meio da maior capacidade computacional dispon\u00edvel no Brasil.<\/p>\n<blockquote>\n<p>&#8220;A gente vai reduzir nossa depend\u00eancia. Sessenta por cento\u00a0de tudo que \u00e9 processado da intelig\u00eancia brasileira \u00e9 feito fora, e agora vamos poder processar aqui&#8221;, destacou a ministra Luciana Santos, do MCTI, ao acrescentar\u00a0que o supercomputador estar\u00e1 entre os 10 mais potentes do planeta.<\/p>\n<\/blockquote>\n<p>Segundo a ministra, o edital prev\u00ea contrapartidas relacionadas a transfer\u00eancia de tecnologia, capacita\u00e7\u00e3o, pesquisa e desenvolvimento, conte\u00fado local e participa\u00e7\u00e3o de fornecedores brasileiros, com previs\u00e3o de capacitar 5 mil brasileiros em cinco anos.<\/p>\n<p>A medida integra o <a href=\"https:\/\/agenciabrasil.ebc.com.br\/politica\/noticia\/2025-05\/governo-cria-grupo-para-coordenar-plano-de-inteligencia-artificial\" target=\"_blank\" rel=\"noopener\">Plano Brasileiro de Intelig\u00eancia Artificial (PBIA)<\/a>, que re\u00fane a\u00e7\u00f5es para ampliar a infraestrutura tecnol\u00f3gica do pa\u00eds, a forma\u00e7\u00e3o de profissionais, a transfer\u00eancia de tecnologia e fortalecer governan\u00e7a e a soberania digital.<\/p>\n<p>&#8220;N\u00f3s vamos provar que os brasileiros, nossos acad\u00eamicos e a juventude, n\u00e3o devem nada a ningu\u00e9m. S\u00f3 precisam de oportunidade, \u00e9 isso que queremos garantir com o supercomputador&#8221;, afirmou o presidente Luiz In\u00e1cio Lula da Silva,\u00a0durante o evento que marcou o an\u00fancio do novo equipamento.<\/p>\n<p>A escolha pelo Nordeste teve como fundamento o esfor\u00e7o de reduzir as desigualdades regionais no campo tecnol\u00f3gico\u00a0e a abund\u00e2ncia de energia renov\u00e1vel. O estado \u00e9 l\u00edder na produ\u00e7\u00e3o de energia e\u00f3lica.<\/p>\n<h2>Chips de c\u00f3digo aberto<\/h2>\n<p><strong>Outra iniciativa \u00e9 o desenvolvimento de chips com arquitetura aberta RISC-V, para reduzir a depend\u00eancia de arquiteturas propriet\u00e1rias.<\/strong> O esfor\u00e7o envolve uma parceria com cerca de 70 pa\u00edses e estimativa de 10 a 15 anos de desenvolvimento.<\/p>\n<p>Segundo o MCTI, essa frente ser\u00e1 conduzida pelo Instituto Eldorado, de Campinas (SP), em coopera\u00e7\u00e3o com o ecossistema de inova\u00e7\u00e3o de Barcelona, na Espanha, e busca ampliar o dom\u00ednio brasileiro sobre tecnologias cr\u00edticas para a computa\u00e7\u00e3o de alto desempenho e a intelig\u00eancia artificial.<\/p>\n<h2>Transfer\u00eancia tecnol\u00f3gica<\/h2>\n<p>Uma outra coopera\u00e7\u00e3o tecnol\u00f3gica tamb\u00e9m envolver\u00e1 uma infraestrutura de supercomputa\u00e7\u00e3o no Rio de Janeiro, por meio da Rede Nacional de Ensino e Pesquisa (RNP), em parceria com as chinesas Huawei e Iflytek.<\/p>\n<p>A iniciativa pretende ampliar a capacidade de processamento com transfer\u00eancia de tecnologia, parcerias de pesquisa e desenvolvimento, forma\u00e7\u00e3o de profissionais e desenvolvimento de uma pilha de software soberana.<\/p>\n<p>Tamb\u00e9m est\u00e1 previsto o desenvolvimento de um modelo de linguagem de grande escala (LLM) nacional e de modelos de intelig\u00eancia artificial em portugu\u00eas, permitindo criar solu\u00e7\u00f5es mais adequadas ao idioma, aos dados e \u00e0s necessidades brasileiras. Neste caso, o investimento p\u00fablico \u00a0\u00e9 estimado em R$ 1,276 bilh\u00e3o ao longo de cinco anos e o in\u00edcio das opera\u00e7\u00f5es est\u00e1 previsto para julho de 2027.<\/p>\n<p>Em julho, o governo brasileiro assinou o <a href=\"https:\/\/agenciabrasil.ebc.com.br\/internacional\/noticia\/2026-07\/brasil-deve-aproveitar-alianca-com-china-para-soberania-digital-em-ia\" target=\"_blank\" rel=\"noopener\">documento de cria\u00e7\u00e3o da Organiza\u00e7\u00e3o Mundial de Coopera\u00e7\u00e3o em Intelig\u00eancia Artificial (Waico)<\/a>, com sede em Xangai, na China. O objetivo da iniciativa \u00e9 desenvolver uma governan\u00e7a global de IA por meio de modelos com c\u00f3digo aberto, que permitem a apropria\u00e7\u00e3o da tecnologia por qualquer empresa ou organiza\u00e7\u00e3o.<\/p>\n<h2>Nuvem brasileira<\/h2>\n<p>O evento no RN tamb\u00e9m marcou a assinatura de um acordo de coopera\u00e7\u00e3o entre o Minist\u00e9rio da Gest\u00e3o e da Inova\u00e7\u00e3o em Servi\u00e7os P\u00fablicos (MGI), a Ag\u00eancia Brasileira de Desenvolvimento Industrial (ABDI), o Serpro e o Banco Nacional de Desenvolvimento Econ\u00f4mico e Social (BNDES) para estrutura\u00e7\u00e3o de um proeto para criar uma alternativa brasileira para armazenamento e processamento de dados e sistemas.<\/p>\n<p>A ideia \u00e9 reduzir a depend\u00eancia de grandes provedores estrangeiros na guarda de dados computacionais.<\/p>\n<p>      <!-- Relacionada --><\/p>\n<p>            <!-- Relacionada -->\n    <\/div>\n<p><br \/>\n<br \/><a href=\"https:\/\/agenciabrasil.ebc.com.br\/economia\/noticia\/2026-08\/rn-vai-abrigar-supercomputador-brasileiro-de-inteligencia-artificial\" rel=\"noopener\">Informa\u00e7\u00f5es com a Ag\u00eancia Brasil<\/a><\/p>\n","protected":false},"excerpt":{"rendered":"<p>O Parque Cient\u00edfico e Tecnol\u00f3gico Augusto Severo, vinculado \u00e0 Universidade Federal do Rio Grande do Norte (UFRN), em Maca\u00edba, na regi\u00e3o metropolitana de Natal, foi escolhido para abrigar o novo supercomputador de intelig\u00eancia artificial (IA) que ser\u00e1 adquirido pelo governo federal ao custo de pouco mais de R$ 1 bilh\u00e3o. O edital p\u00fablico de concorr\u00eancia [&hellip;]<\/p>\n","protected":false},"author":1,"featured_media":75035,"comment_status":"closed","ping_status":"open","sticky":false,"template":"","format":"standard","meta":{"_jetpack_newsletter_access":"","_jetpack_dont_email_post_to_subs":false,"_jetpack_newsletter_tier_id":0,"_jetpack_memberships_contains_paywalled_content":false,"_mbp_banners":[],"_jetpack_feature_clip_id":0,"_jetpack_memberships_contains_paid_content":false,"footnotes":"","jetpack_publicize_message":"","jetpack_publicize_feature_enabled":true,"jetpack_social_post_already_shared":true,"jetpack_social_options":{"image_generator_settings":{"template":"highway","default_image_id":0,"font":"","enabled":false},"version":2},"jetpack_post_was_ever_published":false},"categories":[22],"tags":[],"class_list":["post-75034","post","type-post","status-publish","format-standard","has-post-thumbnail","category-nacional"],"jetpack_publicize_connections":[],"jetpack-related-posts":[],"jetpack_shortlink":"https:\/\/wp.me\/p7Eq1F-jwe","jetpack_sharing_enabled":true,"jetpack_featured_media_url":"https:\/\/i0.wp.com\/guialimeira.com.br\/news\/wp-content\/uploads\/2026\/08\/supercomputador.jpg?fit=1600%2C800&ssl=1","_links":{"self":[{"href":"https:\/\/guialimeira.com.br\/news\/wp-json\/wp\/v2\/posts\/75034","targetHints":{"allow":["GET"]}}],"collection":[{"href":"https:\/\/guialimeira.com.br\/news\/wp-json\/wp\/v2\/posts"}],"about":[{"href":"https:\/\/guialimeira.com.br\/news\/wp-json\/wp\/v2\/types\/post"}],"author":[{"embeddable":true,"href":"https:\/\/guialimeira.com.br\/news\/wp-json\/wp\/v2\/users\/1"}],"replies":[{"embeddable":true,"href":"https:\/\/guialimeira.com.br\/news\/wp-json\/wp\/v2\/comments?post=75034"}],"version-history":[{"count":1,"href":"https:\/\/guialimeira.com.br\/news\/wp-json\/wp\/v2\/posts\/75034\/revisions"}],"predecessor-version":[{"id":75036,"href":"https:\/\/guialimeira.com.br\/news\/wp-json\/wp\/v2\/posts\/75034\/revisions\/75036"}],"wp:featuredmedia":[{"embeddable":true,"href":"https:\/\/guialimeira.com.br\/news\/wp-json\/wp\/v2\/media\/75035"}],"wp:attachment":[{"href":"https:\/\/guialimeira.com.br\/news\/wp-json\/wp\/v2\/media?parent=75034"}],"wp:term":[{"taxonomy":"category","embeddable":true,"href":"https:\/\/guialimeira.com.br\/news\/wp-json\/wp\/v2\/categories?post=75034"},{"taxonomy":"post_tag","embeddable":true,"href":"https:\/\/guialimeira.com.br\/news\/wp-json\/wp\/v2\/tags?post=75034"}],"curies":[{"name":"wp","href":"https:\/\/api.w.org\/{rel}","templated":true}]}}